{"id":44445,"date":"2011-12-18T08:01:06","date_gmt":"2011-12-18T06:01:06","guid":{"rendered":"http:\/\/www.korhanyilmaz.com\/?p=44445"},"modified":"2011-12-19T13:00:22","modified_gmt":"2011-12-19T11:00:22","slug":"uzuuuun-uzun-anlatmayayim","status":"publish","type":"post","link":"http:\/\/www.korhanyilmaz.com\/?p=44445","title":{"rendered":"Uzuuuun uzun anlatmayay\u0131m"},"content":{"rendered":"<div id=\"attachment_37365\" style=\"width: 115px\" class=\"wp-caption alignright\"><a href=\"http:\/\/www.korhanyilmaz.com\/wp-content\/uploads\/2011\/07\/257.jpg\"  class=\"lightview\"><img loading=\"lazy\" decoding=\"async\" aria-describedby=\"caption-attachment-37365\" class=\" wp-image-37365 \" title=\"Y\u0131lmaz \u00d6zdil - H\u00fcrriyet Gazetesi\" src=\"http:\/\/www.korhanyilmaz.com\/wp-content\/uploads\/2011\/07\/257.jpg\" alt=\"\" width=\"105\" height=\"112\" \/><\/a><p id=\"caption-attachment-37365\" class=\"wp-caption-text\">Y\u0131lmaz \u00d6zdil<\/p><\/div>\n<p style=\"text-align: justify;\">T\u00fcrkiye\u2019de&#8230;<\/p>\n<p style=\"text-align: justify;\">\u201c<strong>Sava\u015f su\u00e7lusu<\/strong>\u201d ilan edilen<\/p>\n<p style=\"text-align: justify;\"><strong>Sabiha G\u00f6k\u00e7en<\/strong> Havaliman\u0131\u2019ndan Ankara\u2019ya inen Ba\u015fbakan\u0131m\u0131z,<\/p>\n<p style=\"text-align: justify;\">\u201c<strong>Hitler<\/strong>\u201de benzetilen \u0130smet \u0130n\u00f6n\u00fc\u2019n\u00fcn \u00f6n\u00fcnden ge\u00e7ip, \u201c<strong>diktat\u00f6r<\/strong>\u201d damgas\u0131 yap\u0131\u015ft\u0131r\u0131lan Atat\u00fcrk\u2019\u00fcn mozolesine \u00e7i\u00e7ek koyduktan sonra, \u201c<strong>katliam<\/strong>\u201d ar\u015fivlerini a\u00e7mamakla su\u00e7lanan Genelkurmay\u2019a\u00a0gelip, \u201c<strong>soyk\u0131r\u0131m<\/strong>\u201dc\u0131 denilen Fevzi \u00c7akmak Salonu\u2019nda YA\u015e\u2019a kat\u0131ld\u0131.<\/p>\n<p style=\"text-align: justify;\">Bilahare&#8230;<!--more--><\/p>\n<p style=\"text-align: justify;\">Sarkozy\u2019ye mektup yazan<\/p>\n<p style=\"text-align: justify;\">Ba\u015fbakan\u0131m\u0131z, \u201c<strong>T\u00fcrkiye\u2019de soyk\u0131r\u0131m yok<\/strong>\u201d diyeni hapse t\u0131kacak yasaya dikkat \u00e7ekti, T\u00fcrk ulusunu hedef alan hasmane tutumlar\u0131 hayretle kar\u015f\u0131lad\u0131\u011f\u0131n\u0131 s\u00f6yledi.<\/p>\n<p style=\"text-align: justify;\">Yetmez ama evet yani.<\/p>\n<p style=\"text-align: justify;\">Akl\u0131n\u0131zda bulunsun&#8230;<\/p>\n<p style=\"text-align: justify;\">Frans\u0131zca oui yaz\u0131l\u0131yor.<\/p>\n<p style=\"text-align: justify;\">V\u0131yyy diye okunuyor!<\/p>\n<p style=\"text-align: justify;\"><a href=\"http:\/\/www.hurriyet.com.tr\/yazarlar\/19490456.asp\" target=\"_blank\">Kaynak : H\u00fcrriyet.com.tr<\/a><\/p>\n","protected":false},"excerpt":{"rendered":"<p id=\"caption-attachment-37365\" class=\"wp-caption-text\">Y\u0131lmaz \u00d6zdil<\/p>\n<p style=\"text-align: justify;\">T\u00fcrkiye\u2019de&#8230;<\/p>\n<p style=\"text-align: justify;\">\u201cSava\u015f su\u00e7lusu\u201d ilan edilen<\/p>\n<p style=\"text-align: justify;\">Sabiha G\u00f6k\u00e7en Havaliman\u0131\u2019ndan Ankara\u2019ya inen Ba\u015fbakan\u0131m\u0131z,<\/p>\n<p style=\"text-align: justify;\">\u201cHitler\u201de benzetilen \u0130smet \u0130n\u00f6n\u00fc\u2019n\u00fcn \u00f6n\u00fcnden ge\u00e7ip, \u201cdiktat\u00f6r\u201d damgas\u0131 yap\u0131\u015ft\u0131r\u0131lan Atat\u00fcrk\u2019\u00fcn mozolesine \u00e7i\u00e7ek koyduktan sonra, \u201ckatliam\u201d ar\u015fivlerini a\u00e7mamakla su\u00e7lanan Genelkurmay\u2019a gelip, \u201csoyk\u0131r\u0131m\u201dc\u0131 denilen Fevzi \u00c7akmak Salonu\u2019nda YA\u015e\u2019a kat\u0131ld\u0131.<\/p>\n<p style=\"text-align: justify;\">Bilahare&#8230;<\/p>\n","protected":false},"author":1,"featured_media":0,"comment_status":"open","ping_status":"open","sticky":false,"template":"","format":"standard","meta":{"footnotes":""},"categories":[16],"tags":[30],"class_list":["post-44445","post","type-post","status-publish","format-standard","hentry","category-kose-yazilari","tag-yilmaz-ozdil","odd"],"_links":{"self":[{"href":"http:\/\/www.korhanyilmaz.com\/index.php?rest_route=\/wp\/v2\/posts\/44445","targetHints":{"allow":["GET"]}}],"collection":[{"href":"http:\/\/www.korhanyilmaz.com\/index.php?rest_route=\/wp\/v2\/posts"}],"about":[{"href":"http:\/\/www.korhanyilmaz.com\/index.php?rest_route=\/wp\/v2\/types\/post"}],"author":[{"embeddable":true,"href":"http:\/\/www.korhanyilmaz.com\/index.php?rest_route=\/wp\/v2\/users\/1"}],"replies":[{"embeddable":true,"href":"http:\/\/www.korhanyilmaz.com\/index.php?rest_route=%2Fwp%2Fv2%2Fcomments&post=44445"}],"version-history":[{"count":0,"href":"http:\/\/www.korhanyilmaz.com\/index.php?rest_route=\/wp\/v2\/posts\/44445\/revisions"}],"wp:attachment":[{"href":"http:\/\/www.korhanyilmaz.com\/index.php?rest_route=%2Fwp%2Fv2%2Fmedia&parent=44445"}],"wp:term":[{"taxonomy":"category","embeddable":true,"href":"http:\/\/www.korhanyilmaz.com\/index.php?rest_route=%2Fwp%2Fv2%2Fcategories&post=44445"},{"taxonomy":"post_tag","embeddable":true,"href":"http:\/\/www.korhanyilmaz.com\/index.php?rest_route=%2Fwp%2Fv2%2Ftags&post=44445"}],"curies":[{"name":"wp","href":"https:\/\/api.w.org\/{rel}","templated":true}]}}