{"id":44441,"date":"2011-12-19T08:05:51","date_gmt":"2011-12-19T06:05:51","guid":{"rendered":"http:\/\/www.korhanyilmaz.com\/?p=44441"},"modified":"2011-12-19T12:50:32","modified_gmt":"2011-12-19T10:50:32","slug":"sorun-siyasi-ahlak-ile-ilgiliydi","status":"publish","type":"post","link":"http:\/\/www.korhanyilmaz.com\/?p=44441","title":{"rendered":"Sorun \u2018siyasi ahlak\u2019 ile ilgiliydi"},"content":{"rendered":"<div id=\"attachment_38062\" style=\"width: 103px\" class=\"wp-caption alignright\"><img loading=\"lazy\" decoding=\"async\" aria-describedby=\"caption-attachment-38062\" class=\" wp-image-38062 \" title=\"Mehmet Y.Y\u0131lmaz - H\u00fcrriyet Gazetesi\" src=\"http:\/\/www.korhanyilmaz.com\/wp-content\/uploads\/2011\/08\/5037.jpg\" alt=\"\" width=\"93\" height=\"93\" \/><p id=\"caption-attachment-38062\" class=\"wp-caption-text\">Mehmet Y.Y\u0131lmaz<\/p><\/div>\n<p style=\"text-align: justify;\">CUMHURBA\u015eKANI Abdullah G\u00fcl\u2019\u00fcn g\u00f6rev s\u00fcresinin ne kadar oldu\u011fu ile ilgili en somut a\u00e7\u0131klamay\u0131 Ba\u015fbakan Recep Tayyip Erdo\u011fan yapt\u0131: \u201cD\u00fc\u015f\u00fcncemiz yedi y\u0131ld\u0131r\u201d dedi!<\/p>\n<p style=\"text-align: justify;\">Ba\u015fbakan Recep Tayyip Erdo\u011fan\u2019\u0131n i\u015fi ger\u00e7ekten \u00e7ok zor!<\/p>\n<p style=\"text-align: justify;\">Ba\u015fbakan olarak h\u00fck\u00fcmet meselelerini d\u00fc\u015f\u00fcnmek ve karar vermek zorunda. Y\u00fcksek Se\u00e7im Kurulu yerine de o d\u00fc\u015f\u00fcn\u00fcp, karar al\u0131yor. Elbette TBMM\u2019deki \u00e7o\u011funluk ad\u0131na da d\u00fc\u015f\u00fcn\u00fcp karar vermek zorunda.<\/p>\n<p style=\"text-align: justify;\">Hatta bazen Kars\u2019ta oldu\u011fu gibi \u201cbelediye ba\u015fkanlar\u0131n\u0131n yerine d\u00fc\u015f\u00fcnd\u00fc\u011f\u00fc\u201d de olabiliyor.<!--more--><\/p>\n<p style=\"text-align: justify;\">\u201cBir insana bu kadar y\u00fck y\u00fcklenir mi\u201d diye hay\u0131flanmay\u0131n, \u00e7\u00fcnk\u00fc bu onun tercihi.<\/p>\n<p style=\"text-align: justify;\">Etraf\u0131na d\u00fc\u015f\u00fcnme zahmetine girmeyerek, kendi a\u011fz\u0131na bakanlar\u0131 toplaman\u0131n do\u011fal bir sonucu bu.<\/p>\n<p style=\"text-align: justify;\">\u201cT\u00fcrkiye\u2019nin tek d\u00fc\u015f\u00fcn\u00fcc\u00fcs\u00fc\u201d Cumhurba\u015fkanl\u0131\u011f\u0131 se\u00e7imi i\u00e7in 2014\u2019\u00fc i\u015faret etti\u011fine g\u00f6re art\u0131k herkes rahatlar. TBMM Ba\u015fkan\u0131\u2019ndan tutun da, YSK\u2019ya kadar geni\u015f bir kitle! Elbette Abdullah G\u00fcl de rahatlar, \u00e7\u00fcnk\u00fc o da bilmiyordu ne kadar s\u00fcreyle g\u00f6revde kalaca\u011f\u0131n\u0131!<\/p>\n<p style=\"text-align: justify;\">\u015eimdi bir hukuk tart\u0131\u015fmas\u0131 i\u00e7ine girecek de\u011filim. \u201cSe\u00e7imle gelinen kamu g\u00f6revlerinde bu t\u00fcr kazan\u0131lm\u0131\u015f haklardan\u201d s\u00f6z edilip edilemeyece\u011fini umursam\u0131yorum. \u00c7\u00fcnk\u00fc T\u00fcrkiye\u2019de art\u0131k \u201chukuk\u201dtan s\u00f6z edemiyoruz, \u201ciki dudak aras\u0131 hukuku\u201d h\u00e2kim!<\/p>\n<p style=\"text-align: justify;\">Benim a\u00e7\u0131mdan bu mesele her \u015feyden \u00f6nce bir siyasi ahlak sorunudur.<\/p>\n<p style=\"text-align: justify;\">\u201cSiyasi etik\u201d de yazabilirdim, \u00f6ylesi daha \u015f\u0131k g\u00f6r\u00fcn\u00fcrd\u00fc ama bu \u015f\u0131k g\u00f6r\u00fcnt\u00fc kelimenin i\u00e7erdi\u011fi anlam\u0131 da hafifletiyor sanki!<\/p>\n<p style=\"text-align: justify;\">TBMM\u2019nin g\u00f6rev s\u00fcresini 4 y\u0131la, Cumhurba\u015fkan\u0131\u2019n\u0131n da g\u00f6rev s\u00fcresini iki kere se\u00e7ilebilme hakk\u0131yla birlikte be\u015f y\u0131la indiren Anayasa de\u011fi\u015fikli\u011fi halkoyuna sunuldu\u011funda, g\u00f6revdeki TBMM 5 y\u0131l, Cumhurba\u015fkan\u0131 7 y\u0131l i\u00e7in se\u00e7ilmi\u015fti.<\/p>\n<p style=\"text-align: justify;\">Halk\u0131n tercihini bu y\u00f6nde kullanmas\u0131 \u00fczerine TBMM se\u00e7im karar\u0131 ald\u0131, d\u00f6rd\u00fcnc\u00fc y\u0131l\u0131 dolmu\u015ftu, yeniden se\u00e7ime giderek halk iradesine sayg\u0131 g\u00f6sterdi.<\/p>\n<p style=\"text-align: justify;\">Benzeri bir karar\u0131 Cumhurba\u015fkan\u0131\u2019n\u0131n daha o zaman almas\u0131 gerekirdi. \u201cHalk be\u015f y\u0131l s\u00fcreyle Cumhurba\u015fkan\u0131\u2019n\u0131 kendisi se\u00e7meye karar verdi, bu karara sayg\u0131 duyuyor ve halk\u0131n yeni Cumhurba\u015fkan\u0131\u2019n\u0131 se\u00e7mesi i\u00e7in g\u00f6revimden \u00e7ekiliyorum\u201d demeliydi.<\/p>\n<p style=\"text-align: justify;\">O tarihte her \u015fey yeniden aday olup, halk taraf\u0131ndan se\u00e7ilmesine de uygundu \u00fcstelik!<\/p>\n<p style=\"text-align: justify;\">Ama bunu yapmad\u0131. Ba\u015fbakan Erdo\u011fan\u2019\u0131n gelece\u011fe y\u00f6nelik siyasi hesaplar\u0131 i\u00e7in \u00fclkenin en \u00fcst makam\u0131n\u0131 siyasi bir tart\u0131\u015fman\u0131n i\u00e7inde b\u0131rakmay\u0131 tercih etti.<\/p>\n<p style=\"text-align: justify;\">\u015eimdi \u00f6n\u00fcm\u00fczdeki g\u00fcnlerdeki tart\u0131\u015fmalarda s\u0131k s\u0131k bunu duyaca\u011f\u0131z: \u201cCumhurba\u015fkanl\u0131\u011f\u0131 makam\u0131n\u0131n sayg\u0131nl\u0131\u011f\u0131na g\u00f6lge d\u00fc\u015f\u00fcrmeyelim!\u201d<\/p>\n<p style=\"text-align: justify;\">Bir t\u00fcr \u201ctavuk mu yumurtadan, yumurta m\u0131 tavuktan \u00e7\u0131kar\u201d tart\u0131\u015fmas\u0131na d\u00f6necek elbette.<\/p>\n<p style=\"text-align: justify;\">Sayg\u0131nl\u0131\u011f\u0131 kim zedeledi? Sayg\u0131nl\u0131k zedelendi\u011fi i\u00e7in mi zedelenmeye devam ediyor, zedelenmeye devam edildi\u011fi i\u00e7in mi zedeleniyor?<\/p>\n<p style=\"text-align: justify;\"><span style=\"color: #993300; font-size: small;\"><strong>Y\u0131llar\u0131 bo\u015fa harcad\u0131k\u00a0<\/strong><\/span><\/p>\n<p style=\"text-align: justify;\">ERMEN\u0130 milliyet\u00e7ilerin hedefinin 2015 y\u0131l\u0131 oldu\u011fu bir s\u0131r de\u011fil.<\/p>\n<p style=\"text-align: justify;\">1915 olaylar\u0131n\u0131n 100. Y\u0131ld\u00f6n\u00fcm\u00fcnde d\u00fcnyan\u0131n b\u00fcy\u00fck b\u00f6l\u00fcm\u00fcn\u00fcn bunu bir \u201csoyk\u0131r\u0131m\u201d olarak kabul etmesini hedefliyorlar.<\/p>\n<p style=\"text-align: justify;\">Kimi yerde para, kimi yerde oy, kimi yerde de etkili halkla ili\u015fkiler kampanyalar\u0131 y\u00fcr\u00fcterek de bu ama\u00e7lar\u0131na ad\u0131m ad\u0131m ilerliyorlar.<\/p>\n<p style=\"text-align: justify;\">Herkesin g\u00f6z\u00fcn\u00fcn \u00f6n\u00fcnde cereyan eden bu plana kar\u015f\u0131 bizim dokuz y\u0131ld\u0131r tek ba\u015f\u0131na iktidarda olan h\u00fck\u00fcmetimizin yapabildi\u011fi tek \u015fey kurus\u0131k\u0131 tehditten ibaret.<\/p>\n<p style=\"text-align: justify;\">Bu s\u00fcre i\u00e7inde bir\u00e7ok kez meselenin bu boyutuna dikkat \u00e7ekmeye \u00e7al\u0131\u015ft\u0131m, d\u00fcnya \u00f6l\u00e7e\u011finde y\u00fcr\u00fct\u00fclecek kapsaml\u0131 bir halkla ili\u015fkiler kampanyas\u0131yla T\u00fcrkiye\u2019nin tezinin anlat\u0131lmas\u0131 gerekti\u011fini yazd\u0131m. Ama i\u015fe yaramad\u0131 \u00e7\u00fcnk\u00fc en ba\u015f\u0131nda bunu kavrayacak bir h\u00fck\u00fcmet ortada yok, ikincisi T\u00fcrkiye\u2019nin bu konuda ortaya koyabilece\u011fi derli toplu inand\u0131r\u0131c\u0131 bir tezi yok.<\/p>\n<p style=\"text-align: justify;\">\u00dcniversitelerimizde bununla ilgili \u00e7al\u0131\u015fmalar\u0131n \u00e7o\u011funlu\u011fu \u00e7i\u011f bir \u015fovenizmden ibaret ve tehcir s\u0131ras\u0131nda i\u015flenmi\u015f olabilecek su\u00e7lar\u0131 pe\u015finen g\u00f6rmezden gelmeye y\u00f6nelik.<\/p>\n<p style=\"text-align: justify;\">Y\u0131llar\u0131m\u0131z\u0131 bo\u015fa harcad\u0131k ve \u015fimdi yumurta bu kez Fransa\u2019da kap\u0131ya geldi.<\/p>\n<p style=\"text-align: justify;\">Ve Sarkozy gibi oport\u00fcnist bir politikac\u0131n\u0131n elinde bunun nas\u0131l sonu\u00e7lanaca\u011f\u0131n\u0131 tahmin etmek de zor de\u011fil.<\/p>\n<p style=\"text-align: justify;\">\u015e\u00f6yle d\u00fc\u015f\u00fcnecektir: \u201cErmenilerin oyunu alarak se\u00e7ilirsem ileride T\u00fcrkiye\u2019yi idare etmenin yolunu nas\u0131l olsa bulurum. Se\u00e7ilemezsem de Fransa T\u00fcrkiye ili\u015fkilerinden bana ne?\u201d<\/p>\n<p style=\"text-align: justify;\"><span style=\"font-size: small; color: #993300;\"><strong>Kral\u0131n hediyeleri meselesi Yeni Sezon 1. B\u00f6l\u00fcm\u00a0<\/strong><\/span><\/p>\n<p style=\"text-align: justify;\">MAL\u0130YE Bakan\u0131 Mehmet \u015eim\u015fek, TBMM\u2019deki b\u00fct\u00e7e g\u00f6r\u00fc\u015fmeleri s\u0131ras\u0131nda Cumhurba\u015fkan\u0131, Ba\u015fbakan ve Bakanlara verilen hediyeler ile ilgili bir a\u00e7\u0131klama yapt\u0131. Bakan \u015eim\u015fek \u201cAsgari \u00fccretin 10 kat\u0131 de\u011ferini a\u015fan hediyelerin\u201d ilgili kuruma teslim edilmesi ve beyanname verilmesi gerekti\u011fini s\u00f6yl\u00fcyor.<\/p>\n<p style=\"text-align: justify;\">Bu durumda bu y\u0131l i\u00e7in beyan edilip, ilgili kuruma teslim edilmesi gereken hediye s\u0131n\u0131r\u0131 6 bin 589 lira 50 kuru\u015f!<\/p>\n<p style=\"text-align: justify;\">Bakan beyan edilen hediyeler ile ilgili bir istatistik olmad\u0131\u011f\u0131n\u0131, kurumlara bunu tek tek sormak gerekti\u011fini de s\u00f6yl\u00fcyor.<\/p>\n<p style=\"text-align: justify;\">Bakan Bey o s\u0131ralarda \u0130ngiltere\u2019de olabilir, hat\u0131rlam\u0131yorum, ama ben bununla ilgili olarak aylar boyunca burada soru sordum, suyu kesilmi\u015f musluklar\u0131n \u00e7\u0131kard\u0131\u011f\u0131 sese benzer bir yan\u0131t ald\u0131m: T\u0131ssssss!<\/p>\n<p style=\"text-align: justify;\">Suudi Arabistan Kral\u0131, Bakan Bey de biliyordur, hediye konusunda kimine g\u00f6re \u201cbonk\u00f6r\u201d, kimine g\u00f6re \u201cg\u00f6rg\u00fcs\u00fcz\u201d!<\/p>\n<p style=\"text-align: justify;\">E\u011fer hediye verileni zor duruma b\u0131rakacak bir arma\u011fan se\u00e7tiyseniz g\u00f6rg\u00fcs\u00fczl\u00fckle nitelenmeyi de g\u00f6ze almal\u0131s\u0131n\u0131z, \u00e7\u00fcnk\u00fc bu ay\u0131pt\u0131r.<\/p>\n<p style=\"text-align: justify;\">Suudi Kral\u0131 bunu hep yap\u0131yor. Ziyarete gitti\u011fi devletlerin y\u00f6neticileri ve e\u015flerine pahal\u0131 m\u00fccevherler veriyor.<\/p>\n<p style=\"text-align: justify;\">\u0130ngiltere\u2019de, ABD\u2019de hatta Ekvador\u2019da y\u00fcz binlerce dolarl\u0131k m\u00fccevherler verdi\u011fini \u00f6\u011frenmi\u015ftik, bir tek T\u00fcrkiye\u2019de da\u011f\u0131tt\u0131\u011f\u0131 hediyelerin ne oldu\u011funu ve de\u011ferlerini \u00f6\u011frenememi\u015ftik.<\/p>\n<p style=\"text-align: justify;\">Bu konuda onlarca soru \u00f6nergesi verildi, ben belki bin tane yaz\u0131 yazd\u0131m, fos \u00e7\u0131kt\u0131, yan\u0131t alamad\u0131k.<\/p>\n<p style=\"text-align: justify;\">Buradan beyan edilmedikleri sonucunu da \u00e7\u0131kart\u0131yorum tabii. Beyan edilmi\u015f olsa, neden a\u00e7\u0131klanmas\u0131n?<\/p>\n<p style=\"text-align: justify;\">Bakan Bey\u2019in bilgisine ve ilgisine sunar\u0131m!<\/p>\n<p style=\"text-align: justify;\">\n<p style=\"text-align: justify;\">Pazartesinin geleneksel sorusu:<\/p>\n<p style=\"text-align: justify;\">KPSS \u00e7etesi neden h\u00e2l\u00e2 yakalanamad\u0131?<\/p>\n<p style=\"text-align: justify;\"><a href=\"http:\/\/www.hurriyet.com.tr\/yazarlar\/19495727.asp\" target=\"_blank\">Kaynak : H\u00fcrriyet.com.tr<\/a><\/p>\n","protected":false},"excerpt":{"rendered":"<p id=\"caption-attachment-38062\" class=\"wp-caption-text\">Mehmet Y.Y\u0131lmaz<\/p>\n<p style=\"text-align: justify;\">CUMHURBA\u015eKANI Abdullah G\u00fcl\u2019\u00fcn g\u00f6rev s\u00fcresinin ne kadar oldu\u011fu ile ilgili en somut a\u00e7\u0131klamay\u0131 Ba\u015fbakan Recep Tayyip Erdo\u011fan yapt\u0131: \u201cD\u00fc\u015f\u00fcncemiz yedi y\u0131ld\u0131r\u201d dedi!<\/p>\n<p style=\"text-align: justify;\">Ba\u015fbakan Recep Tayyip Erdo\u011fan\u2019\u0131n i\u015fi ger\u00e7ekten \u00e7ok zor!<\/p>\n<p style=\"text-align: justify;\">Ba\u015fbakan olarak h\u00fck\u00fcmet meselelerini d\u00fc\u015f\u00fcnmek ve karar vermek zorunda. Y\u00fcksek Se\u00e7im Kurulu yerine de o <\/p>\n","protected":false},"author":1,"featured_media":0,"comment_status":"open","ping_status":"open","sticky":false,"template":"","format":"standard","meta":{"footnotes":""},"categories":[16],"tags":[],"class_list":["post-44441","post","type-post","status-publish","format-standard","hentry","category-kose-yazilari","odd"],"_links":{"self":[{"href":"http:\/\/www.korhanyilmaz.com\/index.php?rest_route=\/wp\/v2\/posts\/44441","targetHints":{"allow":["GET"]}}],"collection":[{"href":"http:\/\/www.korhanyilmaz.com\/index.php?rest_route=\/wp\/v2\/posts"}],"about":[{"href":"http:\/\/www.korhanyilmaz.com\/index.php?rest_route=\/wp\/v2\/types\/post"}],"author":[{"embeddable":true,"href":"http:\/\/www.korhanyilmaz.com\/index.php?rest_route=\/wp\/v2\/users\/1"}],"replies":[{"embeddable":true,"href":"http:\/\/www.korhanyilmaz.com\/index.php?rest_route=%2Fwp%2Fv2%2Fcomments&post=44441"}],"version-history":[{"count":0,"href":"http:\/\/www.korhanyilmaz.com\/index.php?rest_route=\/wp\/v2\/posts\/44441\/revisions"}],"wp:attachment":[{"href":"http:\/\/www.korhanyilmaz.com\/index.php?rest_route=%2Fwp%2Fv2%2Fmedia&parent=44441"}],"wp:term":[{"taxonomy":"category","embeddable":true,"href":"http:\/\/www.korhanyilmaz.com\/index.php?rest_route=%2Fwp%2Fv2%2Fcategories&post=44441"},{"taxonomy":"post_tag","embeddable":true,"href":"http:\/\/www.korhanyilmaz.com\/index.php?rest_route=%2Fwp%2Fv2%2Ftags&post=44441"}],"curies":[{"name":"wp","href":"https:\/\/api.w.org\/{rel}","templated":true}]}}