{"id":44421,"date":"2011-12-18T22:21:27","date_gmt":"2011-12-18T20:21:27","guid":{"rendered":"http:\/\/www.korhanyilmaz.com\/?p=44421"},"modified":"2011-12-19T12:22:40","modified_gmt":"2011-12-19T10:22:40","slug":"zeybekten-hukumete-cok-agir-elestiriler","status":"publish","type":"post","link":"http:\/\/www.korhanyilmaz.com\/?p=44421","title":{"rendered":"Zeybek\u2019ten h\u00fck\u00fcmete \u00e7ok a\u011f\u0131r ele\u015ftiriler"},"content":{"rendered":"<p style=\"text-align: center;\"><a href=\"http:\/\/www.korhanyilmaz.com\/wp-content\/uploads\/2011\/12\/8644.jpg\"  class=\"lightview\"><img loading=\"lazy\" decoding=\"async\" class=\"aligncenter  wp-image-44422\" src=\"http:\/\/www.korhanyilmaz.com\/wp-content\/uploads\/2011\/12\/8644.jpg\" alt=\"\" width=\"350\" height=\"312\" \/><\/a><\/p>\n<p style=\"text-align: justify;\">Demokrat Parti lideri Nam\u0131k Kemal Zeybek, Suriye\u2019ye kar\u015f\u0131 \u201csald\u0131rgan\u201d bir tutum tak\u0131nan AKP\u2019yi topa tuttu: Bu H\u00fck\u00fcmet, haks\u0131zd\u0131r, vicdans\u0131zd\u0131r ve sahtekard\u0131r. Yalan s\u00f6yleniyor, toplum kand\u0131r\u0131lmak isteniyor. \u0130ktidar\u0131 istifaya ya da ak\u0131llar\u0131n\u0131 ba\u015flar\u0131na almaya davet ediyorum!\u00a0<!--more--><\/p>\n<p style=\"text-align: justify;\"><strong>Zeybek\u2019ten h\u00fck\u00fcmete a\u011f\u0131r s\u00f6zler<\/strong><\/p>\n<p style=\"text-align: justify;\">\u0130ktidar\u0131n, Suriye\u2019ye kar\u015f\u0131 \u201csald\u0131rgan\u201d bir tutum i\u00e7inde oldu\u011funu ifade eden DP Genel Ba\u015fkan\u0131, \u201cBu h\u00fck\u00fcmet vicdans\u0131z ve sahtekard\u0131r\u201d dedi.<\/p>\n<p style=\"text-align: justify;\">Demokrat Parti (DP) Genel Ba\u015fkan\u0131 Nam\u0131k Kemal Zeybek, T\u00fcrkiye\u2019yi y\u00f6netenlerin Suriye\u2019ye kar\u015f\u0131 \u201csald\u0131rgan\u201d bir tutum i\u00e7inde olduklar\u0131n\u0131 ifade ederek, \u201cBu H\u00fck\u00fcmet, haks\u0131zd\u0131r, vicdans\u0131zd\u0131r ve sahtekard\u0131r\u201d dedi. Partisinin Manisa il te\u015fkilat\u0131 taraf\u0131ndan d\u00fczenlenen t\u00f6ren \u00f6ncesinde konu\u015fan Zeybek, T\u00fcrkiye\u2019nin sava\u015fa s\u00fcr\u00fcklenmek istendi\u011fini, T\u00fcrkiye\u2019yi y\u00f6netenlerin; Ba\u015fbakan\u2019\u0131n, kimi bakanlar ve bilhassa D\u0131\u015fi\u015fleri Bakan\u0131\u2019n\u0131n \u0131srarla Suriye\u2019ye kar\u015f\u0131 sald\u0131rgan bir tutum i\u00e7inde oldu\u011funu kaydederek \u015funlar\u0131 s\u00f6yledi:<\/p>\n<p style=\"text-align: justify;\"><strong>Sa\u00e7masapan s\u00f6ylemler<\/strong><\/p>\n<p style=\"text-align: justify;\">\u201cBu h\u00fck\u00fcmet, yalan s\u00f6ylemektedir. Bu toplum kand\u0131r\u0131lmak istenmektedir. Ne yaz\u0131k ki, insanlar\u0131m\u0131z\u0131n bir\u00e7o\u011fu da olan bitenin fark\u0131nda de\u011fil. Bu maceraperest, \u00e7ocuk\u00e7a, cahilce, tarihi bilmeyen, sinema oyucusu gibi sa\u011fda solda bir tak\u0131m sa\u00e7ma sapan yanl\u0131\u015f s\u00f6ylemleri ortaya getiren ve T\u00fcrkiye\u2019nin ba\u015f\u0131n\u0131 belaya sokacak olan D\u0131\u015fi\u015fleri Bakan\u0131\u2019n\u0131 ve bu iktidar\u0131 istifaya ya da ak\u0131llar\u0131n\u0131 ba\u015flar\u0131na almaya davet ediyorum.\u201d Zeybek, Ege\u2019de iki adan\u0131n Yunanl\u0131lar taraf\u0131ndan i\u015fgal edildi\u011fini ve iktidar\u0131n bu i\u015fgal kar\u015f\u0131s\u0131nda duyars\u0131z kald\u0131\u011f\u0131n\u0131 da \u0131srarla s\u00f6ylediklerini ifade etti. H\u00fck\u00fcmetin Malatya K\u00fcrecik\u2019te kurulmas\u0131 planlanan radar\u0131n savunma ama\u00e7l\u0131 olarak konuldu\u011fu s\u00f6ylemlerinin de \u201cyalan\u201d oldu\u011funu ileri s\u00fcren Zeybek, \u201cB\u00f6yle bir \u015fey yok, tamamen yalan, yalan s\u00f6yl\u00fcyorlar diyorum. Yalan \u00e7ok a\u011f\u0131r bir s\u00f6zd\u00fcr, ne olurdu i\u00e7lerinden birisi \u2018bize yalanc\u0131 m\u0131 diyorsun\u2019 dese de mahkemede hesapla\u015fsak. \u0130ran\u2019\u0131n bakanlar\u0131, komutanlar\u0131 a\u00e7\u0131kl\u0131yorlar. S\u00f6yledikleri \u015fu, \u2018\u0130ran\u2019a kar\u015f\u0131 bir sald\u0131r\u0131 olursa ilk yapaca\u011f\u0131m\u0131z \u015fey Malatya\u2019y\u0131 vurmak\u2019 diyorlar. \u00c7\u00fcnk\u00fc sen Malatya\u2019ya o radarlar\u0131 koymak suretiyle \u0130ran Devleti\u2019nin elini kolunu ba\u011fl\u0131yorsun. T\u00fcrkiye ile \u0130ran sava\u015ft\u0131r\u0131lmak isteniyor. \u0130ktidar\u0131 bu i\u015ften cayd\u0131r\u0131n, o radarlar K\u00fcrecik\u2019e kurulmas\u0131n\u201d diye konu\u015ftu.<\/p>\n<p style=\"text-align: justify;\"><a href=\"http:\/\/www.yg.yenicaggazetesi.com.tr\/habergoster.php?haber=60612\" target=\"_blank\">Kaynak : Yeni\u00e7a\u011f Gazetesi<\/a><\/p>\n","protected":false},"excerpt":{"rendered":"<p style=\"text-align: center;\">\n<p style=\"text-align: justify;\">Demokrat Parti lideri Nam\u0131k Kemal Zeybek, Suriye\u2019ye kar\u015f\u0131 \u201csald\u0131rgan\u201d bir tutum tak\u0131nan AKP\u2019yi topa tuttu: Bu H\u00fck\u00fcmet, haks\u0131zd\u0131r, vicdans\u0131zd\u0131r ve sahtekard\u0131r. Yalan s\u00f6yleniyor, toplum kand\u0131r\u0131lmak isteniyor. \u0130ktidar\u0131 istifaya ya da ak\u0131llar\u0131n\u0131 ba\u015flar\u0131na almaya davet ediyorum! <\/p>\n","protected":false},"author":1,"featured_media":0,"comment_status":"open","ping_status":"open","sticky":false,"template":"","format":"standard","meta":{"footnotes":""},"categories":[105],"tags":[],"class_list":["post-44421","post","type-post","status-publish","format-standard","hentry","category-gundem","odd"],"_links":{"self":[{"href":"http:\/\/www.korhanyilmaz.com\/index.php?rest_route=\/wp\/v2\/posts\/44421","targetHints":{"allow":["GET"]}}],"collection":[{"href":"http:\/\/www.korhanyilmaz.com\/index.php?rest_route=\/wp\/v2\/posts"}],"about":[{"href":"http:\/\/www.korhanyilmaz.com\/index.php?rest_route=\/wp\/v2\/types\/post"}],"author":[{"embeddable":true,"href":"http:\/\/www.korhanyilmaz.com\/index.php?rest_route=\/wp\/v2\/users\/1"}],"replies":[{"embeddable":true,"href":"http:\/\/www.korhanyilmaz.com\/index.php?rest_route=%2Fwp%2Fv2%2Fcomments&post=44421"}],"version-history":[{"count":0,"href":"http:\/\/www.korhanyilmaz.com\/index.php?rest_route=\/wp\/v2\/posts\/44421\/revisions"}],"wp:attachment":[{"href":"http:\/\/www.korhanyilmaz.com\/index.php?rest_route=%2Fwp%2Fv2%2Fmedia&parent=44421"}],"wp:term":[{"taxonomy":"category","embeddable":true,"href":"http:\/\/www.korhanyilmaz.com\/index.php?rest_route=%2Fwp%2Fv2%2Fcategories&post=44421"},{"taxonomy":"post_tag","embeddable":true,"href":"http:\/\/www.korhanyilmaz.com\/index.php?rest_route=%2Fwp%2Fv2%2Ftags&post=44421"}],"curies":[{"name":"wp","href":"https:\/\/api.w.org\/{rel}","templated":true}]}}