{"id":44417,"date":"2011-12-19T10:22:52","date_gmt":"2011-12-19T08:22:52","guid":{"rendered":"http:\/\/www.korhanyilmaz.com\/?p=44417"},"modified":"2011-12-19T12:09:48","modified_gmt":"2011-12-19T10:09:48","slug":"carkin-tarik-umitin-gomuldugu-yeri-gosteririm","status":"publish","type":"post","link":"http:\/\/www.korhanyilmaz.com\/?p=44417","title":{"rendered":"\u00c7ark\u0131n: \u201cTar\u0131k \u00dcmit\u2019\u0131n g\u00f6m\u00fcld\u00fc\u011f\u00fc yeri g\u00f6steririm\u201d"},"content":{"rendered":"<p style=\"text-align: center;\"><a href=\"http:\/\/www.korhanyilmaz.com\/wp-content\/uploads\/2011\/12\/8643.jpg\"  class=\"lightview\"><img loading=\"lazy\" decoding=\"async\" class=\"aligncenter  wp-image-44418\" src=\"http:\/\/www.korhanyilmaz.com\/wp-content\/uploads\/2011\/12\/8643.jpg\" alt=\"\" width=\"398\" height=\"210\" \/><\/a><\/p>\n<p style=\"text-align: justify;\">Ayhan \u00c7ark\u0131n avukat\u0131 arac\u0131l\u0131\u011f\u0131 ile sorulara cevap verdi. \u00c7ark\u0131n, \u201cTar\u0131k \u00dcmit \u00f6ld\u00fcr\u00fcld\u00fc. E\u011fer mahkeme isterse cesedinin yerini s\u00f6ylerim. \u00c7\u0131kart\u0131r DNA testi yaparlar\u201d dedi.<\/p>\n<p style=\"text-align: justify;\">Ankara \u00d6zel Yetkili Cumhuriyet Savc\u0131l\u0131\u011f\u0131\u2019n\u0131n 1990\u2019larda i\u015flenen faili me\u00e7hul cinayetler ile ilgili y\u00fcr\u00fctt\u00fc\u011f\u00fc soru\u015fturma kapsam\u0131nda, Avukatlar Faik Candan ve Yusuf Ekinci ile N\u00fcfus M\u00fcd\u00fcr\u00fc Mecit Bask\u0131n ve Sa\u011fl\u0131k Bakanl\u0131\u011f\u0131 M\u00fcfetti\u015fi Nam\u0131k Erdo\u011fan\u2019\u0131n \u00f6ld\u00fcr\u00fclmelerine ili\u015fkin yapt\u0131\u011f\u0131 itiraflar\u0131n ard\u0131ndan tutuklanan eski \u00d6zel Harek\u00e2t polisi Ayhan \u00c7ark\u0131n, \u00f6nemli a\u00e7\u0131klamalarda bulundu.\u00a0<!--more--><\/p>\n<p style=\"text-align: justify;\">Taraf Gazetesi\u2019nden Arzu Y\u0131ld\u0131z\u2019\u0131n haberine g\u00f6re Sincan Cezaevi\u2019nde tutuklu bulunan Ayhan \u00c7ark\u0131n, Nam\u0131k Erdo\u011fan ailesinin avukat\u0131 Ya\u015far Say\u0131n arac\u0131l\u0131\u011f\u0131yla sorular\u0131 yan\u0131tlad\u0131. \u00c7ark\u0131n, 1978\u2019den itibaren M\u0130T i\u00e7erisinde \u00e7al\u0131\u015fmaya ba\u015flayan, 1980 ve 1990\u2019l\u0131 y\u0131llarda \u00e7ok say\u0131da olaya ad\u0131 kar\u0131\u015fan ve 2 Mart 1995\u2019te ka\u00e7\u0131r\u0131ld\u0131ktan sonra kendisinden haber al\u0131namayan Tar\u0131k \u00dcmit\u2019in \u00f6ld\u00fcr\u00fcld\u00fc\u011f\u00fcn\u00fc a\u00e7\u0131klad\u0131. Mahkemenin talep etmesi halinde Tar\u0131k \u00dcmit\u2019in cesedinin bulundu\u011fu yeri g\u00f6sterebilece\u011fini belirten Ayhan \u00c7ark\u0131n, \u201cBen, infaz edildi\u011fi yeri, cesedinin g\u00f6m\u00fcld\u00fc\u011f\u00fc yeri g\u00f6steririm. DNA testi yap\u0131l\u0131r. Durum ortaya \u00e7\u0131kar\u201d dedi.<\/p>\n<p style=\"text-align: justify;\"><strong>TOPAL C\u0130NAYET\u0130N\u0130N BELGELER\u0130 YILMAZ\u2019DA\u00a0<\/strong><\/p>\n<p style=\"text-align: justify;\">Ayhan \u00c7ark\u0131n, 28 Temmuz 1996\u2019da \u0130stanbul\u2019da ka\u00e7\u0131r\u0131l\u0131p \u00f6ld\u00fcr\u00fclen Kumarhaneler Kral\u0131 \u00d6mer L\u00fctf\u00fc Topal cinayeti ile ilgili de \u00e7arp\u0131c\u0131 a\u00e7\u0131klamalarda bulundu. Eski ba\u015fbakanlardan Mesut Y\u0131lmaz\u2019\u0131n bu cinayete dair her \u015feyi bildi\u011fini belirten \u00c7ark\u0131n, \u201cTopal cinayetinin perde arkas\u0131n\u0131 en iyi bilen isim Mesut Y\u0131lmaz\u2019d\u0131r. Y\u0131lmaz\u2019da cinayetine ili\u015fkin t\u00fcm belgeler var. S\u00f6z konusu d\u00f6k\u00fcmanlar\u0131n bir k\u0131sm\u0131 U\u011fur D\u00fcndar\u2019da da var. Topal cinayetiyle ilgili asayi\u015f polisleri taraf\u0131ndan al\u0131nm\u0131\u015f kamera kay\u0131tlar\u0131 var\u201d dedi. \u00c7ark\u0131n, d\u00f6nemin \u0130stanbul Emniyet M\u00fcd\u00fcr\u00fc Kemal Yaz\u0131c\u0131o\u011flu\u2019nun da cinayete ili\u015fkin t\u00fcm detaylar\u0131 bildi\u011fini s\u00f6yledi. Yaz\u0131c\u0131o\u011flu da ge\u00e7ti\u011fimiz aylarda ayn\u0131 soru\u015fturma kapsam\u0131nda Ankara\u2019da ifade vermi\u015fti.<\/p>\n<p style=\"text-align: justify;\"><strong>EYM\u00dcR DE OLAYLARIN MERKEZ\u0130NDE\u00a0<\/strong><\/p>\n<p style=\"text-align: justify;\">Ayhan \u00c7ark\u0131n, soru\u015fturma kapsam\u0131nda \u0130stanbul\u2019da g\u00f6zalt\u0131na al\u0131nd\u0131ktan sonra 30 Kas\u0131m 2011\u2019de Ankara \u00d6zel Yetkili Cumhuriyet Savc\u0131l\u0131\u011f\u0131\u2019na \u015f\u00fcpheli olarak ifade veren eski M\u0130T Kontrter\u00f6r Daire Ba\u015fkan\u0131 Mehmet Eym\u00fcr\u2019\u00fcn de, kendisini olaylar\u0131n d\u0131\u015f\u0131ndaym\u0131\u015f gibi g\u00f6stermeye \u00e7al\u0131\u015ft\u0131\u011f\u0131n\u0131 oysa onun da olaylar\u0131n merkezinde oldu\u011funu belirtti. \u00c7ark\u0131n, \u201cEym\u00fcr ifadelerinde k\u0131v\u0131rm\u0131\u015f. Sanki o d\u00f6nem olan bitenleri sonradan \u00f6\u011frenmi\u015f, olaylara hi\u00e7 kar\u0131\u015fmam\u0131\u015f, d\u0131\u015far\u0131dan izleyen \u00f6\u011frenen biri gibi anlatm\u0131\u015f. Oysa olan bitenin merkezinde kendisi de vard\u0131\u201d diye konu\u015ftu.<\/p>\n<p style=\"text-align: justify;\"><strong>DEL\u0130 RAPORU ALMAYA \u00c7ALI\u015eAN \u015eAH\u0130N\u00a0<\/strong><\/p>\n<p style=\"text-align: justify;\">Ayhan \u00c7ark\u0131n, soru\u015fturma kapsam\u0131nda tutukland\u0131ktan sonra Ankara N\u00f6bet\u00e7i 11. A\u011f\u0131r Ceza Mahkemesi taraf\u0131ndan, beklenmedik bir \u015fekilde, \u201csomut delil yok\u201d denilerek alt\u0131 eski \u00f6zel harek\u00e2t\u00e7\u0131 polisle birlikte serbest b\u0131rak\u0131lan ancak Ergenekon davas\u0131ndan tutuklulu\u011fu devam eden eski \u00d6zel Harek\u00e2t Dairesi Ba\u015fkanvekili \u0130brahim \u015eahin\u2019in, \u201cAyhan \u00c7ark\u0131n\u2019\u0131n ak\u0131l sa\u011fl\u0131\u011f\u0131 yerinde de\u011fil\u201d s\u00f6zlerine de yan\u0131t verdi. \u00c7ark\u0131n, \u015funlar\u0131 s\u00f6yledi: \u201cBenim ak\u0131l sa\u011fl\u0131\u011f\u0131m yerinde. Ancak bana deli diyenlerden \u0130brahim \u015eahin kendisi deli olmak i\u00e7in elinden geleni yap\u0131yor. Ergenekon davas\u0131ndan kurtulmak i\u00e7in akl\u00ee dengesi yerinde de\u011fildir raporu almaya \u00e7al\u0131yor.\u201d<\/p>\n<p style=\"text-align: justify;\"><strong>SONUM KOZ\u0130NO\u011eLU G\u0130B\u0130 OLMAZSA&#8230;\u00a0<\/strong><\/p>\n<p style=\"text-align: justify;\">Ayhan \u00c7ark\u0131n, alt\u0131 \u00f6zel harek\u00e2t\u00e7\u0131 eski polis ve \u0130brahim \u015eahin\u2019in serbest b\u0131rak\u0131lmalar\u0131yla ilgili olarak da \u015f\u00f6yle konu\u015ftu: \u201cArkada\u015flar\u0131m\u0131n serbest kalmas\u0131 konusunda rahats\u0131z de\u011filim. Ancak bu ekibin i\u00e7erisinde olan ya\u015fanan olaylara birebir tan\u0131kl\u0131k eden biriyim. Ankara\u2019da i\u015flenen cinayetleri savc\u0131ya anlatt\u0131m hatta infazlar\u0131n ger\u00e7ekle\u015fti\u011fi yerleri g\u00f6sterdim. Benim kimseden korkum yok i\u00e7eride. Yatar\u0131m \u00e7\u0131kar\u0131m diye bir derdim yok. Ne s\u00f6ylediysem arkas\u0131nday\u0131m. Beni zaman\u0131nda infaz etmek istediler. Kurtuldum. \u0130\u00e7eride kald\u0131\u011f\u0131m s\u00fcrece de herhangi bir tehdit almad\u0131m. Allah\u2019\u0131n izniyle sonum Ka\u015fif Kozino\u011flu gibi olmazsa ben bu olaylar\u0131 inkar edenlerle mahkemede y\u00fcz y\u00fcze geldi\u011fimde esas s\u00fcrprizi yapaca\u011f\u0131m.\u201d<\/p>\n<p style=\"text-align: justify;\"><strong>ECELLER\u0130YLE \u00d6LMED\u0130LER, \u0130NFAZ ED\u0130LD\u0130LER\u00a0<\/strong><\/p>\n<p style=\"text-align: justify;\">\u00c7ark\u0131n, kendi d\u00f6nemlerinden baz\u0131 eski \u00f6zel harek\u00e2t\u00e7\u0131lar\u0131n \u015f\u00fcpheli \u00f6l\u00fcmleriyle ilgili de a\u00e7\u0131klamalar yapt\u0131. \u00c7ark\u0131n, \u201cBana g\u00f6re bizim ekipten Ahmet Sakarya, Sami Gece, Beh\u00e7et Oktay ve Sait Y\u0131ld\u0131r\u0131m ecelleriyle \u00f6lmediler. Birileri onlar\u0131 infaz etti. Beni de infaz etmek istediler. Ancak ben O\u011fuz Yorulmaz\u2019\u0131n yard\u0131m\u0131yla infaz edilmekten kurtuldum. Hatta \u0130brahim \u015eahin\u2019in de infaz edilmek istendi\u011fini biliyorum. Fakat \u015eahin\u2019i de \u00f6ld\u00fcremediler. \u015eahin de durumu anlay\u0131nca infaz edilmekten kurtulmak i\u00e7in i\u015fi delili\u011fe vurdu\u201d dedi.<\/p>\n<p style=\"text-align: justify;\"><strong>MEHMET A\u011eAR MESAJ G\u00d6NDERD\u0130\u00a0<\/strong><\/p>\n<p style=\"text-align: justify;\">Mehmet Eym\u00fcr\u2019\u00fcn savc\u0131l\u0131\u011fa verdi\u011fi ifadenin ard\u0131ndan t\u00fcm g\u00f6zlerin \u00e7evrildi\u011fi eski \u0130\u00e7i\u015fleri bakan\u0131 Mehmet A\u011far\u2019\u0131n 9 aral\u0131kta \u0130stanbul\u2019da bas\u0131n toplant\u0131s\u0131 d\u00fczenleyerek hakk\u0131ndaki iddialar ile ilgili yapt\u0131\u011f\u0131 a\u00e7\u0131klamay\u0131 da de\u011ferlendiren Ayhan \u00c7ark\u0131n, \u201cMehmet A\u011far \u00e7\u0131k\u0131p a\u00e7\u0131klama yapt\u0131. \u0130lgili ki\u015filere mesaj g\u00f6nderdi. Bu soru\u015fturman\u0131n en \u00fcste kadar gidece\u011finin fark\u0131na varm\u0131\u015f\u201d dedi. Mehmet A\u011far, \u201cSu\u00e7umuz olmam\u0131\u015ft\u0131r, kusurumuz olmu\u015ftur\u201d diyerek \u201cyap\u0131lanlar\u0131n devlet g\u00f6revi kapsam\u0131nda oldu\u011funu\u201d s\u00f6ylemi\u015fti.<\/p>\n<p style=\"text-align: justify;\"><strong>EYM\u00dcR\u2019E YANA\u015eINCA \u00d6LD\u00dcR\u00dcLD\u00dc\u00a0<\/strong><\/p>\n<p style=\"text-align: justify;\">Babas\u0131n\u0131 kaybettikten sonra Almanya\u2019daki amcas\u0131n\u0131n yan\u0131na yerle\u015fen ve 1968\u2019de T\u00fcrkiye\u2019ye d\u00f6nen Tar\u0131k \u00dcmit, yeralt\u0131 d\u00fcnyas\u0131n\u0131n \u00fcnl\u00fc ismi D\u00fcndar K\u0131l\u0131\u00e7\u2019la ortak i\u015f yapmaya ba\u015flad\u0131. 1978\u2019de M\u0130T\u2019te \u00e7al\u0131\u015fmaya ba\u015flayan \u00dcmit, \u00f6zellikle yeralt\u0131 d\u00fcnyas\u0131ndan sa\u011flad\u0131\u011f\u0131 istihbaratlarla 1984\u2019teki Babalar Operasyonu\u2019nda g\u00f6rev ald\u0131.<\/p>\n<p style=\"text-align: justify;\">Mehmet Eym\u00fcr ve ekibince yaz\u0131lan \u00fcnl\u00fc M\u0130T raporunun haz\u0131rlanmas\u0131nda da yer ald\u0131. 1991\u2019de DEV-SOL sald\u0131r\u0131s\u0131ndan yaral\u0131 kurtuldu. 1994\u2019te Korkut Eken arac\u0131l\u0131\u011f\u0131yla Mehmet A\u011far\u2019la tan\u0131\u015ft\u0131r\u0131ld\u0131. Ya\u015far \u00d6z\u2019\u00fc, A\u011far ile o tan\u0131\u015ft\u0131rd\u0131.<\/p>\n<p style=\"text-align: justify;\">Susurluk s\u00fcrecinde \u0130brahim \u015eahin ve Veli K\u00fc\u00e7\u00fck ekibiyle \u00e7al\u0131\u015ft\u0131. Ancak \u015eahin grubunun faaliyetlerini Eym\u00fcr\u2019e anlatt\u0131\u011f\u0131 i\u00e7in bu ekiple aras\u0131 a\u00e7\u0131ld\u0131. 1995\u2019te \u00f6zel harek\u00e2t\u00e7\u0131 polisler taraf\u0131ndan ka\u00e7\u0131r\u0131ld\u0131.<\/p>\n<p style=\"text-align: justify;\"><a href=\"http:\/\/www.hurriyet.com.tr\/gundem\/19497502.asp\" target=\"_blank\">Kaynak : H\u00fcrriyet.com.tr<\/a><\/p>\n","protected":false},"excerpt":{"rendered":"<p style=\"text-align: center;\">\n<p style=\"text-align: justify;\">Ayhan \u00c7ark\u0131n avukat\u0131 arac\u0131l\u0131\u011f\u0131 ile sorulara cevap verdi. \u00c7ark\u0131n, \u201cTar\u0131k \u00dcmit \u00f6ld\u00fcr\u00fcld\u00fc. E\u011fer mahkeme isterse cesedinin yerini s\u00f6ylerim. \u00c7\u0131kart\u0131r DNA testi yaparlar\u201d dedi.<\/p>\n<p style=\"text-align: justify;\">Ankara \u00d6zel Yetkili Cumhuriyet Savc\u0131l\u0131\u011f\u0131\u2019n\u0131n 1990\u2019larda i\u015flenen faili me\u00e7hul cinayetler ile ilgili y\u00fcr\u00fctt\u00fc\u011f\u00fc soru\u015fturma kapsam\u0131nda, Avukatlar Faik Candan ve Yusuf Ekinci ile N\u00fcfus M\u00fcd\u00fcr\u00fc Mecit <\/p>\n","protected":false},"author":1,"featured_media":0,"comment_status":"open","ping_status":"open","sticky":false,"template":"","format":"standard","meta":{"footnotes":""},"categories":[105],"tags":[],"class_list":["post-44417","post","type-post","status-publish","format-standard","hentry","category-gundem","odd"],"_links":{"self":[{"href":"http:\/\/www.korhanyilmaz.com\/index.php?rest_route=\/wp\/v2\/posts\/44417","targetHints":{"allow":["GET"]}}],"collection":[{"href":"http:\/\/www.korhanyilmaz.com\/index.php?rest_route=\/wp\/v2\/posts"}],"about":[{"href":"http:\/\/www.korhanyilmaz.com\/index.php?rest_route=\/wp\/v2\/types\/post"}],"author":[{"embeddable":true,"href":"http:\/\/www.korhanyilmaz.com\/index.php?rest_route=\/wp\/v2\/users\/1"}],"replies":[{"embeddable":true,"href":"http:\/\/www.korhanyilmaz.com\/index.php?rest_route=%2Fwp%2Fv2%2Fcomments&post=44417"}],"version-history":[{"count":0,"href":"http:\/\/www.korhanyilmaz.com\/index.php?rest_route=\/wp\/v2\/posts\/44417\/revisions"}],"wp:attachment":[{"href":"http:\/\/www.korhanyilmaz.com\/index.php?rest_route=%2Fwp%2Fv2%2Fmedia&parent=44417"}],"wp:term":[{"taxonomy":"category","embeddable":true,"href":"http:\/\/www.korhanyilmaz.com\/index.php?rest_route=%2Fwp%2Fv2%2Fcategories&post=44417"},{"taxonomy":"post_tag","embeddable":true,"href":"http:\/\/www.korhanyilmaz.com\/index.php?rest_route=%2Fwp%2Fv2%2Ftags&post=44417"}],"curies":[{"name":"wp","href":"https:\/\/api.w.org\/{rel}","templated":true}]}}