{"id":44396,"date":"2011-12-19T00:54:04","date_gmt":"2011-12-18T22:54:04","guid":{"rendered":"http:\/\/www.korhanyilmaz.com\/?p=44396"},"modified":"2011-12-19T22:21:11","modified_gmt":"2011-12-19T20:21:11","slug":"altanlara-verdi-veristirdi-ulkede-cok-salak-var","status":"publish","type":"post","link":"http:\/\/www.korhanyilmaz.com\/?p=44396","title":{"rendered":"&#8216;Erdo\u011fan&#8217;\u0131 \u00e7\u0131ld\u0131rtan yaz\u0131y\u0131 yine yazar\u0131m hi\u00e7 pi\u015fman de\u011filim&#8217;"},"content":{"rendered":"<p style=\"text-align: center;\"><a href=\"http:\/\/www.korhanyilmaz.com\/wp-content\/uploads\/2011\/12\/8639.jpg\"  class=\"lightview\"><img loading=\"lazy\" decoding=\"async\" class=\"aligncenter  wp-image-44397\" src=\"http:\/\/www.korhanyilmaz.com\/wp-content\/uploads\/2011\/12\/8639.jpg\" alt=\"\" width=\"357\" height=\"210\" \/><\/a><\/p>\n<p style=\"text-align: justify;\">Yazd\u0131\u011f\u0131 yaz\u0131larla AKP iktidar\u0131n\u0131n can\u0131n\u0131 en \u00e7ok s\u0131kan isimlerin ba\u015f\u0131nda geldi. Do\u011fan Grubu&#8217;na verilen rekor cezadan hemen \u00d6nce 17 y\u0131ld\u0131r yazd\u0131\u011f\u0131 H\u00fcrriyet&#8217;e veda etti.<\/p>\n<p style=\"text-align: justify;\">Kendisi bu veda i\u00e7in &#8216;Ayd\u0131n Do\u011fan\u2019la ben asl\u0131nda ayn\u0131 kaderin iki par\u00e7as\u0131 gibiyiz. O b\u00fcy\u00fck bir para cezas\u0131na u\u011frarken ben 17 y\u0131ll\u0131k yuvam\u0131 kaybettim&#8217; diyecekti&#8230;<!--more--><\/p>\n<p style=\"text-align: justify;\">Ard\u0131ndan \u00e7ok k\u0131sa s\u00fcren Habert\u00fcrk maceras\u0131 ve kavgal\u0131 bir kopu\u015f&#8230;<\/p>\n<p style=\"text-align: justify;\">\u015eimdi ise iktidar\u0131 k\u0131zd\u0131rmaya Cumhuriyet Gazetesi&#8217;nde \u0130lhan Sel\u00e7uk&#8217;un yerinde devam ediyor&#8230;<\/p>\n<p style=\"text-align: justify;\">&#8211; En\u00e7ok kime k\u0131rg\u0131n?<\/p>\n<p style=\"text-align: justify;\">&#8211; Medyan\u0131n son halini nas\u0131l g\u00f6r\u00fcyor?<\/p>\n<p style=\"text-align: justify;\">&#8211; Ertu\u011frul \u00d6zk\u00f6k ve Enis Berbero\u011flu i\u00e7in ne dedi?<\/p>\n<p style=\"text-align: justify;\">&#8211; Muhafazakar bas\u0131nla liberal bas\u0131n aras\u0131ndaki kavga nereye gider?<\/p>\n<p style=\"text-align: justify;\">-G\u00f6be\u011fini ka\u015f\u0131yan adam yaz\u0131s\u0131ndan dolay\u0131 pi\u015fman m\u0131?<\/p>\n<p style=\"text-align: justify;\">&#8211; Cumhuriyet&#8217;te mutlu mu?<\/p>\n<p style=\"text-align: justify;\">&#8211; Erdo\u011fan&#8217;\u0131n gelece\u011fini nas\u0131l g\u00f6r\u00fcyor?<\/p>\n<p style=\"text-align: justify;\"><strong><span style=\"text-decoration: underline;\">T\u00fcrk bas\u0131n\u0131n duayen ismi Bekir Co\u015fkun, Muhalifgazete.com&#8217;a konu\u015ftu.\u00a0<\/span><\/strong><\/p>\n<p style=\"text-align: justify;\"><strong>Medyan\u0131n istikameti nereye do\u011fru? Siz nas\u0131l g\u00f6r\u00fcyorsunuz gidi\u015fat\u0131?\u00a0<\/strong><\/p>\n<p style=\"text-align: justify;\"><strong>BEK\u0130R CO\u015eKUN:<\/strong> Medya g\u00fcc\u00fcn\u00fc yitirdi. T\u00fcrk medyas\u0131 \u00e7ok b\u00fcy\u00fck bir hata yapt\u0131. Tabi bunun g\u00fcnah boyutu ve hatta ihanet boyutu da var ama medyaya dokunan taraf\u0131na hata demek laz\u0131m. \u0130tibar\u0131n\u0131, tiraj\u0131n\u0131 ve sayg\u0131nl\u0131\u011f\u0131n\u0131 yitirdi. Bug\u00fcn art\u0131k T\u00fcrkiye toplumu medyay\u0131, gazeteleri \u00e7ok fazla \u00f6nemsemiyor. Televizyonlar\u0131n haberlerine pek bakm\u0131yorlar. Daha \u00e7ok sosyal medyay\u0131 takip ediyorlar. Ben dahi art\u0131k gazetelere laf olsun diye bak\u0131yorum. T\u00fcrkiye&#8217;deki sosyal medya \u00e7ok k\u0131sa zamanda m\u00fcthi\u015f bir a\u015fama kat etti. \u0130nan\u0131lmaz bir potansiyel var.<\/p>\n<p style=\"text-align: justify;\"><strong>Ne oldu da medya elindeki o g\u00fcc\u00fc kaybetti?\u00a0<\/strong><\/p>\n<p style=\"text-align: justify;\"><strong>T\u00fcrk medyas\u0131 intihar etti.<\/strong><\/p>\n<p style=\"text-align: justify;\"><strong>BEK\u0130R CO\u015eKUN:<\/strong> Yalakal\u0131kla, ikiy\u00fczl\u00fcl\u00fckle yana\u015fmayla, kirli tavr\u0131yla, kendi de\u011ferli yazarlar\u0131n\u0131 \u00e7izerlerini pazarlayarak, iktidara satarak, kar\u015f\u0131s\u0131nda ihale alarak ve en de\u011ferli kalemlerini edit\u00f6rlerini y\u00f6neticilerini soka\u011fa atarak intihar etti.<\/p>\n<p style=\"text-align: justify;\"><strong>Y\u0131lmaz \u00d6zdil-U\u011fur D\u00fcndar olay\u0131 sizin Emin \u00c7\u00f6la\u015fan\u2019la Do\u011fan Grubu\u2019ndan ayr\u0131l\u0131\u015f\u0131n\u0131z\u0131 an\u0131msat\u0131yor gibi?<\/strong><\/p>\n<p style=\"text-align: justify;\"><strong>BEK\u0130R CO\u015eKUN:<\/strong> Tek fark\u0131 biz 1 y\u0131l arayla gittik, bunlar birka\u00e7 saat arayla gittiler.<\/p>\n<p style=\"text-align: justify;\">Patronun ho\u015funa gitmeyen ba\u015fl\u0131k atanlar \u015fimdi sokakta<\/p>\n<p style=\"text-align: justify;\">Sadece biz ya da U\u011fur D\u00fcndar\u2019lar de\u011fil, toplum sadece bu isimleri biliyor ama ne edit\u00f6rler ne sayfa \u00e7izerleri bu s\u00fcre\u00e7te i\u015flerinden oldular. Bunlar\u0131n say\u0131lar\u0131n\u0131 bilmiyoruz. Say\u0131lar\u0131 belki 300-500 civar\u0131nda. Yani patronun ho\u015funa gitmeyen ba\u015fl\u0131k atanlar \u015fimdi sokakta.<\/p>\n<p style=\"text-align: justify;\"><strong>H\u00fcrriyet&#8217;ten ayr\u0131l\u0131\u015f\u0131n\u0131z, Habert\u00fcrk maceran\u0131z bunlar hep sorunlu oldu, \u00e7ok konu\u015fuldu. Ge\u00e7mi\u015fe d\u00f6n\u00fck bir k\u0131rg\u0131nl\u0131\u011f\u0131n\u0131z var m\u0131?<\/strong><\/p>\n<p style=\"text-align: justify;\"><strong>Turgay Ciner\u2019i asla affetmeyece\u011fim\u00a0<\/strong><\/p>\n<p style=\"text-align: justify;\"><strong>BEK\u0130R CO\u015eKUN:<\/strong> Ben duygusal bir adam\u0131m. Hi\u00e7 kin yoktur bende. O g\u00fcn k\u0131zd\u0131\u011f\u0131m \u00f6fkelendi\u011fim birine bug\u00fcn sar\u0131labilirim. H\u00fcrriyet&#8217;tekiler benim arkada\u015f\u0131m. Kimseye bir k\u0131rg\u0131nl\u0131\u011f\u0131m yok. Ancak Habert\u00fcrk&#8217;\u00fcn patronu Turgay Ciner&#8217;i asla affetmeyece\u011fim. \u00c7\u00fcnk\u00fc ben onlara rica ettim. &#8216;Ben H\u00fcrriyet&#8217;ten kimseyi k\u0131r\u0131p d\u00f6kmeden ayr\u0131ld\u0131m. Ayd\u0131n Do\u011fan&#8217;\u0131 bir yerde g\u00f6rsem elini s\u0131kar\u0131m. Sak\u0131n beni kovmay\u0131n&#8217; dedim. Y\u0131llard\u0131r haber verilir ben \u00e7ekip giderim. Beni istemezseniz haber verin \u00e7ekip gideyim. Kamuoyunun \u00f6n\u00fcne \u00e7\u0131k\u0131p \u2019Bekir Co\u015fkun&#8217;u kovduk \u2018demeyin. O kovma laf\u0131 bana g\u00f6re de\u011fil. Bu beni \u00e7ok k\u0131rd\u0131 \u00e7ok yaralad\u0131. Ben onlara b\u00f6yle s\u00f6ylemi\u015fken televizyona \u00e7\u0131k\u0131p beni kovduklar\u0131n\u0131 a\u00e7\u0131klad\u0131lar. Me\u011fer bir ihalenin par\u00e7as\u0131ym\u0131\u015f\u0131m. Yani benim kovuldu\u011fumu a\u00e7\u0131klayarak iktidara selam g\u00f6nderdiler. \u00d6b\u00fcr t\u00fcrl\u00fc selam olmayacakt\u0131. Kendi gitti denilecekti. Bu d\u00fcnyada da \u00f6b\u00fcr d\u00fcnyada da iki elim Turgay Ciner&#8217;in yakas\u0131nda olacak!<\/p>\n<p style=\"text-align: justify;\"><strong>Medyada \u00f6zellikle son d\u00f6nemde liberallerle muhafazakarlar aras\u0131nda bir \u00e7at\u0131\u015fma var bunu nas\u0131l yorumluyorsunuz?<\/strong><\/p>\n<p style=\"text-align: justify;\"><strong>BEK\u0130R CO\u015eKUN:<\/strong> \u00dclkede \u00e7ok salak var. Liberal bir adam AKP&#8217;yi destekleyebilir mi?<\/p>\n<p style=\"text-align: justify;\"><strong>Ahmet Altan gibi simler son d\u00f6nemde iktidara kazan kald\u0131rd\u0131 o deste\u011fi \u00e7ektiler sanki<\/strong><\/p>\n<p style=\"text-align: justify;\"><strong>BEK\u0130R CO\u015eKUN:<\/strong> Kazan kald\u0131rd\u0131lar ama kazan kafalar\u0131na ge\u00e7ti. Onun i\u00e7in bug\u00fcnlerde k\u00f6\u015felerinde y\u0131rt\u0131n\u0131yorlar. Ortak paydalar\u0131 laik cumhuriyeti y\u0131kmakt\u0131. Bunlar AKP gelmeden \u00f6teki cumhuriyetin ad\u0131n\u0131 a\u00e7\u0131klam\u0131\u015flard\u0131. AKP gelince ona d\u00f6rt ele sar\u0131ld\u0131lar. \u00c7a\u011fda\u015f bir insan AKP&#8217;yi destekleyebilir mi?<\/p>\n<p style=\"text-align: justify;\"><strong>Merkez medyan\u0131n bu duruma d\u00fc\u015fmesinde Ertu\u011frul \u00d6zk\u00f6k ba\u015fta olmak \u00fczere eski y\u00f6neticilerin hi\u00e7 mi su\u00e7u yok?<\/strong><\/p>\n<p style=\"text-align: justify;\"><strong>BEK\u0130R CO\u015eKUN:<\/strong> Beter olsunlar! Enis&#8217;i de kovacaklar. Enis Berbero\u011flu \u2018ben genel yay\u0131n y\u00f6netmeni oldum \u00f6yle gidecek\u2019 san\u0131yor. Tayyip Erdo\u011fan bir t\u00f6kezlesin ilk gidecek isimlerden biri o.<\/p>\n<p style=\"text-align: justify;\"><strong>Lang\u0131rt oynamak gibi bir \u015fey bu\u00a0<\/strong><\/p>\n<p style=\"text-align: justify;\">E\u011fer gazetecilik \u00e7\u0131kar ili\u015fkisine g\u00f6re yap\u0131l\u0131yorsa o gazetenin yaz\u0131 i\u015flerinde \u00e7al\u0131\u015fanlar da o \u00e7\u0131kar ili\u015fkisine g\u00f6re gidip gelir. \u00c7\u0131kar\u0131n y\u00f6n\u00fc, \u015fekli, ebad\u0131 de\u011fi\u015ftik\u00e7e edit\u00f6rler, Genel yay\u0131n Y\u00f6netmenleri, yazarlar gidip gelir. Lang\u0131rt oynamak gibi bir \u015feydir bu.<\/p>\n<p style=\"text-align: justify;\"><strong>\u2018G\u00f6be\u011fini Ka\u015f\u0131yan Adam&#8217; yaz\u0131s\u0131n\u0131 yazd\u0131\u011f\u0131n\u0131z i\u00e7in pi\u015fman m\u0131s\u0131n\u0131z? Ke\u015fke yazmaz olsayd\u0131m dediniz mi hi\u00e7?<\/strong><\/p>\n<p style=\"text-align: justify;\"><strong>BEK\u0130R CO\u015eKUN:<\/strong> Ben o yaz\u0131dan sonra olduk\u00e7a zor g\u00fcnler ya\u015fad\u0131m, tehditler \u00e7o\u011fald\u0131. Hatta o yaz\u0131dan sonra Tayyip Erdo\u011fan &#8216;\u00fclkeyi terk etsin&#8217; dedi. Ama asla pi\u015fman de\u011filim. Benim tarifim do\u011frudur. G\u00f6be\u011fini ka\u015f\u0131yan adam T\u00fcrkiye&#8217;nin ba\u015f\u0131na belad\u0131r. T\u00fcrkiye&#8217;de gericilik, \u00e7a\u011f d\u0131\u015f\u0131l\u0131k, yobazl\u0131k varsa ve T\u00fcrkiye&#8217;de pirim yap\u0131yorsa bu g\u00f6be\u011fini ka\u015f\u0131yan adam y\u00fcz\u00fcndendir. Bu adam bele\u015f\u00e7i ve \u00f6m\u00fcr boyu b\u00f6yle ya\u015f\u0131yor. Yanl\u0131\u015f anla\u015f\u0131lmas\u0131n ben b\u00fct\u00fcn toplum b\u00f6yledir demiyorum.<\/p>\n<p style=\"text-align: justify;\"><strong>G\u00f6be\u011fini ka\u015f\u0131yan adam CHP\u2019de de var\u00a0<\/strong><\/p>\n<p style=\"text-align: justify;\">G\u00f6be\u011fini ka\u015f\u0131yan adam sadece AKP\u2019ye d\u00f6n\u00fck bir tan\u0131mlama de\u011fildi. O tiplerden CHP&#8217;de de var. Hem de parti y\u00f6netiminde bunlar. Medyada var. Kimileri patron. Tayyip Erdo\u011fan ak\u0131l\u0131 bir adam olsayd\u0131 g\u00f6be\u011fini ka\u015f\u0131yan adamla m\u00fccadele ederdi. Ama etti\u011fi zaman da taban\u0131 giderdi.<\/p>\n<p style=\"text-align: justify;\"><strong>Cumhuriyet\u2019te mutlu musunuz?<\/strong><\/p>\n<p style=\"text-align: justify;\"><strong>BEK\u0130R CO\u015eKUN:<\/strong> Cumhuriyet&#8217;te kendimi bo\u015flukta hissediyorum. \u00c7\u00fcnk\u00fc dala\u015faca\u011f\u0131m hi\u00e7 kimse yok. Kime k\u0131zaca\u011f\u0131m\u0131 bilemiyorum. Ben elimden gelse Tayyip Erdo\u011fan ve Abdullah G\u00fcl&#8217;le de u\u011fra\u015fmam ama onlar\u0131n eli bizim \u00e7ocuklar\u0131m\u0131z\u0131n yakas\u0131nda oldu\u011fu s\u00fcrece onlarla u\u011fra\u015fmaya devam edece\u011fim.<\/p>\n<p style=\"text-align: justify;\"><strong>Cemaatle AKP aras\u0131nda bir fikir ayr\u0131l\u0131\u011f\u0131 var. Sizce Erdo\u011fan gidici mi?<\/strong><\/p>\n<p style=\"text-align: justify;\"><strong>Abbas sonun ba\u015flang\u0131c\u0131nda\u00a0<\/strong><\/p>\n<p style=\"text-align: justify;\"><strong>BEK\u0130R CO\u015eKUN:<\/strong> Ben ne zaman &#8216;Abbas yolcu&#8217; desem Abbas kald\u0131. O y\u00fczden Abbas gidici demiyorum ama sonun ba\u015flang\u0131c\u0131nda diyorum. Bu iktidar T\u00fcrkiye&#8217;ye, insanl\u0131\u011fa onun \u00f6tesinde yerk\u00fcre&#8217;ye zarard\u0131r. Hemen yar\u0131n gitmelidir. T\u00fcrkiye&#8217;nin sat\u0131lan sadece fabrikalar\u0131, dereleri, hukuku, insan haklar\u0131 de\u011fil. Hangi vicdana s\u0131\u011far insanlar\u0131n yatak odalar\u0131n\u0131 g\u00f6zetlemek. Sadece bu de\u011fil T\u00fcrk ordusunun \u015ferefli subaylar\u0131 canlar\u0131na k\u0131yd\u0131lar. Daha bir s\u00fcr\u00fc \u015fey var bizim bilmedi\u011fimiz. Bu y\u00fczden bu iktidar insanl\u0131\u011fa zarard\u0131r.<\/p>\n<p style=\"text-align: justify;\">Ama bu durumun nedeni muhalefetin olmay\u0131\u015f\u0131d\u0131r. \u0130ktidar tam gitti gidecek deniliyor muhalefet \u2018aman AKP&#8217;ye bir \u015fey olmas\u0131n\u2019 diye a\u00e7\u0131klama yap\u0131yor. Bah\u00e7eli&#8217;den &#8216;Allah korusun&#8217; sesi y\u00fckseliyor. B\u00f6yle bir muhalefet olur mu?<\/p>\n<p style=\"text-align: justify;\"><strong>AKP&#8217;nin asl\u0131nda y\u00fczde 70 oy almas\u0131 gerekirdi\u00a0<\/strong><\/p>\n<p style=\"text-align: justify;\">Her eve bedava makarna, un, k\u00f6m\u00fcr, gidiyor. AKP&#8217;nin y\u00fczde 50 de\u011fil y\u00fczde 70 oy almas\u0131 gerekirdi. G\u00fcneydo\u011fu&#8217;da kad\u0131nlara bedava alt\u0131n da\u011f\u0131t\u0131l\u0131yor. \u00d6zele\u015ftirmeden gelen paralar nereye gidiyor san\u0131yorsunuz? \u0130nsanlar\u0131 sat\u0131n almada kullan\u0131yorlar o paralar\u0131. Bu toplum biraz avantac\u0131 bele\u015f\u00e7idir. Bir de tehdit ve \u015fantaj olunca y\u00fczde 50 almas\u0131 normal. Ben dahi sindirilip \u00f6zg\u00fcr yaz\u0131 yazma hakk\u0131m\u0131 koruyamad\u0131ysam gerisini siz d\u00fc\u015f\u00fcn\u00fcn. Bunun ad\u0131 fa\u015fizmdir. Fa\u015fizmde iktidara destek y\u00fczde 60&#8217;\u0131n y\u00fczde 70&#8217;in alt\u0131na d\u00fc\u015fmez.<\/p>\n<p style=\"text-align: justify;\"><strong>AKP&#8217;nin yapt\u0131\u011f\u0131 hi\u00e7 mi iyi bir \u015fey yok bu memlekette?<\/strong><\/p>\n<p style=\"text-align: justify;\"><strong>BEK\u0130R CO\u015eKUN:<\/strong> Yollard\u0131r, yeni binalard\u0131r, okullard\u0131r bir\u00e7ok \u015fey vard\u0131r. Ama bir ba\u015fbakan &#8216;en az 3 \u00e7ocuk&#8217; dedi\u011fi zaman her \u015feyi siliyor. Onun s\u00f6ylemesine gerek yok ki zaten fabrika gibi do\u011furuyor Anadolu.<\/p>\n<p style=\"text-align: justify;\"><strong>70\u2019den fazla gazeteci tutuklu.Bu meselede medya \u00f6rg\u00fctlerinin tavr\u0131n\u0131 nas\u0131l buluyorsunuz? Medya tutuklu gazetecileri yeterince sahipleniliyor mu?<\/strong><\/p>\n<p style=\"text-align: justify;\"><strong>BEK\u0130R CO\u015eKUN:<\/strong> A\u00e7\u0131k\u00e7as\u0131 i\u00e7erde tutuklu bir\u00e7ok insan var. Bu insanlar\u0131n su\u00e7lu olduklar\u0131na hi\u00e7 birimiz inanm\u0131yor. Yarg\u0131 da inanmad\u0131\u011f\u0131 i\u00e7in karar\u0131n\u0131 veremiyor. Beraat verirlerse diyecekler ki neden bu kadar i\u00e7erde tuttunuz. Yarg\u0131 da b\u00fcy\u00fck bir \u00e7\u0131kmaz\u0131n i\u00e7ersinde. Herkes bu y\u00fczden iki y\u00fczl\u00fc davran\u0131yor. Ben CHP&#8217;nin yerinde olsam k\u0131yameti kopart\u0131r\u0131m. Yer yerinden oynar . 70 tane gazetecinin i\u00e7erde oldu\u011fu bir d\u00f6nemde Gazeteciler Cemiyeti&#8217;nin yolara d\u00fc\u015fmesi laz\u0131m. K\u0131yametleri koparmas\u0131 laz\u0131m. Ama cemiyet diye bir\u015fey yok ortada. T\u00fcrkiye&#8217;de i\u015fini en yapmayan, en p\u0131s\u0131r\u0131k, en korkak, en sinmi\u015f kim derseniz. Gazeteciler Cemiyeti ve Gazeteciler Sendikas\u0131 geliyor akl\u0131ma.<\/p>\n<p style=\"text-align: justify;\"><a href=\"http:\/\/muhalifgazete.com\/27883-Altanlara-verdi-veristirdi-ulkede-cok-salak-var.htm\" target=\"_blank\">Kaynak : Muhalif Gazete<\/a><\/p>\n","protected":false},"excerpt":{"rendered":"<p style=\"text-align: center;\">\n<p style=\"text-align: justify;\">Yazd\u0131\u011f\u0131 yaz\u0131larla AKP iktidar\u0131n\u0131n can\u0131n\u0131 en \u00e7ok s\u0131kan isimlerin ba\u015f\u0131nda geldi. Do\u011fan Grubu&#8217;na verilen rekor cezadan hemen \u00d6nce 17 y\u0131ld\u0131r yazd\u0131\u011f\u0131 H\u00fcrriyet&#8217;e veda etti.<\/p>\n<p style=\"text-align: justify;\">Kendisi bu veda i\u00e7in &#8216;Ayd\u0131n Do\u011fan\u2019la ben asl\u0131nda ayn\u0131 kaderin iki par\u00e7as\u0131 gibiyiz. O b\u00fcy\u00fck bir para cezas\u0131na u\u011frarken ben 17 y\u0131ll\u0131k yuvam\u0131 kaybettim&#8217; <\/p>\n","protected":false},"author":1,"featured_media":0,"comment_status":"open","ping_status":"open","sticky":false,"template":"","format":"standard","meta":{"footnotes":""},"categories":[105],"tags":[],"class_list":["post-44396","post","type-post","status-publish","format-standard","hentry","category-gundem","odd"],"_links":{"self":[{"href":"http:\/\/www.korhanyilmaz.com\/index.php?rest_route=\/wp\/v2\/posts\/44396","targetHints":{"allow":["GET"]}}],"collection":[{"href":"http:\/\/www.korhanyilmaz.com\/index.php?rest_route=\/wp\/v2\/posts"}],"about":[{"href":"http:\/\/www.korhanyilmaz.com\/index.php?rest_route=\/wp\/v2\/types\/post"}],"author":[{"embeddable":true,"href":"http:\/\/www.korhanyilmaz.com\/index.php?rest_route=\/wp\/v2\/users\/1"}],"replies":[{"embeddable":true,"href":"http:\/\/www.korhanyilmaz.com\/index.php?rest_route=%2Fwp%2Fv2%2Fcomments&post=44396"}],"version-history":[{"count":0,"href":"http:\/\/www.korhanyilmaz.com\/index.php?rest_route=\/wp\/v2\/posts\/44396\/revisions"}],"wp:attachment":[{"href":"http:\/\/www.korhanyilmaz.com\/index.php?rest_route=%2Fwp%2Fv2%2Fmedia&parent=44396"}],"wp:term":[{"taxonomy":"category","embeddable":true,"href":"http:\/\/www.korhanyilmaz.com\/index.php?rest_route=%2Fwp%2Fv2%2Fcategories&post=44396"},{"taxonomy":"post_tag","embeddable":true,"href":"http:\/\/www.korhanyilmaz.com\/index.php?rest_route=%2Fwp%2Fv2%2Ftags&post=44396"}],"curies":[{"name":"wp","href":"https:\/\/api.w.org\/{rel}","templated":true}]}}