{"id":44392,"date":"2011-12-14T07:58:05","date_gmt":"2011-12-14T05:58:05","guid":{"rendered":"http:\/\/www.korhanyilmaz.com\/?p=44392"},"modified":"2011-12-18T16:39:32","modified_gmt":"2011-12-18T14:39:32","slug":"yarginin-hizi-akpnin-istegine-bagli","status":"publish","type":"post","link":"http:\/\/www.korhanyilmaz.com\/?p=44392","title":{"rendered":"Yarg\u0131n\u0131n h\u0131z\u0131 AKP&#8217;nin iste\u011fine ba\u011fl\u0131"},"content":{"rendered":"<p style=\"text-align: center;\"><a href=\"http:\/\/www.korhanyilmaz.com\/wp-content\/uploads\/2011\/12\/8638.jpg\"  class=\"lightview\"><img loading=\"lazy\" decoding=\"async\" class=\"aligncenter  wp-image-44393\" src=\"http:\/\/www.korhanyilmaz.com\/wp-content\/uploads\/2011\/12\/8638.jpg\" alt=\"\" width=\"419\" height=\"202\" \/><\/a><\/p>\n<p style=\"text-align: justify;\">AKP yarg\u0131s\u0131 i\u015fleri istedi\u011fi gibi y\u00fcr\u00fctmeye devam ediyor. Kendisini zorda b\u0131rakacak soru\u015fturmalar ya kaplumba\u011fa h\u0131z\u0131nda ilerliyor ya da takipsizlik verilerek kapat\u0131l\u0131yor. Di\u011fer dosyalar ise, g\u00fcndem yaratmak i\u00e7in kullan\u0131l\u0131yor.<!--more--><\/p>\n<p style=\"text-align: justify;\">\u0130\u015fte o dosyalardan, jet h\u0131z\u0131yla bitirilenler ve hi\u00e7 ilerlemeyenlere \u00f6rnekler:<\/p>\n<p style=\"text-align: justify;\"><strong>KPSS soru\u015fturmas\u0131\u00a0<\/strong><\/p>\n<p style=\"text-align: justify;\">2010 Kamu Personeli Se\u00e7me S\u0131nav\u0131\u2019nda (KPSS) \u201ckopya \u00e7ekildi\u011fi ve sorular\u0131n \u00e7al\u0131nd\u0131\u011f\u0131\u201d iddialar\u0131yla ilgili Ankara Cumhuriyet Ba\u015fsavc\u0131l\u0131\u011f\u0131\u2019n\u0131n 23 A\u011fustos 2010 tarihinde ba\u015flatt\u0131\u011f\u0131 soru\u015fturma \u00fczerinden 1 y\u0131l ge\u00e7mesine ra\u011fmen tamamlanmad\u0131. Sorular\u0131n cemaat taraf\u0131ndan s\u0131zd\u0131r\u0131ld\u0131\u011f\u0131 iddia edilmi\u015fti. KPSS sorular\u0131n\u0131 e-posta yoluyla g\u00f6nderdi\u011fi iddia edilen B.K. ve S.\u0130. ile sorular\u0131n g\u00f6nderildi\u011fi \u00e7oban \u00f6\u011fretmen B.S., skandal ortaya \u00e7\u0131kt\u0131ktan hemen sonra, g\u00f6zalt\u0131na al\u0131narak serbest b\u0131rak\u0131ld\u0131.<\/p>\n<p style=\"text-align: justify;\"><strong>Beh\u00e7et Oktay soru\u015fturmas\u0131\u00a0<\/strong><\/p>\n<p style=\"text-align: justify;\">Ankara Dikmen\u2019de 2,5 y\u0131l \u00f6nce intihar ederek ya\u015fam\u0131na son verdi\u011fi iddia edilen eski Emniyet Genel M\u00fcd\u00fcrl\u00fc\u011f\u00fc \u00d6zel Harekt Daire Ba\u015fkan\u0131 Beh\u00e7et Oktay\u2019\u0131n \u00f6l\u00fcm\u00fcne ili\u015fkin soru\u015fturmada ilk \u00f6nce takipsizlik verildi. Daha sonra, Sincan A\u011f\u0131r Ceza Mahkemesi takipsizlik karar\u0131n\u0131 kald\u0131rd\u0131. Oktay ailesinin avukat\u0131 \u015eenol \u00d6zel, \u00f6l\u00fcm\u00fcnden sonra olay yeri inceleme raporlar\u0131na ge\u00e7irilmeyen Oktay\u2019\u0131n cep telefonundan g\u00f6r\u00fc\u015fme yap\u0131ld\u0131\u011f\u0131n\u0131 ortaya \u00e7\u0131karm\u0131\u015ft\u0131. \u00d6zel, konunun ara\u015ft\u0131r\u0131lmas\u0131 i\u00e7in savc\u0131l\u0131\u011fa dilek\u00e7e vermi\u015fti.<\/p>\n<p style=\"text-align: justify;\"><strong>Deniz Feneri e.V soru\u015fturmas\u0131\u00a0<\/strong><\/p>\n<p style=\"text-align: justify;\">2008 y\u0131l\u0131nda ba\u015flat\u0131lan Deniz Feneri e.V soru\u015fturmas\u0131n\u0131 y\u00fcr\u00fcten 3 savc\u0131, uzun s\u00fcre soru\u015fturman\u0131n ilerletilmedi\u011fi iddias\u0131yla su\u00e7land\u0131 ancak savc\u0131lar\u0131n Almanya\u2019ya bir t\u00fcrl\u00fc gidemedikleri ortaya \u00e7\u0131kt\u0131. Ocak ay\u0131nda Almanya\u2019ya giden savc\u0131lar, d\u00f6n\u00fc\u015flerinden 6 ay sonra operasyon d\u00fc\u011fmesine bast\u0131. Eski RT\u00dcK Ba\u015fkan\u0131 Zahid Akman ve Kanal 7 Y\u00f6netim Kurulu Ba\u015fkan\u0131 Karaman\u2019\u0131n da bulundu\u011fu 9 ki\u015fi tutukland\u0131. Ancak HSYK, soru\u015fturmay\u0131 y\u00fcr\u00fcten savc\u0131lar\u0131 g\u00f6revden ald\u0131. San\u0131klar tahliye edildi ve iddianame yeniden yaz\u0131lmaya ba\u015fland\u0131.<\/p>\n<p style=\"text-align: justify;\"><strong>Ar\u0131n\u00e7\u2019a suikast &#8211; Kozmik Oda soru\u015fturmas\u0131\u00a0<\/strong><\/p>\n<p style=\"text-align: justify;\">Ba\u015fbakan Yard\u0131mc\u0131s\u0131 B\u00fclent Ar\u0131n\u00e7\u2019\u0131n \u00c7ukurambar\u2019daki evinin yak\u0131nlar\u0131nda bir ara\u00e7 i\u00e7inde 2 subay\u0131n yakaland\u0131\u011f\u0131 iddia edildi. 20 Aral\u0131k 2009\u2019daki bu olay\u0131n ard\u0131ndan \u201cAr\u0131n\u00e7\u2019a suikast yap\u0131lacakt\u0131\u201d haberleri servis edildi. 25 Aral\u0131k g\u00fcn\u00fc, \u201cKozmik Oda\u201dda arama ba\u015flat\u0131ld\u0131. Belgelerin \u201cdevlet s\u0131rr\u0131\u201d niteli\u011finde olmas\u0131 nedeniyle aramay\u0131, Ankara 11. A\u011f\u0131r Ceza Mahkemesi \u00fcyesi Kadir Kayan yapt\u0131. 26 g\u00fcn s\u00fcren aramalar\u0131n ilk g\u00fcn\u00fcnde g\u00f6zalt\u0131na al\u0131nan 8 subay, sevk edildikleri mahkemece serbest b\u0131rak\u0131ld\u0131. Hakim Kayan, elde etti\u011fi belgeleri, savc\u0131 Mustafa Bilgili\u2019ye teslim etti. Bu a\u015famadan sonra soru\u015fturmadan ses \u00e7\u0131kmad\u0131.<\/p>\n<p style=\"text-align: justify;\"><strong>Baykal-MHP kasetleri soru\u015fturmas\u0131\u00a0<\/strong><\/p>\n<p style=\"text-align: justify;\">CHP\u2019de deprem etkisi yaratan ve genel ba\u015fkan de\u011fi\u015fikli\u011fine neden olan Deniz Baykal\u2019a ait oldu\u011fu iddia edilen kasedin soru\u015fturmas\u0131nda bug\u00fcne kadar herhangi bir ilerleme sa\u011flanamad\u0131. Baykal\u2019\u0131 koltu\u011fundan eden videoyu olu\u015fturanlar ve yay\u0131nlayanlar bir t\u00fcrl\u00fc bulunamad\u0131. Haziran ay\u0131nda yap\u0131lan genel se\u00e7imler \u00f6ncesinde, bu defa da MHP\u2019yi s\u0131k\u0131nt\u0131ya d\u00fc\u015f\u00fcrecek kasetler s\u0131zd\u0131r\u0131ld\u0131. \u201cfarkliulkuculuk.com\u201d adl\u0131 internet sitesindeki g\u00f6r\u00fcnt\u00fclerin ard\u0131ndan MHP Genel Ba\u015fkan Yard\u0131mc\u0131lar\u0131 Recai Y\u0131ld\u0131r\u0131m ve Metin \u00c7obano\u011flu g\u00f6revlerinden oldu. Konuyla iligli ba\u015flat\u0131lan soru\u015fturmadan ise hen\u00fcz bir ses yok.<\/p>\n<p style=\"text-align: justify;\"><strong>Kayseri Belediyesi soru\u015fturmas\u0131\u00a0<\/strong><\/p>\n<p style=\"text-align: justify;\">Kayseri B\u00fcy\u00fck\u015fehir Belediye Ba\u015fkanl\u0131\u011f\u0131\u2019nda g\u00f6revi k\u00f6t\u00fcye kullanma ve r\u00fc\u015fvet iddialar\u0131yla ilgili soru\u015fturmada, Belediye g\u00f6revlisi Hac\u0131 Ali hamurcu\u2019nun iddialar\u0131n\u0131n ard\u0131ndan 2008 y\u0131l\u0131nda takipsizlik karar\u0131 verildi. Ba\u015fbakan Recep Tayyip Erdo\u011fan ile CHP Genel Ba\u015fkan\u0131 Kemal K\u0131l\u0131\u00e7daro\u011flu aras\u0131nda yaz\u0131\u015fmalara ve polemiklere neden olan soru\u015fturmada CHP\u2019li milletvekilleri 2011 y\u0131l\u0131n\u0131n Ocak ay\u0131nda Kayseri\u2019ye giderek \u201cr\u00fc\u015fvet defterinin\u201d de i\u00e7inde bulundu\u011fu \u00e7ok say\u0131da iddiay\u0131 yeniden savc\u0131l\u0131\u011fa sundu. Ancak yeniden inceleme yapan Kayseri Cumhuriyet Savc\u0131l\u0131\u011f\u0131, 4 Kas\u0131m 2011\u2019de, 5 y\u0131l \u00f6ncesinde oldu\u011fu gibi yeniden takipsizlik karar\u0131 verdi.<\/p>\n<p style=\"text-align: justify;\"><a href=\"http:\/\/www.aydinlikgazete.com\/index.php?option=com_content&amp;view=article&amp;id=6414:yarginin-hizi-akpnn-stene-bali&amp;catid=35:joomla&amp;Itemid=95\" target=\"_blank\">Kaynak : Ayd\u0131nl\u0131k Gazetesi<\/a><\/p>\n","protected":false},"excerpt":{"rendered":"<p style=\"text-align: center;\">\n<p style=\"text-align: justify;\">AKP yarg\u0131s\u0131 i\u015fleri istedi\u011fi gibi y\u00fcr\u00fctmeye devam ediyor. Kendisini zorda b\u0131rakacak soru\u015fturmalar ya kaplumba\u011fa h\u0131z\u0131nda ilerliyor ya da takipsizlik verilerek kapat\u0131l\u0131yor. Di\u011fer dosyalar ise, g\u00fcndem yaratmak i\u00e7in kullan\u0131l\u0131yor.<\/p>\n","protected":false},"author":1,"featured_media":0,"comment_status":"open","ping_status":"open","sticky":false,"template":"","format":"standard","meta":{"footnotes":""},"categories":[105],"tags":[],"class_list":["post-44392","post","type-post","status-publish","format-standard","hentry","category-gundem","odd"],"_links":{"self":[{"href":"http:\/\/www.korhanyilmaz.com\/index.php?rest_route=\/wp\/v2\/posts\/44392","targetHints":{"allow":["GET"]}}],"collection":[{"href":"http:\/\/www.korhanyilmaz.com\/index.php?rest_route=\/wp\/v2\/posts"}],"about":[{"href":"http:\/\/www.korhanyilmaz.com\/index.php?rest_route=\/wp\/v2\/types\/post"}],"author":[{"embeddable":true,"href":"http:\/\/www.korhanyilmaz.com\/index.php?rest_route=\/wp\/v2\/users\/1"}],"replies":[{"embeddable":true,"href":"http:\/\/www.korhanyilmaz.com\/index.php?rest_route=%2Fwp%2Fv2%2Fcomments&post=44392"}],"version-history":[{"count":0,"href":"http:\/\/www.korhanyilmaz.com\/index.php?rest_route=\/wp\/v2\/posts\/44392\/revisions"}],"wp:attachment":[{"href":"http:\/\/www.korhanyilmaz.com\/index.php?rest_route=%2Fwp%2Fv2%2Fmedia&parent=44392"}],"wp:term":[{"taxonomy":"category","embeddable":true,"href":"http:\/\/www.korhanyilmaz.com\/index.php?rest_route=%2Fwp%2Fv2%2Fcategories&post=44392"},{"taxonomy":"post_tag","embeddable":true,"href":"http:\/\/www.korhanyilmaz.com\/index.php?rest_route=%2Fwp%2Fv2%2Ftags&post=44392"}],"curies":[{"name":"wp","href":"https:\/\/api.w.org\/{rel}","templated":true}]}}