{"id":44379,"date":"2011-12-18T01:19:38","date_gmt":"2011-12-17T23:19:38","guid":{"rendered":"http:\/\/www.korhanyilmaz.com\/?p=44379"},"modified":"2011-12-18T10:52:42","modified_gmt":"2011-12-18T08:52:42","slug":"sarkozynin-yaptigi-sacmaliklarindan-biri","status":"publish","type":"post","link":"http:\/\/www.korhanyilmaz.com\/?p=44379","title":{"rendered":"&#8216;Sarkozy&#8217;nin yapt\u0131\u011f\u0131 sa\u00e7mal\u0131klar\u0131ndan biri&#8217;"},"content":{"rendered":"<p style=\"text-align: center;\"><a href=\"http:\/\/www.korhanyilmaz.com\/wp-content\/uploads\/2011\/12\/8637.jpg\"  class=\"lightview\"><img loading=\"lazy\" decoding=\"async\" class=\"aligncenter  wp-image-44377\" src=\"http:\/\/www.korhanyilmaz.com\/wp-content\/uploads\/2011\/12\/8637.jpg\" alt=\"\" width=\"333\" height=\"191\" \/><\/a><\/p>\n<p style=\"text-align: justify;\">AKPM Ba\u015fkan\u0131 Mevl\u00fct \u00c7avu\u015fo\u011flu, 1915 olaylar\u0131yla ilgili olarak Fransa Meclisi&#8217;nde g\u00fcndeme getirilmeye \u00e7al\u0131\u015f\u0131lan tasar\u0131ya ili\u015fkin, &#8221;Bu, Sarkozy&#8217;nin kaybetti\u011fi deste\u011fi geri almak i\u00e7in yapt\u0131\u011f\u0131 sa\u00e7mal\u0131klardan biri. Bunu Frans\u0131zlar\u0131n y\u00fcz\u00fcne de s\u00f6yl\u00fcyorum&#8221; dedi.\u00a0<!--more--><\/p>\n<p style=\"text-align: justify;\">\u0130STANBUL &#8211; Marmara Grubu Vakf\u0131n\u0131n &#8221;Aral\u0131k 2011 Akademik Konsey Toplant\u0131s\u0131&#8221;na onur konu\u011fu olarak kat\u0131lan Avrupa Konseyi Parlamenter Meclisi (AKPM) Ba\u015fkan\u0131 Mevl\u00fct \u00c7avu\u015fo\u011flu, burada yapt\u0131\u011f\u0131 konu\u015fmada, AKPM&#8217;nin ilk T\u00fcrk ba\u015fkan\u0131 olmaktan duydu\u011fu memnuniyeti dile getirdi.<\/p>\n<p style=\"text-align: justify;\">\u00c7avu\u015fo\u011flu, Avrupa Konseyi&#8217;nin kurulu\u015fu ve yap\u0131lanmas\u0131 hakk\u0131nda bilgi vererek, &#8221;Bug\u00fcn hala 10 \u00fclke AKPM&#8217;nin denetimi alt\u0131ndad\u0131r. 4 tane \u00fclke de denetim sonras\u0131 diyalog s\u00fcrecindedir. Bunlardan biri T\u00fcrkiye&#8217;dir. 2004&#8217;te T\u00fcrkiye denetimden \u00e7\u0131km\u0131\u015ft\u0131r&#8221; dedi.<\/p>\n<p style=\"text-align: justify;\">G\u00f6revde bulundu\u011fu s\u00fcre i\u00e7erisinde yapt\u0131\u011f\u0131 \u00e7al\u0131\u015fmalardan bahseden \u00c7avu\u015fo\u011flu, \u015f\u00f6yle devam etti:<\/p>\n<p style=\"text-align: justify;\">&#8221;Avrupa Konseyi&#8217;nin ba\u015fka bir g\u00f6revi de insan haklar\u0131, demokrasi ve \u00f6zg\u00fcrl\u00fckler konusunda buna yeni ge\u00e7en \u00fclkelere yard\u0131mc\u0131 olmakt\u0131r. \u00d6zellikle 1970&#8217;li y\u0131llarda Avrupa&#8217;da diktat\u00f6rl\u00fckler y\u0131k\u0131ld\u0131ktan sonra o \u00fclkelerdeki demokratik standartlar\u0131n y\u00fckselmesine \u00e7ok b\u00fcy\u00fck katk\u0131s\u0131 olmu\u015ftur. Biz de ba\u015fkan se\u00e7ildikten sonra baz\u0131 yeni de\u011fi\u015fiklikler getirmek istedik. Nas\u0131l o y\u0131llarda bu \u00fclkelere Avrupa Konseyi yard\u0131mc\u0131 olduysa, bizim d\u00f6nemimizde AKPM olarak kom\u015fu b\u00f6lgelerdeki \u00fclkelerde demokratik standartlar\u0131n geli\u015fmesi i\u00e7in \u00e7aba ba\u015flatt\u0131k. Yeni bir \u00fcyelik stat\u00fcs\u00fc geli\u015ftirdik, &#8216;demokrasi i\u00e7in ortakl\u0131k stat\u00fcs\u00fc&#8217; ad\u0131 alt\u0131nda. Bu s\u00fcreci &#8216;Arap Bahar\u0131&#8217; ba\u015flamadan \u00f6nce ortaya koyduk. 2010&#8217;da ba\u015fkan se\u00e7ildikten bir ay sonra Fas bu \u00fcyelik i\u00e7in ba\u015fvurdu. Bu sene haziran ay\u0131nda Fas&#8217;\u0131 ilk defa Avrupa tarihinde Avrupa s\u0131n\u0131rlar\u0131nda olmayan bir \u00fclkeyi \u00fcye yapt\u0131k. \u015eimdi K\u0131rg\u0131zistan&#8217;dan talep geldi. Se\u00e7imlerden sonra ayn\u0131 talebi Kazakistan&#8217;dan ve yak\u0131n zamanda da Tunus&#8217;tan demokratik kurumlar olu\u015ftuktan sonra bekliyoruz.&#8221;<\/p>\n<p style=\"text-align: justify;\">\u00c7avu\u015fo\u011flu, Avrupa&#8217;n\u0131n ciddi bir ekonomik krizin etkisinde oldu\u011funa i\u015faret ederek, krizlerin topluma etkisini ara\u015ft\u0131rmak zorunda olduklar\u0131n\u0131 kaydetti.<\/p>\n<p style=\"text-align: justify;\">&#8221;Avrupa&#8217;da herkesi endi\u015feye s\u00fcr\u00fckleyen bir \u0131rk\u00e7\u0131l\u0131k, ho\u015fg\u00f6r\u00fcs\u00fczl\u00fck, yabanc\u0131 d\u00fc\u015fmanl\u0131\u011f\u0131 var&#8221; diyen \u00c7avu\u015fo\u011flu, \u015f\u00f6yle devam etti:<\/p>\n<p style=\"text-align: justify;\">&#8221;Bug\u00fcn bunun somut sonu\u00e7lar\u0131n\u0131 g\u00f6r\u00fcyoruz. Bug\u00fcn \u0131l\u0131ml\u0131 partilerin bile kaybettikleri oylar\u0131 geri alabilmek i\u00e7in \u0131rk\u00e7\u0131 partilerin s\u00f6ylemlerini kulland\u0131klar\u0131n\u0131 ve ayn\u0131 eylem i\u00e7inde olduklar\u0131n\u0131 g\u00f6r\u00fcyoruz. Bununla ilgili m\u00fccadele etmek gerekiyor. Zihinlerin de\u011fi\u015fmesi laz\u0131m. Bu y\u00fczden ba\u015fkanl\u0131\u011f\u0131m\u0131n en \u00f6ncelikli konular\u0131ndan biri, k\u00fclt\u00fcrler aras\u0131 diyalo\u011fu art\u0131rmak oldu.&#8221; de ayn\u0131s\u0131n\u0131 yapt\u0131k&#8221; ifadelerini kulland\u0131.<\/p>\n<p style=\"text-align: justify;\"><strong>&#8216;B\u00d6YLE B\u0130R AKIL TUTULMASI OLMAZ&#8217;\u00a0<\/strong><\/p>\n<p style=\"text-align: justify;\">\u00c7avu\u015fo\u011flu, 1915 olaylar\u0131yla ilgili olarak Fransa Meclisi&#8217;nde g\u00fcndeme getirilmeye \u00e7al\u0131\u015f\u0131lan tasar\u0131ya ili\u015fkin Avrupa Konseyi&#8217;nin bir \u00e7al\u0131\u015fmas\u0131 olup olmad\u0131\u011f\u0131n\u0131n sorulmas\u0131 \u00fczerine de \u015funlar\u0131 kaydetti:<\/p>\n<p style=\"text-align: justify;\">&#8221;Bu, Sarkozy&#8217;nin kaybetti\u011fi deste\u011fi geri almak i\u00e7in yapt\u0131\u011f\u0131 sa\u00e7mal\u0131klardan biri. Bunu Frans\u0131zlar\u0131n y\u00fcz\u00fcne de s\u00f6yl\u00fcyorum. \u00c7\u00fcnk\u00fc bu her \u015feyden \u00f6nce Avrupa Konseyi&#8217;nin prensiplerine kar\u015f\u0131, yani d\u00fc\u015f\u00fcnce \u00f6zg\u00fcrl\u00fc\u011f\u00fcne kar\u015f\u0131. Siz, &#8216;s\u00f6zde soyk\u0131r\u0131m var&#8217; diyebilirsiniz, ama benim de &#8216;yok&#8217; deme hakk\u0131m var. B\u00f6yle bir ak\u0131l tutulmas\u0131 olmaz. En temel prensiplerimize ayk\u0131r\u0131d\u0131r. Meclis olarak bu konuda hen\u00fcz bir karar almad\u0131\u011f\u0131m\u0131z i\u00e7in bir \u015fey s\u00f6yleyemeyiz, ama Frans\u0131z arkada\u015flar\u0131m\u0131z\u0131 uyard\u0131k. Benden sonra se\u00e7ilecek ba\u015fkan Frans\u0131z. H\u00fck\u00fcmetimiz bu konuda tutumunu belirledi. MHP bu konuda deste\u011fini verdi, in\u015fallah di\u011fer partiler de bu konuda ayn\u0131 tutum i\u00e7inde olur, \u00e7\u00fcnk\u00fc bu bizim milli bir meselemizdir. \u0130\u00e7 siyasi \u00e7eki\u015fmelerden uzak bu konuda birlikte hareket etmemiz laz\u0131m g\u00fc\u00e7l\u00fc olabilmemiz i\u00e7in. Umar\u0131m sa\u011fduyu kazan\u0131r, aksi takdirde bunun yans\u0131malar\u0131 Fransa i\u00e7in de hi\u00e7 ho\u015f olmaz. Bu, tamamen Sarkozy&#8217;nin bir se\u00e7im malzemesidir. T\u00fcrkiye art\u0131k o veya bu \u00fclkenin veya Sarkozy gibi insanlar\u0131n se\u00e7im kampanyalar\u0131na malzeme olacak bir \u00fclke de\u011fil.&#8221;<\/p>\n<p style=\"text-align: justify;\"><strong>&#8216;A\u0130HM&#8217;DEK\u0130 DOSYA SAYISI \u0130\u00c7 A\u00c7ICI DE\u011e\u0130L&#8217;\u00a0<\/strong><\/p>\n<p style=\"text-align: justify;\">T\u00fcrkiye&#8217;nin Avrupa \u0130nsan Haklar\u0131 Mahkemesi&#8217;ndeki (A\u0130HM) dosya say\u0131s\u0131yla ilgili bir soru \u00fczerine de \u00c7avu\u015fo\u011flu, &#8221;T\u00fcrkiye&#8217;nin A\u0130HM&#8217;deki dosya say\u0131s\u0131na bakt\u0131\u011f\u0131m\u0131zda durum i\u00e7 a\u00e7\u0131c\u0131 de\u011fil. 47 \u00fclke aras\u0131nda \u00fc\u00e7\u00fcnc\u00fc s\u0131raday\u0131z. Bu \u00f6v\u00fcn\u00fclecek bir \u015fey de\u011fil. Bunlar\u0131n i\u00e7inde de tekrar\u0131 olan dosya say\u0131s\u0131 \u00e7ok&#8221; \u015feklinde konu\u015ftu.<\/p>\n<p style=\"text-align: justify;\">\u00c7avu\u015fo\u011flu, herkesin yarg\u0131lama ve tutukluluk s\u00fcrecinin uzun olmas\u0131ndan \u015fikayet\u00e7i oldu\u011funu ifade ederek,s\u00f6zlerini \u015f\u00f6yle tamamlad\u0131:<\/p>\n<p style=\"text-align: justify;\">&#8221;Bunlar\u0131n d\u00fczeltilmesi, ayn\u0131 zamanda i\u00e7 hukuk yollar\u0131n\u0131n g\u00fc\u00e7lendirilmesi, yarg\u0131 reformunun yap\u0131lmas\u0131 gerekiyor. T\u00fcrkiye aleyhine dava a\u00e7an insanlar\u0131n i\u00e7eride haklar\u0131n\u0131n ihlal edilmedi\u011fine inanacak \u015fekilde kararlar\u0131n vicdanda yer bulmas\u0131 laz\u0131m. En son N.\u00c7 olay\u0131n\u0131 vicdanlar\u0131m\u0131z kabul etmez. Bu insan haklar\u0131 mahkemesine giderse de T\u00fcrkiye mahkum olur tahminimce. Oradaki bu kadar dosya say\u0131s\u0131, Avrupa Konseyi&#8217;nde T\u00fcrkiye&#8217;yi savunmaya \u00e7al\u0131\u015fan milletvekilleri ve diplomatlar\u0131 da, mahkeme i\u00e7indeki yarg\u0131\u00e7 ve di\u011fer arkada\u015flar\u0131 da rahats\u0131z etmektedir.&#8221;<\/p>\n<p style=\"text-align: justify;\"><a href=\"http:\/\/www.ntvmsnbc.com\/id\/25306933\/\" target=\"_blank\">Kaynak : NTVMSNBC<\/a><\/p>\n","protected":false},"excerpt":{"rendered":"<p style=\"text-align: center;\">\n<p style=\"text-align: justify;\">AKPM Ba\u015fkan\u0131 Mevl\u00fct \u00c7avu\u015fo\u011flu, 1915 olaylar\u0131yla ilgili olarak Fransa Meclisi&#8217;nde g\u00fcndeme getirilmeye \u00e7al\u0131\u015f\u0131lan tasar\u0131ya ili\u015fkin, &#8221;Bu, Sarkozy&#8217;nin kaybetti\u011fi deste\u011fi geri almak i\u00e7in yapt\u0131\u011f\u0131 sa\u00e7mal\u0131klardan biri. Bunu Frans\u0131zlar\u0131n y\u00fcz\u00fcne de s\u00f6yl\u00fcyorum&#8221; dedi. <\/p>\n","protected":false},"author":1,"featured_media":0,"comment_status":"open","ping_status":"open","sticky":false,"template":"","format":"standard","meta":{"footnotes":""},"categories":[105],"tags":[],"class_list":["post-44379","post","type-post","status-publish","format-standard","hentry","category-gundem","odd"],"_links":{"self":[{"href":"http:\/\/www.korhanyilmaz.com\/index.php?rest_route=\/wp\/v2\/posts\/44379","targetHints":{"allow":["GET"]}}],"collection":[{"href":"http:\/\/www.korhanyilmaz.com\/index.php?rest_route=\/wp\/v2\/posts"}],"about":[{"href":"http:\/\/www.korhanyilmaz.com\/index.php?rest_route=\/wp\/v2\/types\/post"}],"author":[{"embeddable":true,"href":"http:\/\/www.korhanyilmaz.com\/index.php?rest_route=\/wp\/v2\/users\/1"}],"replies":[{"embeddable":true,"href":"http:\/\/www.korhanyilmaz.com\/index.php?rest_route=%2Fwp%2Fv2%2Fcomments&post=44379"}],"version-history":[{"count":0,"href":"http:\/\/www.korhanyilmaz.com\/index.php?rest_route=\/wp\/v2\/posts\/44379\/revisions"}],"wp:attachment":[{"href":"http:\/\/www.korhanyilmaz.com\/index.php?rest_route=%2Fwp%2Fv2%2Fmedia&parent=44379"}],"wp:term":[{"taxonomy":"category","embeddable":true,"href":"http:\/\/www.korhanyilmaz.com\/index.php?rest_route=%2Fwp%2Fv2%2Fcategories&post=44379"},{"taxonomy":"post_tag","embeddable":true,"href":"http:\/\/www.korhanyilmaz.com\/index.php?rest_route=%2Fwp%2Fv2%2Ftags&post=44379"}],"curies":[{"name":"wp","href":"https:\/\/api.w.org\/{rel}","templated":true}]}}