{"id":44346,"date":"2011-12-17T21:52:02","date_gmt":"2011-12-17T19:52:02","guid":{"rendered":"http:\/\/www.korhanyilmaz.com\/?p=44346"},"modified":"2011-12-18T09:52:33","modified_gmt":"2011-12-18T07:52:33","slug":"akp-oylarini-artirdikca","status":"publish","type":"post","link":"http:\/\/www.korhanyilmaz.com\/?p=44346","title":{"rendered":"&#8220;AKP oylar\u0131n\u0131 art\u0131rd\u0131k\u00e7a&#8230;&#8221;"},"content":{"rendered":"<p style=\"text-align: center;\"><a href=\"http:\/\/www.korhanyilmaz.com\/wp-content\/uploads\/2011\/12\/8636.jpg\"  class=\"lightview\"><img loading=\"lazy\" decoding=\"async\" class=\"aligncenter  wp-image-44347\" src=\"http:\/\/www.korhanyilmaz.com\/wp-content\/uploads\/2011\/12\/8636.jpg\" alt=\"\" width=\"258\" height=\"193\" \/><\/a><\/p>\n<p style=\"text-align: justify;\">CHP Grup Ba\u015fkanvekili Akif Hamza\u00e7ebi, &#8221;AKP her se\u00e7imde oylar\u0131n\u0131 art\u0131rd\u0131k\u00e7a T\u00fcrkiye demokraside, insan hak ve \u00f6zg\u00fcrl\u00fcklerinde daha geriye gitmi\u015ftir&#8221; dedi.<\/p>\n<p style=\"text-align: justify;\">\u0130stanbul- Partisinin \u00dcmraniye Ihlamurkuyu Mahallesindeki 1. B\u00f6lge \u0130rtibat B\u00fcrosunun a\u00e7\u0131l\u0131\u015f\u0131n\u0131 yapan Hamza\u00e7ebi, \u0130nsan Haklar\u0131 Haftas\u0131nda bulunuldu\u011funu hat\u0131rlatarak, T\u00fcrkiye&#8217;nin, insan hak ve \u00f6zg\u00fcrl\u00fcklerinde mesafe alan de\u011fil, mesafe kaybeden bir \u00fclke konumunda oldu\u011funu savundu.\u00a0<!--more--><\/p>\n<p style=\"text-align: justify;\">T\u00fcrkiye&#8217;de insanlar\u0131n 9 y\u0131l \u00f6ncesine g\u00f6re daha \u00f6zg\u00fcr oldu\u011funu s\u00f6ylemenin m\u00fcmk\u00fcn olmad\u0131\u011f\u0131n\u0131 ifade eden Hamza\u00e7ebi, &#8221;AKP her se\u00e7imde oylar\u0131n\u0131 art\u0131rd\u0131k\u00e7a T\u00fcrkiye demokraside, insan hak ve \u00f6zg\u00fcrl\u00fcklerinde daha geriye gitmi\u015ftir&#8221; dedi.<\/p>\n<p style=\"text-align: justify;\">Hamza\u00e7ebi, bug\u00fcn hapishanelerdeki 125 bin ki\u015fiden yar\u0131ya yak\u0131n\u0131n\u0131n tutuklu oldu\u011funu, bunlar\u0131n \u015fimdiden su\u00e7lu oldu\u011funun s\u00f6ylenemeyece\u011fini, ancak iktidar\u0131n, tutuklulara mahkum g\u00f6z\u00fcyle bakt\u0131\u011f\u0131n\u0131 dile getirerek, \u015funlar\u0131 kaydetti:<\/p>\n<p style=\"text-align: justify;\">&#8221;CHP&#8217;nin, tutukluluk s\u00fcrelerinin indirilmesine ili\u015fkin teklifi ortaya konuldu\u011funda, &#8216;2 bin 500 ki\u015fi tahliye olur&#8217; diyorlar. Peki tutuklu olan insanlar mahkum mu olacak, tutuksuz yarg\u0131lananlar beraat m\u0131 edecek? Siz mahkemelerin yerine ge\u00e7erek karar m\u0131 verdiniz? B\u00f6yle bir anlay\u0131\u015f var iktidarda. Tutuksuz yarg\u0131lananlar mahkum olabilece\u011fi gibi, tutuklu yarg\u0131lananlar yar\u0131n beraat edebilirler. Bu kararlar kesinle\u015finceye kadar herkes masumdur. Biz buna inan\u0131yoruz.&#8221;<\/p>\n<p style=\"text-align: justify;\">Hamza\u00e7ebi, ge\u00e7en y\u0131l 160 ki\u015finin hapishanelerde kendisine tedavi imkan\u0131 sunulmad\u0131\u011f\u0131 i\u00e7in hayat\u0131n\u0131 kaybetti\u011fini ifade ederek, &#8221;Bunlar\u0131n aras\u0131nda, paras\u0131zl\u0131k nedeniyle cenazesini belediyelerin kald\u0131rd\u0131\u011f\u0131 ki\u015filer var. Bu ki\u015filer \u00f6rg\u00fct\u00fcn finansman\u0131n\u0131 sa\u011flayan ki\u015filer olarak yarg\u0131lanm\u0131\u015ft\u0131, bunlar\u0131 unutmad\u0131k&#8221; diye konu\u015ftu.<\/p>\n<p style=\"text-align: justify;\">&#8221;Bug\u00fcn cezaevleri, iktidara kar\u015f\u0131 olan, iktidara kar\u015f\u0131 g\u00f6r\u00fc\u015f ifade eden insanlarla, bilim adamlar\u0131, ayd\u0131nlar, gazeteciler ve gen\u00e7lerle dolu&#8221; diyen Hamza\u00e7ebi, &#8221;Hi\u00e7bir demokraside yumurta atmak, &#8216;paras\u0131z e\u011fitim istiyoruz&#8217; pankart\u0131 a\u00e7mak su\u00e7 de\u011fildir. Ama T\u00fcrkiye&#8217;de bunlar su\u00e7tur. Bunlar AKP iktidar\u0131 d\u00f6neminde su\u00e7 olmu\u015ftur&#8221; dedi.<\/p>\n<p style=\"text-align: justify;\">Hamza\u00e7ebi, bug\u00fcnk\u00fc iktidar\u0131n Emevi iktidar\u0131 gibi oldu\u011funu, T\u00fcrkiye&#8217;nin 1200 sene geriye gitti\u011fini savundu.<\/p>\n<p style=\"text-align: justify;\">AKP oylar\u0131n\u0131 art\u0131rd\u0131k\u00e7a T\u00fcrkiye&#8217;nin siyasi istikrardan uzakla\u015ft\u0131\u011f\u0131n\u0131 \u00f6ne s\u00fcren Hamza\u00e7ebi, T\u00fcrkiye&#8217;nin AKP ile birlikte her se\u00e7im d\u00f6neminde daha otoriter bir rejime do\u011fru y\u00f6neldi\u011fini s\u00f6yledi.<\/p>\n<p style=\"text-align: justify;\">Hamza\u00e7ebi, h\u00fck\u00fcmetin ekonomiyi devrald\u0131\u011f\u0131nda enkaz edebiyat\u0131 yapt\u0131\u011f\u0131n\u0131, 2001 krizi \u00e7ok a\u011f\u0131r bir kriz olmas\u0131na ra\u011fmen 2011 sonu itibariyle i\u015fsizli\u011fin 2002 seviyesinin \u00fczerinde oldu\u011funu ifade etti.<\/p>\n<p style=\"text-align: justify;\"><strong>\u00d6\u011fretmen ihtiyac\u0131\u00a0<\/strong><\/p>\n<p style=\"text-align: justify;\">Milli e\u011fitimin \u00f6\u011fretmen ihtiyac\u0131na i\u015faret eden Hamza\u00e7ebi, \u015f\u00f6yle konu\u015ftu:<\/p>\n<p style=\"text-align: justify;\">&#8221;\u00d6\u011fretmenlerimiz atama bekliyor. Bu h\u00fck\u00fcmetin se\u00e7imden \u00f6nceki bakan\u0131 Nimet \u00c7ubuk\u00e7u, 2011&#8217;de 55 bin \u00f6\u011fretmen al\u0131naca\u011f\u0131n\u0131 s\u00f6yledi. Yeni bir h\u00fck\u00fcmet kuruldu. Yeni bakan\u0131n, eski bakan\u0131n verdi\u011fi s\u00f6z kar\u015f\u0131s\u0131nda etti\u011fi bir c\u00fcmle var; &#8216;\u00d6\u011fretmenlerimizden \u00f6z\u00fcr diliyoruz&#8217;. Milli E\u011fitim Bakanl\u0131\u011f\u0131 \u00f6z\u00fcr dileme makam\u0131 de\u011fildir. Okullar\u0131n \u00f6\u011fretmen ihtiyac\u0131, atanamayan \u00f6\u011fretmen sorunu varsa bunlar\u0131 derhal atayacaks\u0131n. CHP&#8217;nin, 115 bin \u00f6\u011fretmenin \u00f6n\u00fcm\u00fczdeki y\u0131l\u0131n A\u011fustos ay\u0131n\u0131n sonuna kadar atanmas\u0131 y\u00f6n\u00fcnde verdi\u011fi teklif var. Sorunlar kar\u015f\u0131s\u0131nda duyarl\u0131 oldu\u011funu s\u00f6yleyenler \u00f6z\u00fcr dilemezler, CHP&#8217;nin verdi\u011fi teklifi al\u0131r yasala\u015ft\u0131r\u0131rlar.&#8221;<\/p>\n<p style=\"text-align: justify;\">Hamza\u00e7ebi, se\u00e7imlerde hangi s\u00f6z\u00fc verdilerse, Meclis&#8217;te onun ad\u0131mlar\u0131n\u0131 att\u0131klar\u0131n\u0131 vurgulayarak, buna 2B ve askerli\u011fin k\u0131salt\u0131lmas\u0131na ili\u015fkin tekliflerini \u00f6rnek g\u00f6sterdi.<\/p>\n<p style=\"text-align: justify;\"><a href=\"http:\/\/www.cumhuriyet.com.tr\/?hn=301166\" target=\"_blank\">Kaynak : Cumhuriyet Haber Portal\u0131<\/a><\/p>\n","protected":false},"excerpt":{"rendered":"<p style=\"text-align: center;\">\n<p style=\"text-align: justify;\">CHP Grup Ba\u015fkanvekili Akif Hamza\u00e7ebi, &#8221;AKP her se\u00e7imde oylar\u0131n\u0131 art\u0131rd\u0131k\u00e7a T\u00fcrkiye demokraside, insan hak ve \u00f6zg\u00fcrl\u00fcklerinde daha geriye gitmi\u015ftir&#8221; dedi.<\/p>\n<p style=\"text-align: justify;\">\u0130stanbul- Partisinin \u00dcmraniye Ihlamurkuyu Mahallesindeki 1. B\u00f6lge \u0130rtibat B\u00fcrosunun a\u00e7\u0131l\u0131\u015f\u0131n\u0131 yapan Hamza\u00e7ebi, \u0130nsan Haklar\u0131 Haftas\u0131nda bulunuldu\u011funu hat\u0131rlatarak, T\u00fcrkiye&#8217;nin, insan hak ve \u00f6zg\u00fcrl\u00fcklerinde mesafe alan de\u011fil, mesafe kaybeden bir <\/p>\n","protected":false},"author":1,"featured_media":0,"comment_status":"open","ping_status":"open","sticky":false,"template":"","format":"standard","meta":{"footnotes":""},"categories":[105],"tags":[],"class_list":["post-44346","post","type-post","status-publish","format-standard","hentry","category-gundem","odd"],"_links":{"self":[{"href":"http:\/\/www.korhanyilmaz.com\/index.php?rest_route=\/wp\/v2\/posts\/44346","targetHints":{"allow":["GET"]}}],"collection":[{"href":"http:\/\/www.korhanyilmaz.com\/index.php?rest_route=\/wp\/v2\/posts"}],"about":[{"href":"http:\/\/www.korhanyilmaz.com\/index.php?rest_route=\/wp\/v2\/types\/post"}],"author":[{"embeddable":true,"href":"http:\/\/www.korhanyilmaz.com\/index.php?rest_route=\/wp\/v2\/users\/1"}],"replies":[{"embeddable":true,"href":"http:\/\/www.korhanyilmaz.com\/index.php?rest_route=%2Fwp%2Fv2%2Fcomments&post=44346"}],"version-history":[{"count":0,"href":"http:\/\/www.korhanyilmaz.com\/index.php?rest_route=\/wp\/v2\/posts\/44346\/revisions"}],"wp:attachment":[{"href":"http:\/\/www.korhanyilmaz.com\/index.php?rest_route=%2Fwp%2Fv2%2Fmedia&parent=44346"}],"wp:term":[{"taxonomy":"category","embeddable":true,"href":"http:\/\/www.korhanyilmaz.com\/index.php?rest_route=%2Fwp%2Fv2%2Fcategories&post=44346"},{"taxonomy":"post_tag","embeddable":true,"href":"http:\/\/www.korhanyilmaz.com\/index.php?rest_route=%2Fwp%2Fv2%2Ftags&post=44346"}],"curies":[{"name":"wp","href":"https:\/\/api.w.org\/{rel}","templated":true}]}}