{"id":44342,"date":"2011-12-17T19:06:50","date_gmt":"2011-12-17T17:06:50","guid":{"rendered":"http:\/\/www.korhanyilmaz.com\/?p=44342"},"modified":"2011-12-18T09:47:19","modified_gmt":"2011-12-18T07:47:19","slug":"mhpli-vekil-partiden-ihrac-edildi","status":"publish","type":"post","link":"http:\/\/www.korhanyilmaz.com\/?p=44342","title":{"rendered":"MHP&#8217;li vekil partiden ihra\u00e7 edildi"},"content":{"rendered":"<p style=\"text-align: justify;\"><a href=\"http:\/\/www.korhanyilmaz.com\/wp-content\/uploads\/2011\/12\/8635.jpg\"  class=\"lightview\"><img loading=\"lazy\" decoding=\"async\" class=\"aligncenter size-full wp-image-44343\" title=\"\" src=\"http:\/\/www.korhanyilmaz.com\/wp-content\/uploads\/2011\/12\/8635.jpg\" alt=\"\" width=\"292\" height=\"220\" \/><\/a><\/p>\n<p style=\"text-align: justify;\">MHP Antalya Milletvekili Yusuf Ziya \u0130rbe\u00e7, partiden ihra\u00e7 edildi. 12 Haziran se\u00e7imleri \u00f6ncesinde AK Parti&#8217;den istifa ederek MHP&#8217;ye kat\u0131lan \u0130rbe\u00e7, MHP Genel Ba\u015fkan\u0131 Devlet Bah\u00e7eli&#8217;ye y\u00f6nelik ele\u015ftirileri ile g\u00fcndeme gelmi\u015fti.<\/p>\n<p style=\"text-align: justify;\">\u00d6nce AK Parti&#8217;den istifa etti, ard\u0131ndan yeni kat\u0131ld\u0131\u011f\u0131 MHP&#8217;den ihra\u00e7 edildi.\u00a0<!--more--><\/p>\n<p style=\"text-align: justify;\">Antalya Milletvekili Yusuf Ziya \u0130rbe\u00e7, MHP genel merkezine y\u00f6nelik ele\u015ftirileri nedeniyle, Bah\u00e7eli taraf\u0131ndan dengesiz a\u00e7\u0131klamalar yapmakla itham edilmi\u015fti.<\/p>\n<p style=\"text-align: justify;\">Bah\u00e7eli, \u0130rbe\u00e7&#8217;i kesin ihra\u00e7 talebiyle Merkez Disiplin Kurulu&#8217;na sevketti.<\/p>\n<p style=\"text-align: justify;\">MHP&#8217;den yap\u0131lan yaz\u0131l\u0131 a\u00e7\u0131klamaya g\u00f6re, Milliyet\u00e7i Hareket Partisi Merkez Disiplin Kurulu Mehmet Nacar ba\u015fkanl\u0131\u011f\u0131nda topland\u0131.<\/p>\n<p style=\"text-align: justify;\">MHP Genel Ba\u015fkanl\u0131\u011f\u0131n\u0131n 22 Ekim 2011 tarihinde tedbirli olarak kesin ihra\u00e7 talebiyle Merkez Disiplin Kuruluna sevk etti\u011fi Antalya Milletvekili Yusuf Ziya \u0130rbe\u00e7&#8217;in durumunu g\u00f6r\u00fc\u015ft\u00fc.<\/p>\n<p style=\"text-align: justify;\">Olu\u015fturulan tahkikat heyetinin \u00e7al\u0131\u015fmalar\u0131n\u0131 tamamlad\u0131\u011f\u0131 ve ara\u015ft\u0131r\u0131lacak hususun kalmad\u0131\u011f\u0131 belirtilen a\u00e7\u0131klama \u015f\u00f6yle: &#8220;Disiplin Kurulumuz bug\u00fcn yapm\u0131\u015f oldu\u011fu toplant\u0131da, Antalya Milletvekili Yusuf Ziya \u0130rbe\u00e7&#8217;in parti t\u00fcz\u00fc\u011f\u00fcn\u00fcn 11. maddesinin a, b, c ve e f\u0131kralar\u0131nda belirtilen g\u00f6rev ve sorumluluklar\u0131n\u0131 yerine getirmeyerek, parti t\u00fcz\u00fc\u011f\u00fcn\u00fcn 78. maddenin 4. f\u0131kras\u0131n\u0131n c, e, h ve i bentlerinde ifade edilen fiilleri i\u015fledi\u011fi, bu fiillerin s\u00fcbut buldu\u011fu ve kesin \u00e7\u0131karma cezas\u0131n\u0131 gerektirdi\u011fi, bu sebeple Antalya Milletvekili Yusuf Ziya \u0130rbe\u00e7&#8217;in MHP&#8217;den kesin \u00e7\u0131karma cezas\u0131yla tecziyesine karar vermi\u015ftir.&#8221;<\/p>\n<p style=\"text-align: justify;\">MHP&#8217;nin Meclis&#8217;teki sandalye say\u0131s\u0131 51&#8217;e d\u00fc\u015ft\u00fc.<\/p>\n<p style=\"text-align: justify;\"><a href=\"http:\/\/www.cnnturk.com\/2011\/turkiye\/12\/17\/mhpli.vekil.partiden.ihrac.edildi\/640914.0\/index.html\">Kaynak : CNN T\u00dcRK<\/a><\/p>\n","protected":false},"excerpt":{"rendered":"<p style=\"text-align: justify;\">\n<p style=\"text-align: justify;\">MHP Antalya Milletvekili Yusuf Ziya \u0130rbe\u00e7, partiden ihra\u00e7 edildi. 12 Haziran se\u00e7imleri \u00f6ncesinde AK Parti&#8217;den istifa ederek MHP&#8217;ye kat\u0131lan \u0130rbe\u00e7, MHP Genel Ba\u015fkan\u0131 Devlet Bah\u00e7eli&#8217;ye y\u00f6nelik ele\u015ftirileri ile g\u00fcndeme gelmi\u015fti.<\/p>\n<p style=\"text-align: justify;\">\u00d6nce AK Parti&#8217;den istifa etti, ard\u0131ndan yeni kat\u0131ld\u0131\u011f\u0131 MHP&#8217;den ihra\u00e7 edildi. <\/p>\n","protected":false},"author":1,"featured_media":0,"comment_status":"open","ping_status":"open","sticky":false,"template":"","format":"standard","meta":{"footnotes":""},"categories":[105],"tags":[],"class_list":["post-44342","post","type-post","status-publish","format-standard","hentry","category-gundem","odd"],"_links":{"self":[{"href":"http:\/\/www.korhanyilmaz.com\/index.php?rest_route=\/wp\/v2\/posts\/44342","targetHints":{"allow":["GET"]}}],"collection":[{"href":"http:\/\/www.korhanyilmaz.com\/index.php?rest_route=\/wp\/v2\/posts"}],"about":[{"href":"http:\/\/www.korhanyilmaz.com\/index.php?rest_route=\/wp\/v2\/types\/post"}],"author":[{"embeddable":true,"href":"http:\/\/www.korhanyilmaz.com\/index.php?rest_route=\/wp\/v2\/users\/1"}],"replies":[{"embeddable":true,"href":"http:\/\/www.korhanyilmaz.com\/index.php?rest_route=%2Fwp%2Fv2%2Fcomments&post=44342"}],"version-history":[{"count":0,"href":"http:\/\/www.korhanyilmaz.com\/index.php?rest_route=\/wp\/v2\/posts\/44342\/revisions"}],"wp:attachment":[{"href":"http:\/\/www.korhanyilmaz.com\/index.php?rest_route=%2Fwp%2Fv2%2Fmedia&parent=44342"}],"wp:term":[{"taxonomy":"category","embeddable":true,"href":"http:\/\/www.korhanyilmaz.com\/index.php?rest_route=%2Fwp%2Fv2%2Fcategories&post=44342"},{"taxonomy":"post_tag","embeddable":true,"href":"http:\/\/www.korhanyilmaz.com\/index.php?rest_route=%2Fwp%2Fv2%2Ftags&post=44342"}],"curies":[{"name":"wp","href":"https:\/\/api.w.org\/{rel}","templated":true}]}}