{"id":44337,"date":"2011-12-17T20:43:18","date_gmt":"2011-12-17T18:43:18","guid":{"rendered":"http:\/\/www.korhanyilmaz.com\/?p=44337"},"modified":"2011-12-18T00:48:20","modified_gmt":"2011-12-17T22:48:20","slug":"eminagaoglu-gorev-suresini-yorumladi","status":"publish","type":"post","link":"http:\/\/www.korhanyilmaz.com\/?p=44337","title":{"rendered":"Emina\u011fao\u011flu &#8216;g\u00f6rev s\u00fcresi&#8217;ni yorumlad\u0131"},"content":{"rendered":"<p style=\"text-align: center;\"><a href=\"http:\/\/www.korhanyilmaz.com\/wp-content\/uploads\/2011\/12\/8634.jpg\"  class=\"lightview\"><img loading=\"lazy\" decoding=\"async\" class=\"aligncenter  wp-image-44338\" src=\"http:\/\/www.korhanyilmaz.com\/wp-content\/uploads\/2011\/12\/8634.jpg\" alt=\"\" width=\"258\" height=\"193\" \/><\/a><\/p>\n<p style=\"text-align: justify;\">Yarg\u0131\u00e7lar ve Savc\u0131lar Sendikas\u0131 (YARGI-SEN) Genel Ba\u015fkan\u0131 \u00d6mer Faruk Emina\u011fao\u011flu, Cumhurba\u015fkan\u0131&#8217;n\u0131n g\u00f6rev s\u00fcresi hakk\u0131nda konu\u015ftu.<\/p>\n<p style=\"text-align: justify;\">Kocaeli- Kocaeli Y\u00fcksek \u00d6\u011frenim Derne\u011fi&#8217;nde (KY\u00d6D) d\u00fczenlenen &#8221;Hukukun \u00dcst\u00fcnl\u00fc\u011f\u00fc&#8221; konulu s\u00f6yle\u015fiye kat\u0131lan Emina\u011fao\u011flu, cumhurba\u015fkanl\u0131\u011f\u0131 se\u00e7im tarihiyle ilgili belirsizlik bulundu\u011funu, hukuk devletinde se\u00e7im tarihiyle ilgili belirsizlik ya\u015fanmamas\u0131 gerekti\u011fini savundu.\u00a0<!--more--><\/p>\n<p style=\"text-align: justify;\">Emina\u011fao\u011flu, belirsizli\u011fin ortadan kald\u0131r\u0131lmas\u0131 ve vatanda\u015f\u0131n ayd\u0131nlat\u0131lmas\u0131 ad\u0131na Y\u00fcksek Se\u00e7im Kurulu&#8217;na (YSK) ba\u015fvurduklar\u0131n\u0131 ancak bir cevap alamad\u0131klar\u0131n\u0131 ifade ederek, TBMM&#8217;nin milletvekilli\u011fi se\u00e7im s\u00fcresini 5 y\u0131ldan 4 y\u0131la indirdirdi\u011fi d\u00fczenlemeyle cumhurba\u015fkanl\u0131\u011f\u0131 s\u00fcresinin de 7 y\u0131ldan 5 y\u0131la indirildi\u011fini savundu. YSK milletvekilli\u011fi se\u00e7imleri i\u00e7in se\u00e7im takvimi a\u00e7\u0131klarken cumhurba\u015fkanl\u0131\u011f\u0131 se\u00e7imi i\u00e7in bir takvim belirlememesi nedeniyle sorunlar ya\u015fand\u0131\u011f\u0131n\u0131 ifade eden Emina\u011fao\u011flu, &#8221;Metinler ayn\u0131 metinler, YSK ayn\u0131 YSK, YSK&#8217;da o karar\u0131 alanlar da bug\u00fcn g\u00f6reve devam eden ayn\u0131 ki\u015filer. Milletvekilli\u011fi se\u00e7imi konusunda 4 y\u0131l, 5 y\u0131l karar\u0131n\u0131 alan YSK, her nedense bug\u00fcn cumhurba\u015fkanl\u0131\u011f\u0131 konusunda ayn\u0131 karar\u0131 almaktan uzak durmaktad\u0131r&#8221; diye konu\u015ftu.<\/p>\n<p style=\"text-align: justify;\">Cumhurba\u015fkan\u0131n\u0131n se\u00e7imiyle ilgili Meclise sunulan ancak \u00e7\u0131kmayan bir yasa tasar\u0131s\u0131 oldu\u011funu ifade eden Emina\u011fao\u011flu, \u015f\u00f6yle konu\u015ftu:<\/p>\n<p style=\"text-align: justify;\">&#8221;B\u00f6yle bir yasan\u0131n \u00e7\u0131kmas\u0131 \u015fart m\u0131d\u0131r? Anayasa, cumhurba\u015fkanl\u0131\u011f\u0131 ve milletvekili se\u00e7imlerinin ilgili h\u00fck\u00fcmlere g\u00f6re yap\u0131laca\u011f\u0131n\u0131 belirtir. Milletvekili se\u00e7imlerine ili\u015fkin \u00f6zel yasalar\u0131m\u0131z oldu\u011funa g\u00f6re, o yasa \u00e7\u0131kana kadar mevcut h\u00fck\u00fcmler cumhurba\u015fkanl\u0131\u011f\u0131 se\u00e7iminin yap\u0131lmas\u0131 i\u00e7in yeterlidir. Yeni bir \u00f6zel yasa \u00e7\u0131kabilir ancak \u00e7\u0131kmas\u0131 zorunlu de\u011fildir. Kald\u0131 ki b\u00f6yle bir \u00f6zel yasa beklense bile bir y\u0131l i\u00e7erisinde uygulanam\u0131yor. Anayasada &#8216;se\u00e7im yasalar\u0131ndaki de\u011fi\u015fiklikler y\u00fcr\u00fcrl\u00fc\u011f\u00fcnden itibaren bir y\u0131l i\u00e7erisindeki se\u00e7imlerde uygulanamaz&#8217; h\u00fckm\u00fc var. Bug\u00fcn cumhurba\u015fkan\u0131 istifa etse vaya hayat\u0131n\u0131 kaybetse hemen yar\u0131n o \u00f6zel yasay\u0131 \u00e7\u0131karacak olsan\u0131z bile o \u00f6zel yasa o se\u00e7imde uygulanamaz. Meclisten bu \u00f6zel yasa \u00e7\u0131ksa bile mevcut anayasa de\u011fi\u015ftirilmedi\u011fi s\u00fcrece bu \u00f6zel yasa uygulanamaz.&#8221;<\/p>\n<p style=\"text-align: justify;\">TBMM Ba\u015fkan\u0131 Cemil \u00c7i\u00e7ek&#8217;in &#8221;Cumhurba\u015fkanl\u0131\u011f\u0131n\u0131n g\u00f6rev s\u00fcresine TBMM karar verir, bir se\u00e7im karar\u0131 al\u0131r, o se\u00e7im karar\u0131n\u0131 ald\u0131ktan sonra ancak YSK g\u00f6rev yapar&#8221; dedi\u011fine dikkati \u00e7eken Emina\u011fao\u011flu, \u015funlar\u0131 kaydetti:<\/p>\n<p style=\"text-align: justify;\">&#8221;TBMM, kendi se\u00e7imleri i\u00e7in karar al\u0131r, alma yetkisine sahiptir. \u00c7\u00fcnk\u00fc anayasada se\u00e7imlerin yenilenmesi yetkisi Meclise verilmi\u015ftir. \u015eu an Meclis 4 y\u0131l g\u00f6rev yapt\u0131\u011f\u0131na g\u00f6re, Meclis se\u00e7imlerin 4 y\u0131ldan daha erken yap\u0131lmas\u0131 i\u00e7in karar alabilmektedir. Buna &#8216;erken se\u00e7im&#8217; diyoruz. Meclisin 4 y\u0131l g\u00f6rev yapmas\u0131 azami bir s\u00fcredir. E\u011fer 4 y\u0131l i\u00e7inde Meclis bir karar almazsa yasalara g\u00f6re YSK zaten s\u00fcre doldu\u011fu i\u00e7in, se\u00e7imlerde gerekli i\u015flemleri yapacakt\u0131r. Cumhurba\u015fkanl\u0131\u011f\u0131 i\u00e7in azami bir s\u00fcre de\u011fil, net, a\u00e7\u0131k ve kesin bir s\u00fcre vard\u0131r. Cumhurba\u015fkanl\u0131\u011f\u0131 se\u00e7imlerinin erken yap\u0131lmas\u0131, erken se\u00e7im karar\u0131n\u0131n al\u0131nmas\u0131 gibi herhangi bir \u015fey s\u00f6z konusu de\u011fil. Bu noktada TBMM&#8217;ye anayasan\u0131n vermi\u015f oldu\u011fu bir g\u00f6rev ve yetki s\u00f6z konusu de\u011fildir. O nedenle bu iki konu birbirine kar\u0131\u015ft\u0131r\u0131l\u0131yor. Cumhurba\u015fkanl\u0131\u011f\u0131 se\u00e7iminde Meclisin yapaca\u011f\u0131 herhangi bir d\u00fczenleme veya karar s\u00f6z konusu de\u011fil. Mevcut tabloda YSK&#8217;n\u0131n, bir hukuk devletinde \u00fczerine d\u00fc\u015fen yetki ve g\u00f6revlere sahip \u00e7\u0131kmas\u0131, h\u00fck\u00fcmetin veya belli siyasi partilerin g\u00f6z\u00fcne bakmadan, sadece &#8216;hukuk&#8217; diyerek \u00fczerine d\u00fc\u015fen kararlar\u0131 almas\u0131 ve se\u00e7im takvimini a\u00e7\u0131klamas\u0131 gerekiyor.&#8221;<\/p>\n<p style=\"text-align: justify;\"><a href=\"http:\/\/www.cumhuriyet.com.tr\/?hn=301162\" target=\"_blank\">Kaynak : Cumhuriyet Haber Portal\u0131<\/a><\/p>\n","protected":false},"excerpt":{"rendered":"<p style=\"text-align: center;\">\n<p style=\"text-align: justify;\">Yarg\u0131\u00e7lar ve Savc\u0131lar Sendikas\u0131 (YARGI-SEN) Genel Ba\u015fkan\u0131 \u00d6mer Faruk Emina\u011fao\u011flu, Cumhurba\u015fkan\u0131&#8217;n\u0131n g\u00f6rev s\u00fcresi hakk\u0131nda konu\u015ftu.<\/p>\n<p style=\"text-align: justify;\">Kocaeli- Kocaeli Y\u00fcksek \u00d6\u011frenim Derne\u011fi&#8217;nde (KY\u00d6D) d\u00fczenlenen &#8221;Hukukun \u00dcst\u00fcnl\u00fc\u011f\u00fc&#8221; konulu s\u00f6yle\u015fiye kat\u0131lan Emina\u011fao\u011flu, cumhurba\u015fkanl\u0131\u011f\u0131 se\u00e7im tarihiyle ilgili belirsizlik bulundu\u011funu, hukuk devletinde se\u00e7im tarihiyle ilgili belirsizlik ya\u015fanmamas\u0131 gerekti\u011fini savundu. <\/p>\n","protected":false},"author":1,"featured_media":0,"comment_status":"open","ping_status":"open","sticky":false,"template":"","format":"standard","meta":{"footnotes":""},"categories":[105],"tags":[],"class_list":["post-44337","post","type-post","status-publish","format-standard","hentry","category-gundem","odd"],"_links":{"self":[{"href":"http:\/\/www.korhanyilmaz.com\/index.php?rest_route=\/wp\/v2\/posts\/44337","targetHints":{"allow":["GET"]}}],"collection":[{"href":"http:\/\/www.korhanyilmaz.com\/index.php?rest_route=\/wp\/v2\/posts"}],"about":[{"href":"http:\/\/www.korhanyilmaz.com\/index.php?rest_route=\/wp\/v2\/types\/post"}],"author":[{"embeddable":true,"href":"http:\/\/www.korhanyilmaz.com\/index.php?rest_route=\/wp\/v2\/users\/1"}],"replies":[{"embeddable":true,"href":"http:\/\/www.korhanyilmaz.com\/index.php?rest_route=%2Fwp%2Fv2%2Fcomments&post=44337"}],"version-history":[{"count":0,"href":"http:\/\/www.korhanyilmaz.com\/index.php?rest_route=\/wp\/v2\/posts\/44337\/revisions"}],"wp:attachment":[{"href":"http:\/\/www.korhanyilmaz.com\/index.php?rest_route=%2Fwp%2Fv2%2Fmedia&parent=44337"}],"wp:term":[{"taxonomy":"category","embeddable":true,"href":"http:\/\/www.korhanyilmaz.com\/index.php?rest_route=%2Fwp%2Fv2%2Fcategories&post=44337"},{"taxonomy":"post_tag","embeddable":true,"href":"http:\/\/www.korhanyilmaz.com\/index.php?rest_route=%2Fwp%2Fv2%2Ftags&post=44337"}],"curies":[{"name":"wp","href":"https:\/\/api.w.org\/{rel}","templated":true}]}}