{"id":44332,"date":"2011-12-17T23:51:49","date_gmt":"2011-12-17T21:51:49","guid":{"rendered":"http:\/\/www.korhanyilmaz.com\/?p=44332"},"modified":"2011-12-18T09:51:56","modified_gmt":"2011-12-18T07:51:56","slug":"chp-grup-baskanvekili-emine-ulker-tarhan-tbmmde-duzenledigi-basin-toplantisinda-kendisine-yonelik-elestirileri-cevapladi","status":"publish","type":"post","link":"http:\/\/www.korhanyilmaz.com\/?p=44332","title":{"rendered":"CHP Grup Ba\u015fkanvekili Emine \u00dclker Tarhan, TBMM\u2019de d\u00fczenledi\u011fi bas\u0131n toplant\u0131s\u0131nda kendisine y\u00f6nelik ele\u015ftirileri cevaplad\u0131.."},"content":{"rendered":"<p style=\"text-align: justify;\"><a href=\"http:\/\/www.korhanyilmaz.com\/wp-content\/uploads\/2011\/12\/8633.jpg\"  class=\"lightview\"><img loading=\"lazy\" decoding=\"async\" class=\"aligncenter size-full wp-image-44333\" title=\"\" src=\"http:\/\/www.korhanyilmaz.com\/wp-content\/uploads\/2011\/12\/8633.jpg\" alt=\"\" width=\"260\" height=\"198\" \/><\/a><\/p>\n<p style=\"text-align: justify;\">CHP Grup Ba\u015fkanvekili Emine \u00dclker Tarhan, ya\u015fam\u0131n\u0131n her d\u00f6neminde militan ruhunu hi\u00e7 ama hi\u00e7 kaybetmedi\u011fini belirtti. Tarhan, &#8221;Bu \u00e7at\u0131ya pasta yapmaya de\u011fil, iktidar\u0131n tehlikeli sularda gezinmesini denetlemeye geldim&#8221; dedi.<\/p>\n<p style=\"text-align: justify;\">Tarhan, d\u00fczenledi\u011fi bas\u0131n toplant\u0131s\u0131nda, uzun bir s\u00fcredir T\u00fcrkiye&#8217;de yayg\u0131n bir \u015fekilde dinlemeler ve izlemeler yap\u0131ld\u0131\u011f\u0131n\u0131 ve ar\u015fivlendi\u011fini bildiklerini \u00f6ne s\u00fcrd\u00fc.\u00a0<!--more--><\/p>\n<p style=\"text-align: justify;\">Bunlar\u0131n da hep ayn\u0131 medya arac\u0131l\u0131\u011f\u0131yla kamuoyuna servis edildi\u011fini iddia eden Tarhan, bu i\u015flerin s\u0131radan bir \u00e7ete organizasyonu olmad\u0131\u011f\u0131n\u0131 s\u00f6yledi. Tarhan, \u00e7etenin ara\u00e7 ve donan\u0131mlar\u0131n\u0131n yakalanmad\u0131\u011f\u0131n\u0131 savunarak, &#8221;Bu izleme ve dinlemelerin pe\u015finde ko\u015fan onca eleman\u0131 kimler g\u00f6revlendirdi merak ediyorum. Maa\u015flar\u0131n\u0131 kimler \u00f6d\u00fcyor, kimlere ba\u011fl\u0131 \u00e7al\u0131\u015f\u0131yorlar? Pahal\u0131 izleme ve donan\u0131m ara\u00e7lar\u0131n\u0131 hangi paralarla alm\u0131\u015flard\u0131r? Nerede saklamaktad\u0131rlar? \u00c7\u00fcnk\u00fc bunu ara\u015ft\u0131rmas\u0131 gerekenler, belli ki bu su\u00e7a ortak, o y\u00fczden ara\u015ft\u0131rm\u0131yorlar&#8221; dedi.<\/p>\n<p style=\"text-align: justify;\">CHP&#8217;li Tarhan, &#8221;yanda\u015f gazetelerde &#8216;Tarhan&#8217;\u0131n \u00f6nlenemez y\u00fckseli\u015fi&#8217; diyerek i\u015faret fi\u015fe\u011finin patlat\u0131ld\u0131\u011f\u0131n\u0131 iddia ederek, \u015f\u00f6yle konu\u015ftu:<\/p>\n<p style=\"text-align: justify;\">&#8221;Ev, kamuya a\u00e7\u0131k alan demeden pe\u015fimize sald\u0131klar\u0131 karanl\u0131k adamlar\u0131yla sinsice \u00f6zel alanlar\u0131m\u0131z\u0131, sohbetlerimizi yasad\u0131\u015f\u0131 dinlemi\u015flerdi zaten. O zaman b\u0131y\u0131k alt\u0131ndan g\u00fclenler, bug\u00fcn yay\u0131nlayanlar asl\u0131nda. Bu kampanyay\u0131 a\u00e7anlar kim mi? Referandum s\u00fcrecine gidin; o g\u00fcn sald\u0131ran, ter\u00f6rist ilan edenlere, iktidar korunmas\u0131nda 24 saat yay\u0131n yapanlara bak\u0131n. Bunca h\u0131rs\u0131z, tek derdi k\u00fcp\u00fcn\u00fc doldurmak olanlar varken, neden bizi dinlediler? TV r\u00f6portajlar\u0131nda ald\u0131\u011f\u0131m nefes bile \u00f6n\u00fcne tape edilerek \u00f6n\u00fcne konulan o bakana sorun? M\u00fcste\u015far\u0131 neden g\u00f6revden ayr\u0131lm\u0131\u015f, onu da bi zahmet sorun. Devlet s\u0131rr\u0131 yasas\u0131yla hangi s\u0131rlar\u0131 s\u0131rlar odas\u0131na saklayacaklar? Ara\u015ft\u0131rmac\u0131 gazeteci yok mu bu \u00fclkede? Do\u011fru U\u011fur Mumcu gibi olanlar\u0131 katlettiler, kalmad\u0131. \u015eimdiki y\u00f6ntemleri ise dinleme bankalar\u0131 olu\u015fturmak. \u00c7\u00fcnk\u00fc dimdik duruyorduk biz, dimdik durmayanlar\u0131 da nas\u0131l harcayacaklar\u0131n\u0131 itiraf ettiler. Fark\u0131m\u0131z budur.<\/p>\n<p style=\"text-align: justify;\">&#8221;Siyaset yarg\u0131dan elini \u00e7ekmelidir, yarg\u0131 yarg\u0131ya b\u0131rak\u0131lmal\u0131d\u0131r&#8221; s\u00f6zleri nedeniyle dinlenildi\u011fini ileri s\u00fcren Tarhan, &#8221;\u00dczg\u00fcn\u00fcm soyum da boyum da ilginize mazhar olamayacak kadar s\u0131radan&#8221; dedi.<\/p>\n<p style=\"text-align: justify;\"><strong>K\u0130MSEN\u0130N YARGICI OLMAMAK \u00dcZEREYD\u0130\u00a0<\/strong><\/p>\n<p style=\"text-align: justify;\">CHP Grup Ba\u015fkanvekili Tarhan, AK Parti&#8217;ye biat etmek i\u00e7in yarg\u0131\u00e7 olmad\u0131klar\u0131n\u0131 ifade ederek, &#8221;M\u00fccadelemiz ne CHP ne AKP ne MHP&#8230; Kimsenin yarg\u0131c\u0131 olmamak \u00fczereydi. Kimsenin bize &#8216;benim&#8217; yarg\u0131c\u0131m demesine izin vermemek \u00fczereydi m\u00fccadelemiz ama a\u00e7\u0131k kanallar ve her yerde s\u00f6yleyebilece\u011fimiz s\u00f6zlerin ve g\u00f6r\u00fcnt\u00fclerin \u00f6n\u00fcne bir kap\u0131 ve anahtar deli\u011fi koyarak oradan g\u00f6r\u00fcnen ve duyulanlara \u00f6zel ve farkl\u0131 anlamlar y\u00fckleyenler daha \u00e7ok beklerler&#8221; dedi.<\/p>\n<p style=\"text-align: justify;\">Birilerinin iktidar g\u00fcc\u00fc kar\u015f\u0131s\u0131nda p\u0131sabilece\u011fini, susabilece\u011fini, j\u00f6le k\u0131vam\u0131na gelebilece\u011fini belirten Tarhan, \u015f\u00f6yle devam etti:<\/p>\n<p style=\"text-align: justify;\">&#8221;Ben ya\u015fam\u0131m\u0131n her d\u00f6neminde militan ruhumu hi\u00e7 ama hi\u00e7 kaybetmedim. \u00c7ocuklar\u0131ma da s\u00f6zlerim gibi sahip \u00e7\u0131karken de i\u015fimi \u015fevk ve co\u015fkuyla yaparken de inand\u0131\u011f\u0131m de\u011ferleri savunurken de. \u0130\u015fte bu y\u00fczden ba\u011f\u0131ms\u0131zl\u0131\u011f\u0131n ve demokrasinin militan\u0131y\u0131m. Hukukun verdi\u011fi g\u00fc\u00e7le sonuna kadar da sava\u015f\u0131r\u0131m, tek ba\u015f\u0131ma da kalsam. Birileri be\u011fenmeyebilir, rahats\u0131z olabilir, birileri de sessiz kalabilir, selam\u0131 sabah\u0131 kesebilir. Ancak yarg\u0131\u00e7l\u0131\u011f\u0131 nas\u0131l yapt\u0131ysam siyaseti de \u00f6yle yapaca\u011f\u0131m, adaletle ve ilkelerle. Birileri siyasetin yaz\u0131l\u0131 olmayan kurallar\u0131n\u0131 hat\u0131rlatabilir, her yere g\u00fcl\u00fcc\u00fck da\u011f\u0131tanlardan ho\u015flananlar olabilir, birileri kar\u015f\u0131lar\u0131nda bir krema g\u00f6rmek isteyebilir ama ben bu \u00e7at\u0131ya pasta yapmaya de\u011fil, iktidar\u0131n tehlikeli sularda gezinmesini denetlemeye geldim. Halk\u0131n bana verdi\u011fi yetkiyle geldim. Ben krema, pasta de\u011fil, demir leblebi olmay\u0131 tercih ediyorum. Bu korku toplumunu yaratma c\u00fcrm\u00fcn\u00fcn lekesini y\u00fcz\u00fcnde ta\u015f\u0131yanlar\u0131n ve ba\u015fka hi\u00e7 kimsenin bana edep ve adap dersi vermek haddi de\u011fildir. \u00c7\u00fcnk\u00fc sabah\u0131n be\u015finden gecenin yar\u0131s\u0131na kadar elleri kanay\u0131ncaya kadar \u00e7al\u0131\u015f\u0131p \u00e7ocuklar\u0131n\u0131 okutmaya \u00e7al\u0131\u015fan bir emek\u00e7inin k\u0131z\u0131y\u0131m ben. Mustafa Kemal&#8217;in kurdu\u011fu hukuk mektebinden mezunum. Kimsenin haddine de\u011fil.&#8221;<\/p>\n<p style=\"text-align: justify;\">[flv]http:\/\/content.reklamz.com\/internethaber\/POLITIKA_16_KASIM2011_chp.mp4[\/flv]<\/p>\n<p style=\"text-align: justify;\"><a href=\"http:\/\/www.internethaber.com\/krema-degil-demir-leblebiyim-390405h.htm\" target=\"_blank\">Kaynak : \u0130nternethaber.com<\/a><\/p>\n","protected":false},"excerpt":{"rendered":"<p style=\"text-align: justify;\">\n<p style=\"text-align: justify;\">CHP Grup Ba\u015fkanvekili Emine \u00dclker Tarhan, ya\u015fam\u0131n\u0131n her d\u00f6neminde militan ruhunu hi\u00e7 ama hi\u00e7 kaybetmedi\u011fini belirtti. Tarhan, &#8221;Bu \u00e7at\u0131ya pasta yapmaya de\u011fil, iktidar\u0131n tehlikeli sularda gezinmesini denetlemeye geldim&#8221; dedi.<\/p>\n<p style=\"text-align: justify;\">Tarhan, d\u00fczenledi\u011fi bas\u0131n toplant\u0131s\u0131nda, uzun bir s\u00fcredir T\u00fcrkiye&#8217;de yayg\u0131n bir \u015fekilde dinlemeler ve izlemeler yap\u0131ld\u0131\u011f\u0131n\u0131 ve ar\u015fivlendi\u011fini bildiklerini \u00f6ne <\/p>\n","protected":false},"author":1,"featured_media":0,"comment_status":"open","ping_status":"open","sticky":false,"template":"","format":"standard","meta":{"footnotes":""},"categories":[105],"tags":[],"class_list":["post-44332","post","type-post","status-publish","format-standard","hentry","category-gundem","odd"],"_links":{"self":[{"href":"http:\/\/www.korhanyilmaz.com\/index.php?rest_route=\/wp\/v2\/posts\/44332","targetHints":{"allow":["GET"]}}],"collection":[{"href":"http:\/\/www.korhanyilmaz.com\/index.php?rest_route=\/wp\/v2\/posts"}],"about":[{"href":"http:\/\/www.korhanyilmaz.com\/index.php?rest_route=\/wp\/v2\/types\/post"}],"author":[{"embeddable":true,"href":"http:\/\/www.korhanyilmaz.com\/index.php?rest_route=\/wp\/v2\/users\/1"}],"replies":[{"embeddable":true,"href":"http:\/\/www.korhanyilmaz.com\/index.php?rest_route=%2Fwp%2Fv2%2Fcomments&post=44332"}],"version-history":[{"count":0,"href":"http:\/\/www.korhanyilmaz.com\/index.php?rest_route=\/wp\/v2\/posts\/44332\/revisions"}],"wp:attachment":[{"href":"http:\/\/www.korhanyilmaz.com\/index.php?rest_route=%2Fwp%2Fv2%2Fmedia&parent=44332"}],"wp:term":[{"taxonomy":"category","embeddable":true,"href":"http:\/\/www.korhanyilmaz.com\/index.php?rest_route=%2Fwp%2Fv2%2Fcategories&post=44332"},{"taxonomy":"post_tag","embeddable":true,"href":"http:\/\/www.korhanyilmaz.com\/index.php?rest_route=%2Fwp%2Fv2%2Ftags&post=44332"}],"curies":[{"name":"wp","href":"https:\/\/api.w.org\/{rel}","templated":true}]}}