{"id":44323,"date":"2010-11-30T13:39:30","date_gmt":"2010-11-30T11:39:30","guid":{"rendered":"http:\/\/www.korhanyilmaz.com\/?p=44323"},"modified":"2011-12-17T15:27:41","modified_gmt":"2011-12-17T13:27:41","slug":"ahmet-albayrak-son-yolculuguna-ugurlandi","status":"publish","type":"post","link":"http:\/\/www.korhanyilmaz.com\/?p=44323","title":{"rendered":"Ahmet Albayrak son yolculu\u011funa u\u011furland\u0131"},"content":{"rendered":"<p style=\"text-align: center;\"><a href=\"http:\/\/www.korhanyilmaz.com\/wp-content\/uploads\/2011\/12\/8631.jpg\"  class=\"lightview\"><img loading=\"lazy\" decoding=\"async\" class=\"aligncenter  wp-image-44324\" src=\"http:\/\/www.korhanyilmaz.com\/wp-content\/uploads\/2011\/12\/8631.jpg\" alt=\"\" width=\"345\" height=\"204\" \/><\/a><\/p>\n<p style=\"text-align: justify;\">Hayat\u0131n\u0131 kaybeden Albayrak Holding&#8217;in kurucusu ve Onursal Ba\u015fkan\u0131 Hac\u0131 Ahmet Albayrak (85), son yolcu\u011funa Fatih Camii&#8217;nden u\u011furland\u0131.<\/p>\n<p style=\"text-align: justify;\">\u00d6\u011fle namaz\u0131n\u0131 m\u00fcteakiben k\u0131l\u0131nan cenaze namaz\u0131na Ula\u015ft\u0131rma Bakan\u0131 Binali Y\u0131ld\u0131r\u0131m, HAS Parti Genel Ba\u015fkan\u0131 Numan Kurtulmu\u015f, \u0130stanbul Valisi H\u00fcseyin Avni Mutlu, Emniyet M\u00fcd\u00fcr\u00fc H\u00fcseyin \u00c7apk\u0131n, eski Futbol Federasyonu Ba\u015fkan\u0131 Haluk Ulusoy, yak\u0131nlar\u0131 ve \u00e7ok say\u0131da i\u015f adam\u0131 kat\u0131ld\u0131.\u00a0<!--more--><\/p>\n<p style=\"text-align: justify;\">\u00d6nceki g\u00fcn sabah namaz\u0131ndan sonra oturdu\u011fu yerde hayat\u0131n\u0131 kaybeden Hac\u0131 Ahmet Albayrak&#8217;\u0131n cenaze namaz\u0131 Fatih Camii&#8217;nde k\u0131l\u0131nd\u0131. Olduk\u00e7a \u00fcz\u00fcnt\u00fcl\u00fc g\u00f6r\u00fclen Albayrak&#8217;\u0131n o\u011fullar\u0131 Ahmet, Muzaffer, Nuri, Bayram, Mustafa ve Kaz\u0131m, cenaze namaz\u0131na gelenlerin taziyelerini kabul etti.<\/p>\n<p style=\"text-align: justify;\">\u00d6\u011fle namaz\u0131n\u0131n ard\u0131ndan cenaze namaz\u0131 k\u0131l\u0131nan Hac\u0131 Ahmet Albayrak&#8217;\u0131n naa\u015f\u0131, omuzlara al\u0131n\u0131p, cenaze arac\u0131na g\u00f6t\u00fcr\u00fcld\u00fc. Albayrak&#8217;\u0131n tabutuna omuz verenler aras\u0131nda HAS Parti Genel Ba\u015fkan\u0131 Kurtulmu\u015f&#8217;un da oldu\u011fu g\u00f6r\u00fcld\u00fc.<\/p>\n<p style=\"text-align: justify;\">Albayrak&#8217;\u0131n naa\u015f\u0131 topra\u011fa verilmek \u00fczere Zeytinburnu Kazl\u0131\u00e7e\u015fme Mezarl\u0131\u011f\u0131&#8217;na g\u00f6t\u00fcr\u00fcld\u00fc.<\/p>\n<p style=\"text-align: justify;\"><a href=\"http:\/\/www.gazetegercek.com\/ahmet-albayrak-son-yolculuguna-ugurlandi.html\" target=\"_blank\">Kaynak : Gazete Ger\u00e7ek<\/a><\/p>\n","protected":false},"excerpt":{"rendered":"<p style=\"text-align: center;\">\n<p style=\"text-align: justify;\">Hayat\u0131n\u0131 kaybeden Albayrak Holding&#8217;in kurucusu ve Onursal Ba\u015fkan\u0131 Hac\u0131 Ahmet Albayrak (85), son yolcu\u011funa Fatih Camii&#8217;nden u\u011furland\u0131.<\/p>\n<p style=\"text-align: justify;\">\u00d6\u011fle namaz\u0131n\u0131 m\u00fcteakiben k\u0131l\u0131nan cenaze namaz\u0131na Ula\u015ft\u0131rma Bakan\u0131 Binali Y\u0131ld\u0131r\u0131m, HAS Parti Genel Ba\u015fkan\u0131 Numan Kurtulmu\u015f, \u0130stanbul Valisi H\u00fcseyin Avni Mutlu, Emniyet M\u00fcd\u00fcr\u00fc H\u00fcseyin \u00c7apk\u0131n, eski Futbol Federasyonu Ba\u015fkan\u0131 Haluk Ulusoy, <\/p>\n","protected":false},"author":1,"featured_media":0,"comment_status":"open","ping_status":"open","sticky":false,"template":"","format":"standard","meta":{"footnotes":""},"categories":[105],"tags":[552,556,557,559,560,558,331],"class_list":["post-44323","post","type-post","status-publish","format-standard","hentry","category-gundem","tag-ahmet-albayrak","tag-albayrak-holding","tag-haci-ahmet-albayrak","tag-huseyin-avni-mutlu","tag-huseyin-capkin","tag-numan-kurtulmus","tag-nuri-albayrak","odd"],"_links":{"self":[{"href":"http:\/\/www.korhanyilmaz.com\/index.php?rest_route=\/wp\/v2\/posts\/44323","targetHints":{"allow":["GET"]}}],"collection":[{"href":"http:\/\/www.korhanyilmaz.com\/index.php?rest_route=\/wp\/v2\/posts"}],"about":[{"href":"http:\/\/www.korhanyilmaz.com\/index.php?rest_route=\/wp\/v2\/types\/post"}],"author":[{"embeddable":true,"href":"http:\/\/www.korhanyilmaz.com\/index.php?rest_route=\/wp\/v2\/users\/1"}],"replies":[{"embeddable":true,"href":"http:\/\/www.korhanyilmaz.com\/index.php?rest_route=%2Fwp%2Fv2%2Fcomments&post=44323"}],"version-history":[{"count":0,"href":"http:\/\/www.korhanyilmaz.com\/index.php?rest_route=\/wp\/v2\/posts\/44323\/revisions"}],"wp:attachment":[{"href":"http:\/\/www.korhanyilmaz.com\/index.php?rest_route=%2Fwp%2Fv2%2Fmedia&parent=44323"}],"wp:term":[{"taxonomy":"category","embeddable":true,"href":"http:\/\/www.korhanyilmaz.com\/index.php?rest_route=%2Fwp%2Fv2%2Fcategories&post=44323"},{"taxonomy":"post_tag","embeddable":true,"href":"http:\/\/www.korhanyilmaz.com\/index.php?rest_route=%2Fwp%2Fv2%2Ftags&post=44323"}],"curies":[{"name":"wp","href":"https:\/\/api.w.org\/{rel}","templated":true}]}}