{"id":44319,"date":"2011-12-17T10:58:56","date_gmt":"2011-12-17T08:58:56","guid":{"rendered":"http:\/\/www.korhanyilmaz.com\/?p=44319"},"modified":"2011-12-17T13:05:35","modified_gmt":"2011-12-17T11:05:35","slug":"kavgayi-bitirip-seckinci-anlayistan-siyrilalim","status":"publish","type":"post","link":"http:\/\/www.korhanyilmaz.com\/?p=44319","title":{"rendered":"Kavgay\u0131 bitirip se\u00e7kinci anlay\u0131\u015ftan s\u0131yr\u0131lal\u0131m"},"content":{"rendered":"<p style=\"text-align: center;\"><a href=\"http:\/\/www.korhanyilmaz.com\/wp-content\/uploads\/2011\/12\/8630.jpg\"  class=\"lightview\"><img loading=\"lazy\" decoding=\"async\" class=\"aligncenter  wp-image-44320\" src=\"http:\/\/www.korhanyilmaz.com\/wp-content\/uploads\/2011\/12\/8630.jpg\" alt=\"\" width=\"336\" height=\"224\" \/><\/a><\/p>\n<p style=\"text-align: justify;\">&#8216;\u00dc\u00e7 d\u00f6nemdir yeniliyoruz. \u00d6nce kendimizi ele\u015ftirelim&#8217; diyen \u0130nce, be\u015f maddelik iktidar re\u00e7etesini a\u00e7\u0131klad\u0131. Parti i\u00e7i kavgalara son vermek ve se\u00e7kinci anlay\u0131\u015ftan kurtulmak ilk ikisi<\/p>\n<p style=\"text-align: justify;\">Meclis&#8217;in pop\u00fcler isimlerinden CHP Grup Ba\u015fkanvekili Muharrem \u0130nce ile Yalova&#8217;ya 8 kilometre uzakl\u0131ktaki baba oca\u011f\u0131 Elmal\u0131k K\u00f6y\u00fc&#8217;nde g\u00f6r\u00fc\u015ft\u00fck. Hem \u00e7ocukluk g\u00fcnlerini hem gelecek planlar\u0131n\u0131 hem de siyaseti konu\u015ftuk. \u0130\u015fte \u0130nce&#8217;nin mesajlar\u0131:<!--more--><\/p>\n<p style=\"text-align: justify;\"><strong>S\u0130YASET YAPARKEN KORKUM YOK<\/strong><\/p>\n<p style=\"text-align: justify;\">&#8211; AKP&#8217;ye kar\u015f\u0131 siyaset yaparken korkum yok, \u00e7\u00fcnk\u00fc a\u011fz\u0131m kokmuyor, haram lokma da yemedim. Siyasetten bir kuru\u015f \u00e7\u0131kar sa\u011flamad\u0131m. \u0130haleyle, i\u015f takibiyle i\u015fim olmaz. Hayattaki ekonomik slogan\u0131m \u015fu: Ba\u015f\u0131m\u0131 sokacak bir evim, \u00e7ad\u0131r kuraca\u011f\u0131m bir arsam, tekerlekleri d\u00f6nen bir arabam, namerde muhta\u00e7 olmayacak kadar param olsun yeter. Allah&#8217;a \u015f\u00fck\u00fcr bunlara da sahibim. Vekil olmadan \u00f6nce arsas\u0131 babam\u0131n olan bu evin kabas\u0131n\u0131 bir y\u0131lda bitirdim. Vekil olunca dokuz y\u0131lda i\u00e7ini tamamlayabildim.<\/p>\n<p style=\"text-align: justify;\">&#8211; AKP, din-cami s\u00f6yleminde ikiy\u00fczl\u00fcd\u00fcr. \u0130stanbul G\u00fcng\u00f6ren&#8217;de cami arsas\u0131n\u0131 sat\u0131yorlar, Malatya&#8217;da camiyi Hollandal\u0131 firmaya y\u0131kt\u0131r\u0131yorlar. Sonra da cami siyaseti \u00fczerinden CHP&#8217;ye sata\u015f\u0131yorlar. Ben bu ikiy\u00fczl\u00fcl\u00fcklerini ortaya koyunca rahats\u0131zl\u0131klar\u0131 art\u0131yor. Bana en \u00e7ok bu nedenle k\u0131z\u0131yorlar.<\/p>\n<p style=\"text-align: justify;\"><strong>\u00d6NCE KEND\u0130M\u0130Z\u0130 ELE\u015eT\u0130RMEL\u0130Y\u0130Z<\/strong><\/p>\n<p style=\"text-align: justify;\">&#8211; \u00d6nce kendimizi ele\u015ftirmeliyiz. \u00dc\u00e7 d\u00f6nemdir yeniliyoruz. Bunu yeterince sorgulayamad\u0131k bence. Hep i\u015fin kolay\u0131na ka\u00e7t\u0131k. &#8216;K\u00f6m\u00fcr, makarna da\u011f\u0131t\u0131p oy ald\u0131lar&#8217; s\u00f6ylemi hem eksik hem yanl\u0131\u015f bir savunmad\u0131r. Bunu yetkili kurullar\u0131m\u0131zda sosyolojik nedenleriyle irdelememiz gerekir. Ancak unutmamak gerekir ki AKP de ba\u015fl\u0131 ba\u015f\u0131na uluslararas\u0131 bir projedir. Bu \u00fclkenin limanlar\u0131, T\u00fcpra\u015f&#8217;\u0131, Petkim&#8217;i, Telekom&#8217;u, Tekel&#8217;i, S\u00fcmerbank&#8217;\u0131, Etibank&#8217;\u0131, fabrikalar\u0131, arsalar\u0131 AKP taraf\u0131ndan sat\u0131ld\u0131. Malatya&#8217;daki f\u00fcze kalkan\u0131, Suriye ili\u015fkilerinin geldi\u011fi nokta, KKTC&#8217;ye ili\u015fkin s\u0131k\u0131nt\u0131lar d\u00fc\u015f\u00fcn\u00fcld\u00fc\u011f\u00fcnde d\u00fcz mant\u0131kla AKP&#8217;nin se\u00e7menin g\u00f6nl\u00fcn\u00fc kazanm\u0131\u015f bir parti de\u011fil, b\u00fcy\u00fck bir oyunun par\u00e7as\u0131 oldu\u011fu daha iyi g\u00f6r\u00fcl\u00fcyor. Ancak \u00e7ok da umutsuz de\u011filim. 1919 \u015fartlar\u0131ndan daha k\u00f6t\u00fc de\u011filiz.<\/p>\n<p style=\"text-align: justify;\"><strong>B\u0130R \u00c7IRPIDA 5 MADDE SIRALARIM<\/strong><\/p>\n<p style=\"text-align: justify;\">&#8211; Bu tabloda nas\u0131l iktidar olabiliriz ona bakmak laz\u0131m. Ben bir \u00e7\u0131rp\u0131da 5 madde s\u0131ral\u0131yorum:<\/p>\n<p style=\"text-align: justify;\"><strong>1-<\/strong> Kendi i\u00e7imizdeki kavgalara son vermeliyiz,<\/p>\n<p style=\"text-align: justify;\"><strong>2<\/strong>&#8211; Se\u00e7kinci yap\u0131 ve anlay\u0131\u015ftan s\u0131yr\u0131lmal\u0131y\u0131z,<\/p>\n<p style=\"text-align: justify;\"><strong>3<\/strong>&#8211; Daha \u00e7al\u0131\u015fkan olmal\u0131y\u0131z,<\/p>\n<p style=\"text-align: justify;\"><strong>4-<\/strong> Haramdan korkan ve \u015fu ana kadar CHP&#8217;ye oy vermemi\u015f d\u00fcr\u00fcst, namuslu vatanda\u015flar\u0131m\u0131z\u0131 mutlaka partiye kazand\u0131rmal\u0131y\u0131z,<\/p>\n<p style=\"text-align: justify;\"><strong>5<\/strong>&#8211; Ve son olarak ne yap\u0131p edip K\u00fcrt se\u00e7menden oy alabilmenin siyasi bir yolunu bulmal\u0131y\u0131z.<\/p>\n<p style=\"text-align: justify;\"><strong>MECL\u0130S&#8217;\u0130 YORGUN G\u00d6R\u00dcYORUM<\/strong><\/p>\n<p style=\"text-align: justify;\">&#8211; Daha ilk b\u00fct\u00e7esi olmas\u0131na kar\u015f\u0131n Meclis&#8217;i \u00e7ok yorgun buluyorum. \u00c7\u00fcnk\u00fc karar alma g\u00fcc\u00fc yok. Tek ki\u015fi belirliyor her \u015feyi. Hangi kanunun ge\u00e7ece\u011fine, kimin vali olaca\u011f\u0131na, kimin cumhurba\u015fkan\u0131 se\u00e7ilece\u011fine, kimin m\u00fcste\u015farl\u0131\u011fa atanaca\u011f\u0131na hep bir ki\u015fi karar veriyor. Bu da Ba\u015fbakan Tayyip Erdo\u011fan. Asl\u0131nda yasama faaliyeti bitmi\u015f, bir bak\u0131ma y\u00fcr\u00fctme yasamay\u0131 teslim alm\u0131\u015f durumda. Hatta yarg\u0131y\u0131 da ekleyebiliriz. Meclis&#8217;teki gerilimin esas sebebi de budur. \u00c7\u00fcnk\u00fc ayn\u0131 zamanda siyasi bir k\u0131r\u0131lmad\u0131r.<\/p>\n<p style=\"text-align: justify;\">&#8211; Siyasette \u00fczerine gidemeyece\u011fim konu yoktur. Yeter ki bilgi, belge olsun. Asla korkmam. \u0130nanmad\u0131\u011f\u0131m bir \u015feyi de asla yapmam. Milletvekili olmak i\u00e7in kap\u0131larda da beklemem.<\/p>\n<p style=\"text-align: justify;\"><strong>&#8216;Babam s\u00f6m\u00fcr\u00fcyor&#8217; dedim, tokad\u0131 yedim<\/strong><\/p>\n<p style=\"text-align: justify;\">&#8211; Klasik bir k\u00f6yl\u00fc ailesinin \u00e7ocu\u011fuyum. Annem, babam hac\u0131d\u0131r. 1964&#8217;te burada, Elmal\u0131k&#8217;ta do\u011fdum. \u0130lkokulu burada okudum. Ortaokul ve liseyi baz\u0131 k\u00f6y \u00e7ocuklar\u0131yla bir min\u00fcb\u00fcs tutup Yalova&#8217;da okuduk. K\u00f6ydeki kural \u015fudur: 6 ya\u015f\u0131nda inek otlatmaya ba\u015fl\u0131yorsunuz ki bu, hafif i\u015f\u00e7ilik say\u0131l\u0131yor. 14 ya\u015f\u0131nda ise terfi edip tarlada \u00e7al\u0131\u015fmaya ba\u015fl\u0131yorsunuz. \u00c7ocuklu\u011fumda 400&#8217;e yak\u0131n elma a\u011fac\u0131m\u0131z vard\u0131, onlar\u0131n i\u015fleriyle u\u011fra\u015ft\u0131m.<\/p>\n<p style=\"text-align: justify;\"><strong>KA\u00c7 PARA MAA\u015e ALIYORSUN<\/strong><\/p>\n<p style=\"text-align: justify;\">&#8211; \u00dcniversiteyi Bursa&#8217;da okudum. Uluda\u011f \u00dcniversitesi Necatibey E\u011fitim Fak\u00fcltesi Fizik \u00d6\u011fretmenli\u011fini 1986&#8217;da bitirdim. \u00dcniversitede okurken yazlar\u0131 Yalova&#8217;ya gelip tarlalarda \u00e7al\u0131\u015fmaya devam ediyordum. \u0130lk sosyal demokrat giri\u015fimimi babama kar\u015f\u0131 yapt\u0131m. Babam bir kamyon alm\u0131\u015ft\u0131. Bir de \u015fof\u00f6r\u00fcm\u00fcz vard\u0131. Bir g\u00fcn ona &#8216;Ka\u00e7 para maa\u015f al\u0131yorsun&#8217; diye sordum. Cevab\u0131n\u0131 ald\u0131ktan sonra nakliye, mazot ve vergileri d\u00fc\u015f\u00fcr\u00fcp hesap yap\u0131nca bir anda maa\u015f\u0131 bana az geldi. Bunun \u00fczerine, &#8216;Babam seni s\u00f6m\u00fcr\u00fcyor&#8217; dedim. O da gidip babamdan zam istemi\u015f. Babamdan &#8216;Sana zam yapamam&#8217; cevab\u0131n\u0131 al\u0131nca da &#8216;O\u011flun Muharrem bile beni s\u00f6m\u00fcrd\u00fc\u011f\u00fcn\u00fc s\u00f6yl\u00fcyor&#8217; demi\u015f. Bunu duyan babam da &#8216;Ona zam yaparsam seni nas\u0131l okutaca\u011f\u0131m&#8217; diyerek tokad\u0131 bast\u0131.<\/p>\n<p style=\"text-align: justify;\">&#8211; Teyzem sayesinde kitap okumaya ba\u015flad\u0131m diyebilirim. Her yaz bize geldi\u011finde bana kitap getirirdi.<\/p>\n<p style=\"text-align: justify;\">\u0130lkokul 5. s\u0131n\u0131fta okudu\u011fum ve hayat\u0131mda en etkilendi\u011fim kitap Jack London&#8217;\u0131n &#8216;Vah\u015fetin \u00c7a\u011fr\u0131s\u0131&#8217;d\u0131r. Gen\u00e7li\u011fimde ise Erdal \u00d6z&#8217;\u00fcn Denizlerin idam\u0131n\u0131 anlatt\u0131\u011f\u0131 &#8216;G\u00fcl\u00fcn\u00fcn Soldu\u011fu Ak\u015fam&#8217;dan etkilendim.<\/p>\n<p style=\"text-align: justify;\">&#8211; \u00dcniversitede sol gruplar\u0131n i\u00e7indeydim. B\u00fcy\u00fcklerimiz bizi baz\u0131 s\u0131navlardan ge\u00e7irirdi. \u00d6rne\u011fin bilet atmadan belediye otob\u00fcs\u00fcne binmek. Tart\u0131\u015fma \u00e7\u0131kt\u0131\u011f\u0131nda &#8216;Att\u0131m karde\u015fim&#8217; deyip i\u015fin i\u00e7inden \u00e7\u0131karken b\u00fcy\u00fckler bizi seyrederdi. Ama\u00e7 ileride polisle ya\u015fanabilecek bir sorunda deneyim kazanmak, yani &#8216;\u00d6tmemekti.&#8217;<\/p>\n<p style=\"text-align: justify;\"><strong>&#8216;HAN\u0130 EMEK Y\u00dcCE DE\u011eERD\u0130&#8217;<\/strong><\/p>\n<p style=\"text-align: justify;\">&#8211; Sa\u011fc\u0131 bir hocam\u0131z vard\u0131. \u00d6zellikle ba\u015far\u0131l\u0131 solcu \u00f6\u011frencileri k\u0131\u015fk\u0131rt\u0131r, onlar\u0131n kavgaya kar\u0131\u015fmalar\u0131n\u0131 sa\u011flay\u0131p disipline g\u00f6nderilmelerini sa\u011flard\u0131. Bunun \u00fczerine solcu \u00f6\u011frencilerle bir durum de\u011ferlendirmesi yapt\u0131k. Solcu bir hocam\u0131z vard\u0131, ben de ona gittim. Ona sa\u011fc\u0131 \u00f6\u011frencilerin listesini sunup, bunlara zay\u0131f not vermesini istedim. Beni beklemedi\u011fim bir \u015fekilde f\u0131r\u00e7alad\u0131. &#8216;Hani emek en y\u00fcce de\u011ferdi, hani eme\u011fe sayg\u0131?&#8217; diye ba\u011f\u0131r\u0131p odas\u0131ndan kovdu. Bu bana e\u011fitim hayat\u0131mda b\u00fcy\u00fck ders olmu\u015ftur. \u00d6\u011fretmenlik y\u0131llar\u0131mda s\u0131nav ka\u011f\u0131tlar\u0131n\u0131 okurken isimleri kapat\u0131r \u00f6yle okurdum.<\/p>\n<p style=\"text-align: justify;\"><strong>Aleviler bu oyuna gelmez<\/strong><\/p>\n<p style=\"text-align: justify;\">&#8211; Ben m\u00fcbadil-Karadenizli bir ailenin \u00e7ocu\u011fuyum. M\u00fcbadele d\u00fcnyan\u0131n en b\u00fcy\u00fck g\u00f6\u00e7lerinden birisidir. Y\u00fcz binlerce insan vatan de\u011fi\u015ftirmi\u015f, binlerce insan yollarda so\u011fuktan, a\u00e7l\u0131ktan \u00f6lm\u00fc\u015ft\u00fcr. Dedemin dedesinin kat\u0131r\u0131na, ke\u00e7isine, yata\u011f\u0131na, yorgan\u0131na nas\u0131l el konuldu\u011funun resmi belgesi elimde bulunuyor. Bu ac\u0131larla ya\u015fam\u0131\u015f bir ailenin \u00e7ocu\u011fu olarak oraya tak\u0131l\u0131 kalamam. Dersim de b\u00f6yledir. Evet, Dersim&#8217;de ac\u0131 olaylar olmu\u015ftur, k\u00f6t\u00fcl\u00fckler ya\u015fanm\u0131\u015ft\u0131r, ama tak\u0131l\u0131 kalmamak laz\u0131m. Ba\u015fbakan&#8217;\u0131n buradaki derdi, tarihle y\u00fczle\u015fmek de\u011fil, CHP&#8217;ye blok oy veren Alevileri par\u00e7alamakt\u0131r. Alevilerin bu oyuna gelmeyecek kadar ak\u0131ll\u0131 olduklar\u0131n\u0131 d\u00fc\u015f\u00fcn\u00fcyorum.<\/p>\n<p style=\"text-align: justify;\"><strong>\u0130hanet etmem<\/strong><\/p>\n<p style=\"text-align: justify;\">&#8211; Ben CHP&#8217;de kurultaya y\u00f6nelik bir haz\u0131rl\u0131k i\u00e7inde de\u011filim. Asi de\u011filim, bir kalk\u0131\u015fma i\u00e7inde de\u011filim. \u0130hanet asla etmem. Ben CHP ile de\u011fil, AKP ile kavga etmek istiyorum. Partimin milletvekilleri, il ba\u015fkanlar\u0131, delegeleri, belediye ba\u015fkanlar\u0131 kimin ne oldu\u011funu da toplumda kimin kar\u015f\u0131l\u0131k buldu\u011funu da g\u00f6r\u00fcyor. Zaman\u0131 gelirse, parti isterse sand\u0131k g\u00f6revlisi de olurum, &#8216;En tepedeki adam&#8217; da.<\/p>\n<p style=\"text-align: justify;\"><strong>\u0130flasla biten ilk ticaret!<\/strong><\/p>\n<p style=\"text-align: justify;\">&#8211; \u00c7ocukken y\u00fczebilmek i\u00e7in k\u00f6y\u00fcn deresinin \u00f6n\u00fcne 10-15 arkada\u015f ta\u015flarla \u00f6r\u00fcp set yapard\u0131k. Yorucu bir i\u015fti. \u00d6\u011fle s\u0131ca\u011f\u0131nda bir kilometreden koca koca ta\u015flar\u0131 ta\u015f\u0131rd\u0131k. Y\u00fczmek keyifliydi ancak set \u00e7ok da dayanmazd\u0131. Y\u0131llar sonra fizik \u00f6\u011fretmeni olunca m\u00fchendislik bilimine ters (d\u0131\u015f b\u00fckey) set yapt\u0131\u011f\u0131m\u0131z\u0131 anlad\u0131m.<\/p>\n<p style=\"text-align: justify;\">&#8211; Mahallenin futbol tak\u0131m\u0131nda b\u00fcy\u00fck \u00e7eki\u015fme vard\u0131. Futbol tak\u0131m\u0131m\u0131za forma almak istiyorduk. Bir tarla belirledik ve oraya karpuz ektik. Karpuzlar\u0131 sat\u0131p paras\u0131yla forma alacakt\u0131k. Ancak kaptan\u0131m\u0131z \u0130stanbul&#8217;a okumaya gidince karpuzlar da tarlada \u00e7\u00fcr\u00fcd\u00fc. Forma da alamad\u0131k. B\u00f6ylece ilk ticari faaliyetimiz iflasla sonu\u00e7lanm\u0131\u015f oldu.<\/p>\n<p style=\"text-align: justify;\"><strong>\u0130ncittiysem g\u00f6n\u00fcl al\u0131r\u0131m<\/strong><\/p>\n<p style=\"text-align: justify;\">&#8211; Foto muhabiri arkada\u015flar\u0131m\u0131n \u00e7o\u011funu ismen bilirim, arkada\u015f g\u00f6r\u00fcr\u00fcm. San\u0131r\u0131m bu son olayda biraz incindiler. Biz sabahlara kadar \u00e7al\u0131\u015f\u0131rken onlar da bizimle \u00e7al\u0131\u015f\u0131yor. Sabah\u0131n 04.00&#8217;\u00fcnde tabii ki esniyorsun, uyukluyorsun. Arkada\u015flar da bunu \u00e7ekiyorlar ancak sorun bundan sonra ba\u015fl\u0131yor. Ertesi g\u00fcn gazetedeki ba\u015fl\u0131k, &#8216;Uyuyan vekiller&#8217; \u015feklinde. \u0130\u015fte buna itiraz\u0131m var. Benim hi\u00e7 \u00f6yle foto\u011fraf\u0131m \u00e7\u0131kmad\u0131, ama bir g\u00fcn \u00e7\u0131kabilir. &#8217;18 saatlik \u00e7al\u0131\u015fma sonunda uyuyakald\u0131lar&#8217; gibi bir ibare olmas\u0131 laz\u0131m. Bunu g\u00f6remiyoruz. Belki de foto muhabirlerinin \u00fczerindeki bir mekanizma bu sonucu do\u011furuyor. Arkada\u015flar ilk anda tepki g\u00f6sterseler de iyi niyetimden \u015f\u00fcphe etmeyeceklerdir inanc\u0131nday\u0131m. Onlar\u0131 incittiysem g\u00f6n\u00fcllerini de al\u0131r\u0131m.<\/p>\n<p style=\"text-align: justify;\"><a href=\"http:\/\/www.aksam.com.tr\/kavgayi-bitirip-seckinci-anlayistan-siyrilalim--86212h.html\" target=\"_blank\">Kaynak : A. Rezzak ORAL &#8211;\u00a0Ak\u015fam.com.tr<\/a><\/p>\n","protected":false},"excerpt":{"rendered":"<p style=\"text-align: center;\">\n<p style=\"text-align: justify;\">&#8216;\u00dc\u00e7 d\u00f6nemdir yeniliyoruz. \u00d6nce kendimizi ele\u015ftirelim&#8217; diyen \u0130nce, be\u015f maddelik iktidar re\u00e7etesini a\u00e7\u0131klad\u0131. Parti i\u00e7i kavgalara son vermek ve se\u00e7kinci anlay\u0131\u015ftan kurtulmak ilk ikisi<\/p>\n<p style=\"text-align: justify;\">Meclis&#8217;in pop\u00fcler isimlerinden CHP Grup Ba\u015fkanvekili Muharrem \u0130nce ile Yalova&#8217;ya 8 kilometre uzakl\u0131ktaki baba oca\u011f\u0131 Elmal\u0131k K\u00f6y\u00fc&#8217;nde g\u00f6r\u00fc\u015ft\u00fck. Hem \u00e7ocukluk g\u00fcnlerini hem gelecek planlar\u0131n\u0131 <\/p>\n","protected":false},"author":1,"featured_media":0,"comment_status":"open","ping_status":"open","sticky":false,"template":"","format":"standard","meta":{"footnotes":""},"categories":[105],"tags":[],"class_list":["post-44319","post","type-post","status-publish","format-standard","hentry","category-gundem","odd"],"_links":{"self":[{"href":"http:\/\/www.korhanyilmaz.com\/index.php?rest_route=\/wp\/v2\/posts\/44319","targetHints":{"allow":["GET"]}}],"collection":[{"href":"http:\/\/www.korhanyilmaz.com\/index.php?rest_route=\/wp\/v2\/posts"}],"about":[{"href":"http:\/\/www.korhanyilmaz.com\/index.php?rest_route=\/wp\/v2\/types\/post"}],"author":[{"embeddable":true,"href":"http:\/\/www.korhanyilmaz.com\/index.php?rest_route=\/wp\/v2\/users\/1"}],"replies":[{"embeddable":true,"href":"http:\/\/www.korhanyilmaz.com\/index.php?rest_route=%2Fwp%2Fv2%2Fcomments&post=44319"}],"version-history":[{"count":0,"href":"http:\/\/www.korhanyilmaz.com\/index.php?rest_route=\/wp\/v2\/posts\/44319\/revisions"}],"wp:attachment":[{"href":"http:\/\/www.korhanyilmaz.com\/index.php?rest_route=%2Fwp%2Fv2%2Fmedia&parent=44319"}],"wp:term":[{"taxonomy":"category","embeddable":true,"href":"http:\/\/www.korhanyilmaz.com\/index.php?rest_route=%2Fwp%2Fv2%2Fcategories&post=44319"},{"taxonomy":"post_tag","embeddable":true,"href":"http:\/\/www.korhanyilmaz.com\/index.php?rest_route=%2Fwp%2Fv2%2Ftags&post=44319"}],"curies":[{"name":"wp","href":"https:\/\/api.w.org\/{rel}","templated":true}]}}