{"id":44315,"date":"2011-12-17T08:05:06","date_gmt":"2011-12-17T06:05:06","guid":{"rendered":"http:\/\/www.korhanyilmaz.com\/?p=44315"},"modified":"2011-12-17T12:57:33","modified_gmt":"2011-12-17T10:57:33","slug":"akpde-ofisler-hareketlendi","status":"publish","type":"post","link":"http:\/\/www.korhanyilmaz.com\/?p=44315","title":{"rendered":"AKP\u2019de ofisler hareketlendi"},"content":{"rendered":"<p style=\"text-align: center;\"><a href=\"http:\/\/www.korhanyilmaz.com\/wp-content\/uploads\/2011\/12\/8629.jpg\"  class=\"lightview\"><img loading=\"lazy\" decoding=\"async\" class=\"aligncenter  wp-image-44316\" src=\"http:\/\/www.korhanyilmaz.com\/wp-content\/uploads\/2011\/12\/8629.jpg\" alt=\"\" width=\"322\" height=\"201\" \/><\/a><\/p>\n<p style=\"text-align: justify;\">Parti kulislerinde Tayyip Erdo\u011fan sonras\u0131 planlar konu\u015fuluyor.<\/p>\n<p style=\"text-align: justify;\">Tayyip Erdo\u011fan\u2019\u0131n sa\u011fl\u0131k sorununun ard\u0131ndan AKP i\u00e7inde kamuoyuna yans\u0131yan iktidar m\u00fccadelesi giderek h\u0131zlan\u0131yor. AKP i\u00e7indeki b\u00fct\u00fcn tarikat ve gruplar Erdo\u011fan sonras\u0131 hesaplara ba\u015flad\u0131.\u00a0<!--more--><\/p>\n<p style=\"text-align: justify;\">Ba\u015fbakan Erdo\u011fan\u2019\u0131n sa\u011fl\u0131k durumu ile ilgili tart\u0131\u015fmalar s\u00fcrerken AKP i\u00e7inde kulisler h\u0131zland\u0131. AKP kurmaylar\u0131na ait b\u00fcrolar hareketlenirken, \u00f6zellikle Dikmen vadisindeki \u00e7ok katl\u0131 binadaki ofislerde hareketlilik de artt\u0131. AKP i\u00e7indeki gruplar Erdo\u011fan sonras\u0131 i\u00e7in politika belirlemeye \u00e7al\u0131\u015f\u0131rlarken, AKP\u2019ye destek veren tarikatlar da \u00e7al\u0131\u015fmalar\u0131n\u0131 yo\u011funla\u015ft\u0131rd\u0131. 12 Haziran se\u00e7imlerinde milletvekili aday\u0131 g\u00f6sterilmeyen eski milletvekillerinin de son g\u00fcnlerde s\u0131k s\u0131k bir araya geldikleri \u00f6\u011frenildi.<\/p>\n<p style=\"text-align: justify;\"><a href=\"http:\/\/www.aydinlikgazete.com\/index.php?option=com_content&amp;view=article&amp;id=6534:akpde-ofisler-hareketlendi&amp;catid=35:joomla&amp;Itemid=95\" target=\"_blank\">Kaynak : Ayd\u0131nl\u0131k Gazetesi<\/a><\/p>\n","protected":false},"excerpt":{"rendered":"<p style=\"text-align: center;\">\n<p style=\"text-align: justify;\">Parti kulislerinde Tayyip Erdo\u011fan sonras\u0131 planlar konu\u015fuluyor.<\/p>\n<p style=\"text-align: justify;\">Tayyip Erdo\u011fan\u2019\u0131n sa\u011fl\u0131k sorununun ard\u0131ndan AKP i\u00e7inde kamuoyuna yans\u0131yan iktidar m\u00fccadelesi giderek h\u0131zlan\u0131yor. AKP i\u00e7indeki b\u00fct\u00fcn tarikat ve gruplar Erdo\u011fan sonras\u0131 hesaplara ba\u015flad\u0131. <\/p>\n","protected":false},"author":1,"featured_media":0,"comment_status":"open","ping_status":"open","sticky":false,"template":"","format":"standard","meta":{"footnotes":""},"categories":[105],"tags":[],"class_list":["post-44315","post","type-post","status-publish","format-standard","hentry","category-gundem","odd"],"_links":{"self":[{"href":"http:\/\/www.korhanyilmaz.com\/index.php?rest_route=\/wp\/v2\/posts\/44315","targetHints":{"allow":["GET"]}}],"collection":[{"href":"http:\/\/www.korhanyilmaz.com\/index.php?rest_route=\/wp\/v2\/posts"}],"about":[{"href":"http:\/\/www.korhanyilmaz.com\/index.php?rest_route=\/wp\/v2\/types\/post"}],"author":[{"embeddable":true,"href":"http:\/\/www.korhanyilmaz.com\/index.php?rest_route=\/wp\/v2\/users\/1"}],"replies":[{"embeddable":true,"href":"http:\/\/www.korhanyilmaz.com\/index.php?rest_route=%2Fwp%2Fv2%2Fcomments&post=44315"}],"version-history":[{"count":0,"href":"http:\/\/www.korhanyilmaz.com\/index.php?rest_route=\/wp\/v2\/posts\/44315\/revisions"}],"wp:attachment":[{"href":"http:\/\/www.korhanyilmaz.com\/index.php?rest_route=%2Fwp%2Fv2%2Fmedia&parent=44315"}],"wp:term":[{"taxonomy":"category","embeddable":true,"href":"http:\/\/www.korhanyilmaz.com\/index.php?rest_route=%2Fwp%2Fv2%2Fcategories&post=44315"},{"taxonomy":"post_tag","embeddable":true,"href":"http:\/\/www.korhanyilmaz.com\/index.php?rest_route=%2Fwp%2Fv2%2Ftags&post=44315"}],"curies":[{"name":"wp","href":"https:\/\/api.w.org\/{rel}","templated":true}]}}