{"id":44311,"date":"2011-12-14T23:39:07","date_gmt":"2011-12-14T21:39:07","guid":{"rendered":"http:\/\/www.korhanyilmaz.com\/?p=44311"},"modified":"2011-12-17T00:16:11","modified_gmt":"2011-12-16T22:16:11","slug":"arinctan-erdoganin-saglik-durumuna-dair-sifreler","status":"publish","type":"post","link":"http:\/\/www.korhanyilmaz.com\/?p=44311","title":{"rendered":"Ar\u0131n\u00e7\u2019tan Erdo\u011fan\u2019\u0131n sa\u011fl\u0131k durumuna dair \u015fifreler"},"content":{"rendered":"<p style=\"text-align: center;\"><a href=\"http:\/\/www.korhanyilmaz.com\/wp-content\/uploads\/2011\/12\/8628.jpg\"  class=\"lightview\"><img loading=\"lazy\" decoding=\"async\" class=\"aligncenter  wp-image-44312\" src=\"http:\/\/www.korhanyilmaz.com\/wp-content\/uploads\/2011\/12\/8628.jpg\" alt=\"\" width=\"368\" height=\"218\" \/><\/a><\/p>\n<p style=\"text-align: justify;\"><strong>\u0130n\u015fallah, san\u0131yorum k\u0131smet olursa umuyorum<\/strong><\/p>\n<p style=\"text-align: justify;\">Ar\u0131n\u00e7, \u201cBa\u015fbakan\u2019a biat etmedim\u201d s\u00f6zlerinin ard\u0131ndan d\u00fcn yine konu\u015ftu. Ar\u0131n\u00e7, sat\u0131r aralar\u0131nda Ba\u015fbakan i\u00e7in \u015fu ifadeleri kulland\u0131: \u201cK\u0131smet olursa Bakanlar Kurulumuza ba\u015fkanl\u0131k edecek\u2019\u2019, \u201cUmuyorum yar\u0131ndan itibaren Ankara\u2019daki mesaisine ba\u015flayacak\u201d\u00a0<!--more--><\/p>\n<p style=\"text-align: justify;\">Ba\u015fbakan Yard\u0131mc\u0131s\u0131 B\u00fclent Ar\u0131n\u00e7, d\u00fcn canl\u0131 yay\u0131nda CNN T\u00fcrk\u2019\u00fcn sorular\u0131n\u0131 yan\u0131tlad\u0131. Ar\u0131n\u00e7, Tayyip Erdo\u011fan\u2019\u0131n sa\u011fl\u0131k durumuyla ilgili bir soru \u00fczerine, \u2018\u2019Bizim de ald\u0131\u011f\u0131m\u0131z haberler, Say\u0131n Ba\u015fbakan\u0131m\u0131z\u0131n sa\u011fl\u0131\u011f\u0131n\u0131n gayet iyi oldu\u011funu g\u00f6steriyor. \u0130n\u015fallah \u00f6yledir. Allah\u2019tan sa\u011fl\u0131k ve afiyet diliyoruz; hem ona hem t\u00fcm hastalar\u0131m\u0131za\u201d dedi.<\/p>\n<p style=\"text-align: justify;\"><strong>\u2018K\u0131smet olursa&#8230;\u2019\u00a0<\/strong><\/p>\n<p style=\"text-align: justify;\">Ar\u0131n\u00e7, Erdo\u011fan\u2019\u0131n \u00e7al\u0131\u015fmalara kat\u0131lmas\u0131yla ilgili durumun netlik kazanmad\u0131\u011f\u0131n\u0131 da \u015fu s\u00f6zlerle ima etti: \u201cBiliyorsunuz Balkanlar\u2019dan gelen heyetle g\u00f6r\u00fc\u015ft\u00fc. Romanya Devlet Ba\u015fkan\u0131n\u0131 kabul etmi\u015fti. San\u0131yorum ak\u015fam saatlerinde Ankara\u2019ya gelecekler. 1 Aral\u0131k\u2019ta olmas\u0131 d\u00fc\u015f\u00fcn\u00fclen ama ertelenen YA\u015e\u2019\u0131n k\u0131\u015f toplant\u0131s\u0131na ba\u015fkanl\u0131k edecek. Cuma g\u00fcn\u00fc de saat 14.00\u2019te k\u0131smet olursa Bakanlar Kurulumuza ba\u015fkanl\u0131k edecek\u2019\u2019 diye konu\u015ftu.<\/p>\n<p style=\"text-align: justify;\"><strong>\u2018Umuyorum&#8230;\u2019\u00a0<\/strong><\/p>\n<p style=\"text-align: justify;\">Ba\u015fbakan Yard\u0131mc\u0131s\u0131 Ar\u0131n\u00e7, ameliyat sonras\u0131 \u0130stanbul\u2019da yapt\u0131klar\u0131 g\u00f6r\u00fc\u015fmede, Ba\u015fbakan Erdo\u011fan\u2019\u0131n, \u201cPazartesi g\u00fcn\u00fc Bakanlar Kurulu toplant\u0131s\u0131yla ba\u015flamak istiyorum\u201d temennisini dile getirdi\u011fini aktard\u0131. Ar\u0131n\u00e7, \u015f\u00f6yle devam etti: \u201cAma k\u0131smet olmad\u0131. Biz daha \u00e7ok dinlenmesini ve in\u015fallah daha iyi sa\u011fl\u0131kla \u00e7al\u0131\u015fmalar\u0131na ba\u015flamas\u0131n\u0131 arzu ettik. Ama umuyorum yar\u0131ndan itibaren Ankara\u2019daki mesaisine ba\u015flayacak.\u201d<\/p>\n<p style=\"text-align: justify;\"><strong>\u2018Biat etmedim\u2019 s\u00f6zlerini tekrarlad\u0131\u00a0<\/strong><\/p>\n<p style=\"text-align: justify;\">Ar\u0131n\u00e7\u2019a, Bursa\u2019da sarfetti\u011fi \u201cBiat etmedim\u201d s\u00f6zleri de soruldu. Ar\u0131n\u00e7, \u201cBen y\u0131llarca Erbakan\u2019la \u00e7al\u0131\u015ft\u0131m. Ben o zaman Erbakan\u2019a da biat etmemi\u015ftim. Tayyip Bey\u2019i severim ama biat ayr\u0131 bir \u015fey. Ona da biat etmedim. Bu laf\u0131n takdir g\u00f6rmesi laz\u0131m asl\u0131nda. Ba\u015fbakan\u2019\u0131 hedef alarak, hastal\u0131k zaman\u0131nda bunu s\u00f6ylemi\u015f bir densiz de\u011filim ben\u201d yan\u0131t\u0131n\u0131 verdi.<\/p>\n<p style=\"text-align: justify;\">AKP\u2019de \u00e7atlak ya\u015fand\u0131\u011f\u0131 y\u00f6n\u00fcndeki haberlere de de\u011finen Ar\u0131n\u00e7, \u201cBu iddialar\u0131n hi\u00e7biri ciddi de\u011fil, y\u0131pratmak istiyorlar. Biz \u00fc\u00e7 d\u00f6nemdir tek ba\u015f\u0131m\u0131za iktidar oluyoruz. Bu birilerini \u00e7ok \u00fcrk\u00fct\u00fcyor. Ekonomi, d\u0131\u015f politikadaki itibar\u0131m\u0131z g\u00fc\u00e7l\u00fc oldu\u011fu i\u00e7in bu partiyi eritmeliyiz diye d\u00fc\u015f\u00fcn\u00fcyorlar\u201d dedi.<\/p>\n<p style=\"text-align: justify;\">\u0130\u015fte Ar\u0131n\u00e7\u2019\u0131n konu\u015fmas\u0131ndan sat\u0131r ba\u015flar\u0131:<\/p>\n<p style=\"text-align: justify;\"><strong>Sporda \u015fiddet yasas\u0131\u00a0<\/strong><\/p>\n<p style=\"text-align: justify;\">Buna \u015fike yasas\u0131 deniyor ama sporda \u015fiddet yasas\u0131d\u0131r. \u0130lk \u00e7\u0131kt\u0131\u011f\u0131nda hangi maddesinde ne var detayl\u0131 bakmad\u0131m. Kanunun ne zaman uygulanaca\u011f\u0131 akla geldi, baz\u0131 isimler televizyona \u00e7\u0131k\u0131p deme\u00e7ler verdi, g\u00f6zalt\u0131lar oldu, tutuklamalar oldu. Ben, 3 Ekim\u2019de bu konuda ilk konu\u015fmay\u0131 yapan ki\u015fiyim. Bana bir gazeteci \u2018Kanunun de\u011fi\u015ftirilmesi d\u00fc\u015f\u00fcn\u00fcl\u00fcyor. Ne diyorsunuz?\u2019 diyorlar.<\/p>\n<p style=\"text-align: justify;\"><strong>Cumhurba\u015fkan\u0131\u2019na destek\u00a0<\/strong><\/p>\n<p style=\"text-align: justify;\">Daha sonra Ba\u015fbakan\u0131m\u0131z da \u2018Bu kanun yeni \u00e7\u0131kt\u0131, bu da nerden \u00e7\u0131kt\u0131\u2019 dercesine beyanda bulunuyor. Daha sonra bana yine soruldu. \u2018Bu kanun \u00e7\u0131kt\u0131\u011f\u0131nda alk\u0131\u015fl\u0131yorlard\u0131. Ben de\u011fi\u015fmesini etik bulmam\u2019 diyorum. 3 Aral\u0131k\u2019ta bana Cumhurba\u015fkan\u0131\u2019n\u0131n veto etti\u011fi soruldu. Olumlu buldu\u011fumu s\u00f6yl\u00fcyorum, tekrar Meclis\u2019e gelmesine cesaret edilmeyece\u011fini s\u00f6yl\u00fcyorum.<\/p>\n<p style=\"text-align: justify;\"><strong>Siyasi irade ayr\u0131m\u0131\u00a0<\/strong><\/p>\n<p style=\"text-align: justify;\">Meclis cayd\u0131r\u0131c\u0131l\u0131k prensibini yeniden g\u00f6zden ge\u00e7irip g\u00f6ndermeliydi. Ama siyasi irade aynen geri g\u00f6nderdi. Ben h\u00e2l\u00e2 endi\u015felerimi muhafaza ediyorum. O zaman alk\u0131\u015flarla kabul edilen kanun \u015fimdi tu kaka ediliyorsa \u015fimdi cayd\u0131r\u0131c\u0131 unsurlar\u0131 g\u00f6ze almam\u0131z laz\u0131m.<\/p>\n<p style=\"text-align: justify;\"><strong>\u2018Grubun ba\u015f\u0131nda ben olsayd\u0131m&#8230;\u2019\u00a0<\/strong><\/p>\n<p style=\"text-align: justify;\">Parti ilk kuruldu\u011funda Erdo\u011fan vekil olmad\u0131\u011f\u0131 i\u00e7in Grubun Ba\u015fkan\u0131 bendim. Tasar\u0131 olarak Bakanlar Kurulu\u2019nda g\u00f6r\u00fc\u015f\u00fclseydi ben d\u00fc\u015f\u00fcncemi ifade ederdim. \u00c7o\u011funluk ne derse ona da uyard\u0131m. Grup Ba\u015fkanvekili imza atm\u0131\u015fsa Ba\u015fbakan\u2019\u0131 ve grubu temsilen imza atm\u0131\u015f demektir. AKP\u2019li vekiller Grup Ba\u015fkanvekilinin imzas\u0131na sad\u0131k kal\u0131rlar. Fikirlerini s\u00f6ylerler ama grup karar\u0131na uyarlar.<\/p>\n<p style=\"text-align: justify;\"><strong>\u2018Tek yanl\u0131\u015f\u0131m var\u2019\u00a0<\/strong><\/p>\n<p style=\"text-align: justify;\">Tek bir yanl\u0131\u015f\u0131m var. O da b\u00fcy\u00fck bir yanl\u0131\u015f. Kendimi affedemiyorum o konuda. Benim bu kanunu bir daha getirmeye cesaret edemezler laf\u0131m affedilemez bir hata. Ben Meclis\u2019i Anayasa Mahkemesi ve Sezer\u2019e kar\u015f\u0131 savundum. Ben Cumhurba\u015fkan\u0131\u2019n\u0131n geri g\u00f6nderme gerek\u00e7esini sevin\u00e7le kar\u015f\u0131lad\u0131m. Sand\u0131m ki vekiller de \u2018bunun kapa\u011f\u0131n\u0131 bir daha a\u00e7mayal\u0131m\u2019 derler diye d\u00fc\u015f\u00fcnd\u00fcm. Benim \u015funu bilmem gerekirdi ki her sebeple bir yasama d\u00fczenlemesi yap\u0131labilir. Yasama yetkisini kullan\u0131rken Meclis bunu dengeleyecek. Ben sevin\u00e7le \u2018Bir daha Meclis\u2019ten ge\u00e7mez\u2019 dememeliydim. O s\u00fcre\u00e7te Ba\u015fbakan\u2019la bu konuyu hi\u00e7 konu\u015fmad\u0131m.<\/p>\n<p style=\"text-align: justify;\"><a href=\"http:\/\/www.aydinlikgazete.com\/index.php?option=com_content&amp;view=article&amp;id=6455:arnctan-erdoann-salk-durumuna-dair-ifreler&amp;catid=35:joomla&amp;Itemid=95\" target=\"_blank\">Kaynak : Ayd\u0131nl\u0131k Gazetesi<\/a><\/p>\n","protected":false},"excerpt":{"rendered":"<p style=\"text-align: center;\">\n<p style=\"text-align: justify;\">\u0130n\u015fallah, san\u0131yorum k\u0131smet olursa umuyorum<\/p>\n<p style=\"text-align: justify;\">Ar\u0131n\u00e7, \u201cBa\u015fbakan\u2019a biat etmedim\u201d s\u00f6zlerinin ard\u0131ndan d\u00fcn yine konu\u015ftu. Ar\u0131n\u00e7, sat\u0131r aralar\u0131nda Ba\u015fbakan i\u00e7in \u015fu ifadeleri kulland\u0131: \u201cK\u0131smet olursa Bakanlar Kurulumuza ba\u015fkanl\u0131k edecek\u2019\u2019, \u201cUmuyorum yar\u0131ndan itibaren Ankara\u2019daki mesaisine ba\u015flayacak\u201d <\/p>\n","protected":false},"author":1,"featured_media":0,"comment_status":"open","ping_status":"open","sticky":false,"template":"","format":"standard","meta":{"footnotes":""},"categories":[105],"tags":[],"class_list":["post-44311","post","type-post","status-publish","format-standard","hentry","category-gundem","odd"],"_links":{"self":[{"href":"http:\/\/www.korhanyilmaz.com\/index.php?rest_route=\/wp\/v2\/posts\/44311","targetHints":{"allow":["GET"]}}],"collection":[{"href":"http:\/\/www.korhanyilmaz.com\/index.php?rest_route=\/wp\/v2\/posts"}],"about":[{"href":"http:\/\/www.korhanyilmaz.com\/index.php?rest_route=\/wp\/v2\/types\/post"}],"author":[{"embeddable":true,"href":"http:\/\/www.korhanyilmaz.com\/index.php?rest_route=\/wp\/v2\/users\/1"}],"replies":[{"embeddable":true,"href":"http:\/\/www.korhanyilmaz.com\/index.php?rest_route=%2Fwp%2Fv2%2Fcomments&post=44311"}],"version-history":[{"count":0,"href":"http:\/\/www.korhanyilmaz.com\/index.php?rest_route=\/wp\/v2\/posts\/44311\/revisions"}],"wp:attachment":[{"href":"http:\/\/www.korhanyilmaz.com\/index.php?rest_route=%2Fwp%2Fv2%2Fmedia&parent=44311"}],"wp:term":[{"taxonomy":"category","embeddable":true,"href":"http:\/\/www.korhanyilmaz.com\/index.php?rest_route=%2Fwp%2Fv2%2Fcategories&post=44311"},{"taxonomy":"post_tag","embeddable":true,"href":"http:\/\/www.korhanyilmaz.com\/index.php?rest_route=%2Fwp%2Fv2%2Ftags&post=44311"}],"curies":[{"name":"wp","href":"https:\/\/api.w.org\/{rel}","templated":true}]}}