{"id":44305,"date":"2011-12-16T14:10:56","date_gmt":"2011-12-16T12:10:56","guid":{"rendered":"http:\/\/www.korhanyilmaz.com\/?p=44305"},"modified":"2011-12-16T23:26:23","modified_gmt":"2011-12-16T21:26:23","slug":"atasoya-huzunlu-veda","status":"publish","type":"post","link":"http:\/\/www.korhanyilmaz.com\/?p=44305","title":{"rendered":"Atasoy&#8217;a h\u00fcz\u00fcnl\u00fc veda"},"content":{"rendered":"<p style=\"text-align: center;\"><a href=\"http:\/\/www.korhanyilmaz.com\/wp-content\/uploads\/2011\/12\/8625.jpg\"  class=\"lightview\"><img loading=\"lazy\" decoding=\"async\" class=\"aligncenter  wp-image-44306\" src=\"http:\/\/www.korhanyilmaz.com\/wp-content\/uploads\/2011\/12\/8625.jpg\" alt=\"\" width=\"396\" height=\"180\" \/><\/a><\/p>\n<p style=\"text-align: justify;\">Kalp krizi sonucu ya\u015fam\u0131n\u0131 yitiren usta oyuncu S\u00f6nmez Atasoy, y\u0131llarca sahne ald\u0131\u011f\u0131 salondan son yolculu\u011funa u\u011furland\u0131. Cenaze t\u00f6reninde, Kurtlar Vadisi dizisinde Polat Alemdar\u2019\u0131 canland\u0131ran Necati \u015ea\u015fmaz izdiham\u0131 ya\u015fand\u0131.<\/p>\n<p style=\"text-align: justify;\">ANKARA -Ge\u00e7irdi\u011fi kalp krizi nedeniyle hayata g\u00f6zlerini yuman usta oyuncu S\u00f6nmez Atasoy i\u00e7in B\u00fcy\u00fck Tiyatro&#8217;da t\u00f6ren d\u00fczenlendi. &#8221;Kurtlar Vadisi&#8221; adl\u0131 televizyon dizisindeki &#8221;Halo Day\u0131&#8221; karakteriyle haf\u0131zalara kaz\u0131nan ve son olarak da &#8221;Sakarya F\u0131rat&#8221; isimli dizide rol alan Atasoy, y\u0131llarca \u00e7ok say\u0131da oyunla izleyiciyi selamlad\u0131\u011f\u0131 B\u00fcy\u00fck Tiyatro sahnesinde, koltuklar\u0131 dolduranlar\u0131 bu kez h\u00fczne bo\u011fdu.\u00a0<!--more--><\/p>\n<p style=\"text-align: justify;\">B\u00fcy\u00fck Tiyatro&#8217;daki t\u00f6rene Atasoy&#8217;un k\u0131z\u0131 Fadik Sevin Atasoy, ailesi, K\u00fclt\u00fcr ve Turizm Bakan\u0131 Ertu\u011frul G\u00fcnay, Bakanl\u0131k yetkilileri, eski bakanlardan Fikri Sa\u011flar, yap\u0131mc\u0131 ve y\u00f6netmen Osman S\u0131nav, sanat\u00e7\u0131 Yavuz Bing\u00f6l, tiyatro oyuncusu Erdal Be\u015fik\u00e7io\u011flu ve G\u00fcven Hokna ile tiyatro sanat\u00e7\u0131lar\u0131 ve sevenleri kat\u0131ld\u0131.<\/p>\n<p style=\"text-align: justify;\">T\u00f6rende konu\u015fan K\u00fclt\u00fcr ve Turizm Bakan\u0131 G\u00fcnay, tiyatro seyircisiyle sahnesinin birbirinden ayr\u0131lamayaca\u011f\u0131n\u0131, bir b\u00fct\u00fcn oldu\u011fu i\u00e7in de g\u00fczel an\u0131lar\u0131n oyuncularla seyirci taraf\u0131ndan birlikte payla\u015f\u0131ld\u0131\u011f\u0131n\u0131 belirtti. S\u00f6nmez Atasoy&#8217;un \u00e7ok y\u00f6nl\u00fc bir sanat\u00e7\u0131 oldu\u011funu vurgulayan G\u00fcnay, \u015funlar\u0131 s\u00f6yledi:<\/p>\n<p style=\"text-align: justify;\">&#8221;Benim i\u00e7in \u00e7ok anlaml\u0131d\u0131r sevgili C\u00fcneyt G\u00f6k\u00e7er ile &#8216;Kral Lear&#8217; gibi bir klasikle ba\u015flay\u0131p, sonra kendi d\u00fcnyam\u0131z\u0131n \u00f6nemli isimleriyle karar k\u0131lmas\u0131, onlar\u0131 yazmas\u0131, onlar\u0131 sahneye koymas\u0131, onlar\u0131 oynamas\u0131, Nasrettin Hoca&#8217;y\u0131 g\u00f6rmezden gelmemesi, Yunus Emre&#8217;yi g\u00f6rmezden gelmemesi, Yahya Kemal&#8217;i yazmas\u0131 ve sahnelemesi, bizim k\u00f6k\u00fcm\u00fczden, bizim k\u00fclt\u00fcr\u00fcm\u00fczden kopmayan bir yetene\u011fi, bu salonda, bu sahnede b\u00fcy\u00fck izler b\u0131rakarak ve galiba g\u00f6revini yaparak aram\u0131zdan ayr\u0131ld\u0131\u011f\u0131n\u0131 bize hat\u0131rlat\u0131yor.&#8221;<\/p>\n<p style=\"text-align: justify;\">G\u00fcnay, Atasoy&#8217;un ailesine ba\u015fsa\u011fl\u0131\u011f\u0131 dile\u011finde bulunurken, sanat\u00e7\u0131n\u0131n k\u0131z\u0131 oyuncu Fadik Sevin Atasoy&#8217;u i\u015faret ederek &#8221;Geride kalanlar\u0131na, bize emaneti sevgili Fadik ba\u015fta olmak \u00fczere herkese, b\u00fct\u00fcn sanat ve tiyatro sevenlerine y\u00fcrekten sab\u0131rla diliyorum. Kendisine rahmet diliyor ve selaml\u0131yorum&#8221; dedi.<\/p>\n\n\t\t\t\t\t\t\t<style type='text\/css'>\n\t\t\t\t\t\t\t\t#gallery-1 {\n\t\t\t\t\t\t\t\t\tmargin: auto;\n\t\t\t\t\t\t\t\t}\n\t\t\t\t\t\t\t\t#gallery-1 .gallery-item {\n\t\t\t\t\t\t\t\t\tfloat: left;\n\t\t\t\t\t\t\t\t\tmargin-top: 10px;\n\t\t\t\t\t\t\t\t\ttext-align: center;\n\t\t\t\t\t\t\t\t\twidth: 33%;\t\t\t}\n\t\t\t\t\t\t\t\t#gallery-1 img {\n\t\t\t\t\t\t\t\t\tborder: 2px solid #cfcfcf;\n\t\t\t\t\t\t\t\t}\n\t\t\t\t\t\t\t\t#gallery-1 .gallery-caption {\n\t\t\t\t\t\t\t\t\tmargin-left: 0;\n\t\t\t\t\t\t\t\t}\n\t\t\t\t\t\t\t<\/style>\n\t\t\t\t\t\t\t<!-- z-Lightview gallery shortcode, see http:\/\/www.zaikos.com\/wp-plugins\/z-lightview\/ -->\n\t\t\t\t\t\t\t<div id='gallery-1' class='gallery galleryid-44305'><dl class='gallery-item'>\n\t\t\t\t\t<dt class='gallery-icon'>\n\t\t\t\t\t\t<a href='http:\/\/www.korhanyilmaz.com\/wp-content\/uploads\/2011\/12\/8625.jpg'>8625<\/a>\n\t\t\t\t\t<\/dt><\/dl><dl class='gallery-item'>\n\t\t\t\t\t<dt class='gallery-icon'>\n\t\t\t\t\t\t<a href='http:\/\/www.korhanyilmaz.com\/wp-content\/uploads\/2011\/12\/8626.jpg'>8626<\/a>\n\t\t\t\t\t<\/dt><\/dl><dl class='gallery-item'>\n\t\t\t\t\t<dt class='gallery-icon'>\n\t\t\t\t\t\t<a href='http:\/\/www.korhanyilmaz.com\/wp-content\/uploads\/2011\/12\/8627.jpg'>8627<\/a>\n\t\t\t\t\t<\/dt><\/dl><br style=\"clear: both\" \/>\n\t\t\t\t\t<br style='clear: both;' \/>\n\t\t\t\t<\/div>\n\n<p style=\"text-align: justify;\"><strong>&#8220;B\u0130R ONUR, B\u0130R GURUR YA\u015eATTI&#8221;<\/strong><\/p>\n<p style=\"text-align: justify;\">Devlet Tiyatrolar\u0131 Genel M\u00fcd\u00fcr\u00fc Lemi Bilgin de S\u00f6nmez Atasoy&#8217;un y\u00f6netmen, \u00e7ok say\u0131da oyuncuyu yeti\u015ftiren \u00f6nemli bir akademisyen ve yeri doldurulamayacak bir oyuncu oldu\u011funu ifade ederek, &#8221;Devlet Tiyatrolar\u0131, sevgili S\u00f6nmez Abisini kaybetmenin derin \u00fcz\u00fcnt\u00fcs\u00fc i\u00e7indedir&#8221; s\u00f6zleriyle duygular\u0131n\u0131 dile getirdi.<\/p>\n<p style=\"text-align: justify;\">Bilgin, daha sonra salonda bulunanlar\u0131 sayg\u0131 duru\u015funa davet etti. T\u00f6rene kat\u0131lanlar\u0131n Atasoy&#8217;un sahnede bulunan tabutunu selamlamas\u0131n\u0131n ard\u0131ndan sanat\u00e7\u0131n\u0131n cenazesi Kocatepe Camisi&#8217;ne getirildi.<\/p>\n<p style=\"text-align: justify;\">Cenazeye, sanat\u00e7\u0131n\u0131n k\u0131z\u0131 Fadik Sevin Atasoy, sanat\u00e7\u0131n\u0131n eski e\u015fi Emel G\u00f6ksu, yak\u0131nlar\u0131, K\u00fclt\u00fcr ve Turizm Bakan\u0131 Ertu\u011frul G\u00fcnay, TRT Genel M\u00fcd\u00fcr\u00fc \u0130brahim \u015eahin, Devlet Tiyatrolar\u0131 Genel M\u00fcd\u00fcr\u00fc Lemi Bilgin, yap\u0131mc\u0131 ve y\u00f6netmen Osman S\u0131nav, &#8221;Kurtlar Vadisi&#8221; adl\u0131 dizide &#8221;Polat Alemdar&#8221; karakterini canland\u0131ran Necati \u015ea\u015fmaz, &#8221;Memati&#8221; karakterini canland\u0131ran G\u00fcrkan Uygun, sanat\u00e7\u0131lar ve kalabal\u0131k bir vatanda\u015f toplulu\u011fu kat\u0131ld\u0131.<\/p>\n<p style=\"text-align: justify;\"><strong>VATANDA\u015eLARIN KURTLAR VAD\u0130S\u0130 REZALET\u0130<\/strong><\/p>\n<p style=\"text-align: justify;\">Cenaze t\u00f6reninde, yine Kurtlar Vadisi dizisinde Polat Alemdar\u2019\u0131 canland\u0131ran Necati \u015ea\u015fmaz izdiham\u0131 ya\u015fand\u0131. Kocatepe Camii\u2019nde k\u0131l\u0131nan cenaze namaz\u0131na kat\u0131lan \u015ea\u015fmaz, namaz\u0131n ard\u0131ndan cami avlusuna toplanan halk\u0131n yo\u011fun ilgisiyle kar\u015f\u0131la\u015ft\u0131. Atasoy\u2019un tabutunun cenaze arabas\u0131na konulmas\u0131n\u0131n ard\u0131ndan hayranlar\u0131 \u015ea\u015fmaz\u2019\u0131n etraf\u0131n\u0131 sard\u0131. Baz\u0131 hayranlar\u0131 \u00f6p\u00fcp, sar\u0131lmak isterken, baz\u0131 ki\u015filerde \u00e7ocuklar\u0131n\u0131 \u015ea\u015fmaz\u2019\u0131n kuca\u011f\u0131na vererek foto\u011fraf \u00e7ektirmek istedi. Bu arada ya\u015fanan karga\u015fa s\u0131ras\u0131nda \u015ea\u015fmaz, d\u00fc\u015fme tehlikesi ge\u00e7irdi. Ya\u015fananlar\u0131 \u015fa\u015fk\u0131nl\u0131kla izleyen baz\u0131 vatanda\u015flar da cenaze t\u00f6reninde b\u00f6yle bir olay\u0131n ya\u015fanmas\u0131na tepki g\u00f6sterdi.<\/p>\n<p style=\"text-align: justify;\">S\u00f6nmez Atasoy&#8217;un &#8221;Halo Day\u0131&#8221; karakterini canland\u0131rd\u0131\u011f\u0131 &#8221;Kurtlar Vadisi&#8221; ve son olarak rol ald\u0131\u011f\u0131 &#8221;Sakarya F\u0131rat&#8221; dizisinin oyuncular\u0131 cenazede yer al\u0131rken, oyuncular vatanda\u015flardan b\u00fcy\u00fck ilgi g\u00f6rd\u00fc. S\u00f6nmez Atasoy&#8217;un cenazesi daha sonra Kar\u015f\u0131yaka Mezarl\u0131\u011f\u0131nda topra\u011fa verildi.<\/p>\n<p style=\"text-align: justify;\"><a href=\"http:\/\/www.gazeteport.com.tr\/haber\/68677\/atasoya_huzunlu_veda\" target=\"_blank\">Kaynak : GAZETEPORT<\/a><\/p>\n","protected":false},"excerpt":{"rendered":"<p style=\"text-align: center;\">\n<p style=\"text-align: justify;\">Kalp krizi sonucu ya\u015fam\u0131n\u0131 yitiren usta oyuncu S\u00f6nmez Atasoy, y\u0131llarca sahne ald\u0131\u011f\u0131 salondan son yolculu\u011funa u\u011furland\u0131. Cenaze t\u00f6reninde, Kurtlar Vadisi dizisinde Polat Alemdar\u2019\u0131 canland\u0131ran Necati \u015ea\u015fmaz izdiham\u0131 ya\u015fand\u0131.<\/p>\n<p style=\"text-align: justify;\">ANKARA -Ge\u00e7irdi\u011fi kalp krizi nedeniyle hayata g\u00f6zlerini yuman usta oyuncu S\u00f6nmez Atasoy i\u00e7in B\u00fcy\u00fck Tiyatro&#8217;da t\u00f6ren d\u00fczenlendi. &#8221;Kurtlar Vadisi&#8221; adl\u0131 <\/p>\n","protected":false},"author":1,"featured_media":0,"comment_status":"open","ping_status":"open","sticky":false,"template":"","format":"standard","meta":{"footnotes":""},"categories":[105],"tags":[],"class_list":["post-44305","post","type-post","status-publish","format-standard","hentry","category-gundem","odd"],"_links":{"self":[{"href":"http:\/\/www.korhanyilmaz.com\/index.php?rest_route=\/wp\/v2\/posts\/44305","targetHints":{"allow":["GET"]}}],"collection":[{"href":"http:\/\/www.korhanyilmaz.com\/index.php?rest_route=\/wp\/v2\/posts"}],"about":[{"href":"http:\/\/www.korhanyilmaz.com\/index.php?rest_route=\/wp\/v2\/types\/post"}],"author":[{"embeddable":true,"href":"http:\/\/www.korhanyilmaz.com\/index.php?rest_route=\/wp\/v2\/users\/1"}],"replies":[{"embeddable":true,"href":"http:\/\/www.korhanyilmaz.com\/index.php?rest_route=%2Fwp%2Fv2%2Fcomments&post=44305"}],"version-history":[{"count":0,"href":"http:\/\/www.korhanyilmaz.com\/index.php?rest_route=\/wp\/v2\/posts\/44305\/revisions"}],"wp:attachment":[{"href":"http:\/\/www.korhanyilmaz.com\/index.php?rest_route=%2Fwp%2Fv2%2Fmedia&parent=44305"}],"wp:term":[{"taxonomy":"category","embeddable":true,"href":"http:\/\/www.korhanyilmaz.com\/index.php?rest_route=%2Fwp%2Fv2%2Fcategories&post=44305"},{"taxonomy":"post_tag","embeddable":true,"href":"http:\/\/www.korhanyilmaz.com\/index.php?rest_route=%2Fwp%2Fv2%2Ftags&post=44305"}],"curies":[{"name":"wp","href":"https:\/\/api.w.org\/{rel}","templated":true}]}}