{"id":443,"date":"2008-08-14T09:02:44","date_gmt":"2008-08-14T06:02:44","guid":{"rendered":"http:\/\/www.korhanyilmaz.com\/?p=443"},"modified":"2008-08-14T09:02:44","modified_gmt":"2008-08-14T06:02:44","slug":"ates-cemberi","status":"publish","type":"post","link":"http:\/\/www.korhanyilmaz.com\/?p=443","title":{"rendered":"Ate\u015f \u00e7emberi"},"content":{"rendered":"<p style=\"text-align: center;\"><img loading=\"lazy\" decoding=\"async\" class=\"size-full wp-image-444 aligncenter\" title=\"fft17_mf86787\" src=\"http:\/\/www.korhanyilmaz.com\/wp-content\/uploads\/2008\/08\/fft17_mf86787.jpg\" alt=\"\" width=\"207\" height=\"235\" \/><\/p>\n<p style=\"text-align: justify;\">Galatasaray, Steaua B\u00fckre\u015f \u00f6n\u00fcnde beraberli\u011fi zor kurtard\u0131, \u015eampiyonlar Ligi biletini r\u00f6van\u015fa b\u0131rakt\u0131. Dayro ve Nicolita&#8217;n\u0131n \u015fok golleriyle trib\u00fcnler dondu kald\u0131. Nonda&#8217;n\u0131n golleri herkesi umutland\u0131rd\u0131, ancak e\u015fitlik bozulmad\u0131.<\/p>\n<p style=\"text-align: justify;\">Ma\u00e7a yenik ba\u015flad\u0131 Galatasaray. Aykut&#8217;un 5. dakikada belki de kariyerine tuz biber eken b\u00fcy\u00fck hatas\u0131ndan Moreno gol\u00fc at\u0131nca, sar\u0131-k\u0131rm\u0131z\u0131l\u0131lar b\u00fcy\u00fck \u015fok ya\u015fad\u0131lar. Son derece gereksiz, ilgisiz ve tipik bir kendine g\u00fcvenen kaleci hatas\u0131yd\u0131 Aykut&#8217;un yapt\u0131\u011f\u0131. Ama ayn\u0131 zamanda \u00e7ok \u015feye mal olabilecek bir hatayd\u0131.<br \/>\nTamam olur dedik, beklemeye ba\u015flad\u0131k. 13. dakikada Steaua bir ta\u00e7 at\u0131\u015f\u0131 kazand\u0131. At\u0131\u015f\u0131 4 numaralar\u0131 Pawel kulland\u0131. Servet&#8217;ten sekti, Nicolita geli\u015fine vurdu ve durumu 2-0 yapt\u0131. Nemli, s\u0131cak yani tam bir kah\u0131r gecesi. Rumenler pozisyona girmeden bu golleri att\u0131. Kendi hatalar\u0131m\u0131zla iki gol hediye ettik.<!--more--><br \/>\nBa\u015fa d\u00f6nersek tabii ki, bir kadro hatas\u0131 vard\u0131. \u0130yi oynad\u0131, ama Emre G\u00fcng\u00f6r&#8217;\u00fc daha iyile\u015fmeden oynatmak hatayd\u0131. Sabri ya da Bar\u0131\u015f&#8217;\u0131n ilk on birde oynamamas\u0131 da yanl\u0131\u015fd\u0131. Hatta \u015funu s\u00f6yleyebilirim; Lincoln&#8217;\u00fcn oynamas\u0131 bile do\u011fru de\u011fildi. Bir de \u015fans\u0131 k\u00f6t\u00fc, hatas\u0131 bol olunca, orta alanda hi\u00e7 oyun kuramay\u0131nca, bir anda 2-0 yenik duruma d\u00fc\u015ft\u00fc Galatasaray. D\u00fc\u015ft\u00fc, ama oynad\u0131\u011f\u0131 tak\u0131m bu skoru hak edecek bir tak\u0131m de\u011fil kesinlikle. Top yapam\u0131yorlar, \u015fut atam\u0131yorlar, teknik zaaflar\u0131 bol. Sadece iri ve iyi m\u00fccadele eden bir kadro. Hepsi bu. Yani iyi bir Galatasaray&#8217;\u0131n bu turu rahatl\u0131kla ge\u00e7mesi gerekir.<\/p>\n<p style=\"text-align: center;\"><span class=\"HaberBaslik2\"><a href=\"http:\/\/www.milliyet.com.tr\/content\/galeri\/yeni\/goster.asp?prm=0,2637929&amp;galeriid=4290&amp;ver=175000\" target=\"_blank\"><img decoding=\"async\" class=\"aligncenter\" src=\"http:\/\/i.milliyet.com.tr\/GazeteHaberIciResim\/2008\/08\/14\/fft16_mf86873.Jpeg\" alt=\"\" \/><\/a><br \/>\n<\/span><\/p>\n<p style=\"text-align: justify;\">Rakibi zorlayamad\u0131<br \/>\nMa\u00e7a d\u00f6nersek. Arda teslim olmad\u0131. M\u00fcthi\u015f yetene\u011fi ile ma\u00e7a hep as\u0131ld\u0131. Zorlad\u0131. Sol kanad\u0131 peri\u015fan etti. Ama ilk golde rol\u00fc yoktu. 20. dakikada Hakan Balta ortalad\u0131. Meira&#8217;n\u0131n aya\u011f\u0131na \u00e7arpan top Nonda&#8217;n\u0131n \u00f6n\u00fcne d\u00fc\u015ft\u00fc. Nonda sert vurdu: 2-1.<br \/>\nGalatasaray hep b\u00f6l\u00fck p\u00f6r\u00e7\u00fck oynad\u0131. G\u00fcc\u00fcn\u00fc fazla idare edemedi. Enerjik de\u011fildi. \u0130stedi\u011fi bask\u0131y\u0131 hi\u00e7 kuramad\u0131. \u0130kinci yar\u0131da 47. dakikada Arda&#8217;n\u0131n soldan ortas\u0131na yine Nonda hareketlendi. Kafay\u0131 dokundu: 2-2. Ama ne gariptir ki bu dakikadan sonra Galatasaray sanki frene bast\u0131. Asl\u0131nda basmad\u0131. Gidemedi. Rakibi hi\u00e7 zorlayamad\u0131. Oysa Steaua her an pani\u011fe kap\u0131lmaya haz\u0131rd\u0131.<br \/>\nOrta saha \u00fcst\u00fcnl\u00fc\u011f\u00fcn\u00fc tamamen verdi. Meira ma\u00e7 boyunca ortada yoktu. \u00d6n liberoda bir garip oyun tutturdu, gitti. Lincoln ise bildi\u011finiz gibiydi.<br \/>\nGalatasaray turu ge\u00e7emez mi. Ge\u00e7er. Hem de bal gibi ge\u00e7er. Ama bu haliyle m\u00fcmk\u00fcn de\u011fil. \u015eu var; eksik gedik kadronun ard\u0131ndan B\u00fckre\u015f&#8217;te tam bir Galatasaray daha farkl\u0131 olabilir.<\/p>\n<p style=\"text-align: justify;\">MA\u00c7TAN NOTLAR<\/p>\n<p style=\"text-align: justify;\">Meira i\u011fneyle sahaya \u00e7\u0131kt\u0131<br \/>\nCim-Bom&#8217;da ma\u00e7tan bir g\u00fcn \u00f6nce yap\u0131lan taktik antrenman\u0131na sakatl\u0131\u011f\u0131 nedeniyle kat\u0131lamayan Fernando Meira, kendini iyi hissetti\u011fini s\u00f6yleyince sahaya \u00e7\u0131kt\u0131. Bile\u011findeki a\u011fr\u0131s\u0131na ra\u011fmen i\u011fne vurularak tak\u0131mdaki yerini alan Portekizli futbolcu, Servet &#8211; Emre A\u015f\u0131k ikilisinin \u00f6n\u00fcnde g\u00f6rev yapt\u0131. Teknik Direkt\u00f6r Skibbe, sa\u011f bekte ise Emre G\u00fcng\u00f6r&#8217;e \u015fans tan\u0131d\u0131.<\/p>\n<p style=\"text-align: justify;\">Sakat oyuncular trib\u00fcnde oturdu<br \/>\nSar\u0131-k\u0131rm\u0131z\u0131l\u0131 tak\u0131m\u0131n sakat oyuncular\u0131 \u00dcmit Karan, U\u011fur U\u00e7ar, Ayd\u0131n, Semih ve Mehmet G\u00fcven kar\u015f\u0131la\u015fmay\u0131 trib\u00fcnden izledi. Di\u011fer sakat oyuncular Kewell ve Linderoth da ma\u00e7ta forma giyemezken, golc\u00fc oyuncu Yaser de, teknik heyet taraf\u0131ndan kadroya al\u0131nmayan bir di\u011fer isim oldu.<\/p>\n<p style=\"text-align: justify;\">Ba\u015fesgio\u011flu ve Terim&#8217;den takip<br \/>\nKar\u015f\u0131la\u015fmay\u0131 izleyenler aras\u0131nda Spordan Sorumlu Devlet Bakan\u0131 Murat Ba\u015fesgio\u011flu ile Futbol Federasyonu Y\u00f6netim Kurulu \u00dcyesi ve yeni d\u00f6nem ba\u015fkan aday\u0131 Mahmut \u00d6zgener de vard\u0131. Milli Tak\u0131mlar Teknik Direkt\u00f6r\u00fc Fatih Terim de Ali Sami Yen Stad\u0131&#8217;na gelerek m\u00fccadeleyi takip etti.<\/p>\n<p style=\"text-align: justify;\">Rumenler&#8217;den \u2018\u00e7\u0131plak&#8217; \u015fov!<br \/>\nGalatasaray ile Steaua B\u00fckre\u015f aras\u0131nda oynanan ma\u00e7\u0131 bir grup Rumen taraftar da izledi. Kendilerine ayr\u0131lan kale arkas\u0131 trib\u00fcndeki b\u00f6l\u00fcmden tak\u0131mlar\u0131na destek veren Rumen seyirciler, Steaua&#8217;n\u0131n ilk dakikalarda \u00fcst \u00fcste buldu\u011fu gollerden sonra me\u015faleler yakt\u0131. \u00dcstlerini \u00e7\u0131kararak tezah\u00fcrat yapan Steaua B\u00fckre\u015f seyircisinin bu deste\u011fi ilgiyle izlendi.<\/p>\n<p style=\"text-align: justify;\">Polat: Her \u015fey bitmi\u015f de\u011fil<br \/>\nGalatasaray Ba\u015fkan\u0131 Adnan Polat, 2-2&#8217;lik skordan memnun olmad\u0131klar\u0131n\u0131, ancak \u015fanslar\u0131n\u0131n s\u00fcrd\u00fc\u011f\u00fcn\u00fc belirtti. Ma\u00e7ta beklenen futbolu ortaya koyamad\u0131klar\u0131n\u0131 vurgulayan Polat, &#8220;Galiba pe\u015f pe\u015fe gelen goller bizi biraz strese soktu, ama daha her \u015fey bitmi\u015f de\u011fil. Zor gibi g\u00f6r\u00fcn\u00fcyor. Biz deplasmanda galip gelip \u015eampiyonlar Ligi&#8217;ne kalmak istiyoruz&#8221; diye konu\u015ftu.<\/p>\n<p style=\"text-align: justify;\">E.G\u00fcng\u00f6r &#8216;\u00fcn sakatl\u0131\u011f\u0131 ciddi<br \/>\nCim-Bom&#8217;un sakatl\u0131ktan yeni \u00e7\u0131kan milli oyuncusu Emre G\u00fcng\u00f6r ma\u00e7\u0131 tamamlayamad\u0131. Teknik Direkt\u00f6r Skibbe&#8217;nin sa\u011f bekte \u015fans tan\u0131d\u0131\u011f\u0131 gen\u00e7 futbolcu, sa\u011f \u00fcst adalesinden sakatlan\u0131nca yerini Sabri&#8217;ye b\u0131rakmak zorunda kald\u0131. Durumu bug\u00fcn \u00e7ekilecek MR&#8217;dan sonra netlik kazanacak olan Emre G\u00fcng\u00f6r&#8217;\u00fcn 3-4 hafta sahalardan uzak kalabilece\u011fi bildirildi.<\/p>\n","protected":false},"excerpt":{"rendered":"<p style=\"text-align: center;\">\n<p style=\"text-align: justify;\">Galatasaray, Steaua B\u00fckre\u015f \u00f6n\u00fcnde beraberli\u011fi zor kurtard\u0131, \u015eampiyonlar Ligi biletini r\u00f6van\u015fa b\u0131rakt\u0131. Dayro ve Nicolita&#8217;n\u0131n \u015fok golleriyle trib\u00fcnler dondu kald\u0131. Nonda&#8217;n\u0131n golleri herkesi umutland\u0131rd\u0131, ancak e\u015fitlik bozulmad\u0131.<\/p>\n<p style=\"text-align: justify;\">Ma\u00e7a yenik ba\u015flad\u0131 Galatasaray. Aykut&#8217;un 5. dakikada belki de kariyerine tuz biber eken b\u00fcy\u00fck hatas\u0131ndan Moreno gol\u00fc at\u0131nca, sar\u0131-k\u0131rm\u0131z\u0131l\u0131lar b\u00fcy\u00fck \u015fok <\/p>\n","protected":false},"author":1,"featured_media":0,"comment_status":"open","ping_status":"open","sticky":false,"template":"","format":"standard","meta":{"footnotes":""},"categories":[42],"tags":[],"class_list":["post-443","post","type-post","status-publish","format-standard","hentry","category-spor","odd"],"_links":{"self":[{"href":"http:\/\/www.korhanyilmaz.com\/index.php?rest_route=\/wp\/v2\/posts\/443","targetHints":{"allow":["GET"]}}],"collection":[{"href":"http:\/\/www.korhanyilmaz.com\/index.php?rest_route=\/wp\/v2\/posts"}],"about":[{"href":"http:\/\/www.korhanyilmaz.com\/index.php?rest_route=\/wp\/v2\/types\/post"}],"author":[{"embeddable":true,"href":"http:\/\/www.korhanyilmaz.com\/index.php?rest_route=\/wp\/v2\/users\/1"}],"replies":[{"embeddable":true,"href":"http:\/\/www.korhanyilmaz.com\/index.php?rest_route=%2Fwp%2Fv2%2Fcomments&post=443"}],"version-history":[{"count":0,"href":"http:\/\/www.korhanyilmaz.com\/index.php?rest_route=\/wp\/v2\/posts\/443\/revisions"}],"wp:attachment":[{"href":"http:\/\/www.korhanyilmaz.com\/index.php?rest_route=%2Fwp%2Fv2%2Fmedia&parent=443"}],"wp:term":[{"taxonomy":"category","embeddable":true,"href":"http:\/\/www.korhanyilmaz.com\/index.php?rest_route=%2Fwp%2Fv2%2Fcategories&post=443"},{"taxonomy":"post_tag","embeddable":true,"href":"http:\/\/www.korhanyilmaz.com\/index.php?rest_route=%2Fwp%2Fv2%2Ftags&post=443"}],"curies":[{"name":"wp","href":"https:\/\/api.w.org\/{rel}","templated":true}]}}