{"id":44296,"date":"2009-11-04T00:19:52","date_gmt":"2009-11-03T22:19:52","guid":{"rendered":"http:\/\/www.korhanyilmaz.com\/?p=44296"},"modified":"2011-12-16T22:52:59","modified_gmt":"2011-12-16T20:52:59","slug":"ahmet-albayrakin-gozaltina-alindigi-iddiasi-yalanlandi","status":"publish","type":"post","link":"http:\/\/www.korhanyilmaz.com\/?p=44296","title":{"rendered":"Ahmet Albayrak&#8217;\u0131n g\u00f6zalt\u0131na al\u0131nd\u0131\u011f\u0131 iddias\u0131 yalanland\u0131.."},"content":{"rendered":"<p style=\"text-align: justify;\">\n<p style=\"text-align: justify;\"><a href=\"http:\/\/www.korhanyilmaz.com\/wp-content\/uploads\/2011\/12\/86231.jpg\"  class=\"lightview\"><img loading=\"lazy\" decoding=\"async\" class=\"aligncenter size-full wp-image-44298\" title=\"\" src=\"http:\/\/www.korhanyilmaz.com\/wp-content\/uploads\/2011\/12\/86231.jpg\" alt=\"\" width=\"313\" height=\"165\" \/><\/a><\/p>\n<p style=\"text-align: justify;\">Albayrak Holding Y\u00f6netim Kurulu Ba\u015fkan\u0131 Ahmet Albayrak&#8217;\u0131n g\u00f6zalt\u0131na al\u0131nd\u0131\u011f\u0131 iddias\u0131, avukat\u0131 \u00d6mer Cerrah taraf\u0131ndan yalanland\u0131.<\/p>\n<p style=\"text-align: justify;\">\u0130STANBUL (\u0130HA) &#8211; Albayrak Holding Y\u00f6netim Kurulu Ba\u015fkan\u0131 Ahmet Albayrak&#8217;\u0131n g\u00f6zalt\u0131na al\u0131nd\u0131\u011f\u0131 iddias\u0131, avukat\u0131 \u00d6mer Cerrah taraf\u0131ndan yalanland\u0131.<!--more--><\/p>\n<p style=\"text-align: justify;\">\u0130ddiayla ilgili Avukat \u00d6mer Cerrah&#8217;\u0131n yapt\u0131\u011f\u0131 yaz\u0131l\u0131 a\u00e7\u0131klamada, &#8220;Bug\u00fcn baz\u0131 bas\u0131n-yay\u0131n organlar\u0131nda m\u00fcvekkilimiz, Albayrak Holding Y\u00f6netim Kurulu Ba\u015fkan\u0131 Say\u0131n Ahmet Albayrak&#8217;\u0131n g\u00f6zalt\u0131na al\u0131nd\u0131\u011f\u0131na dair haberler yay\u0131nlanm\u0131\u015ft\u0131r. Bu haberler ger\u00e7e\u011fi yans\u0131tmamaktad\u0131r. Kamuoyunun do\u011fru bilgilendirilmesi i\u00e7in a\u015fa\u011f\u0131daki a\u00e7\u0131klaman\u0131n yap\u0131lmas\u0131 uygun g\u00f6r\u00fclm\u00fc\u015ft\u00fcr:<\/p>\n<p style=\"text-align: justify;\">Bursa Cumhuriyet Savc\u0131l\u0131\u011f\u0131&#8217;n\u0131n y\u00fcr\u00fctt\u00fc\u011f\u00fc soru\u015fturma kapsam\u0131nda \u0130stanbul&#8217;da d\u00fczenlenen bir operasyonla baz\u0131 \u015fah\u0131slar, jandarma taraf\u0131ndan g\u00f6zalt\u0131na al\u0131nm\u0131\u015ft\u0131r. G\u00f6zalt\u0131na al\u0131nanlar aras\u0131nda Albayrak Holding \u00e7al\u0131\u015fanlar\u0131ndan sadece bir ki\u015fi bulunmaktad\u0131r. Grubumuz faaliyetleri ile ilgisi bulunmayan bu soru\u015fturma kapsam\u0131nda m\u00fcvekkilimiz Say\u0131n Ahmet Albayrak&#8217;\u0131n evine de gelinmi\u015f, ancak m\u00fcvekkilimiz evde olmad\u0131\u011f\u0131 i\u00e7in herhangi bir i\u015flem yap\u0131lmam\u0131\u015ft\u0131r. Say\u0131n Albayrak&#8217;\u0131n g\u00f6zalt\u0131na al\u0131nmas\u0131 s\u00f6z konusu de\u011fildir.<\/p>\n<p style=\"text-align: justify;\">Soru\u015fturman\u0131n m\u00fcvekkilimizle ili\u015fkilendirilmesinin maksatl\u0131 olmad\u0131\u011f\u0131n\u0131 umuyoruz. Gerekli oldu\u011fu hallerde kamuoyunu bilgilendirmeye devam edece\u011fiz&#8221; denildi.<\/p>\n<p style=\"text-align: justify;\"><a href=\"http:\/\/www.habervitrini.com\/ahmet_albayrakin_gozaltina_alindigi_iddiasi_yalanlandi-428896.html\" target=\"_blank\">Kaynak : Oktay Kurto\u011flu &#8211; \u0130nternethaber.com<\/a><\/p>\n","protected":false},"excerpt":{"rendered":"<p style=\"text-align: justify;\">\n<p style=\"text-align: justify;\">\n<p style=\"text-align: justify;\">Albayrak Holding Y\u00f6netim Kurulu Ba\u015fkan\u0131 Ahmet Albayrak&#8217;\u0131n g\u00f6zalt\u0131na al\u0131nd\u0131\u011f\u0131 iddias\u0131, avukat\u0131 \u00d6mer Cerrah taraf\u0131ndan yalanland\u0131.<\/p>\n<p style=\"text-align: justify;\">\u0130STANBUL (\u0130HA) &#8211; Albayrak Holding Y\u00f6netim Kurulu Ba\u015fkan\u0131 Ahmet Albayrak&#8217;\u0131n g\u00f6zalt\u0131na al\u0131nd\u0131\u011f\u0131 iddias\u0131, avukat\u0131 \u00d6mer Cerrah taraf\u0131ndan yalanland\u0131.<\/p>\n","protected":false},"author":1,"featured_media":0,"comment_status":"open","ping_status":"open","sticky":false,"template":"","format":"standard","meta":{"footnotes":""},"categories":[105],"tags":[552,555],"class_list":["post-44296","post","type-post","status-publish","format-standard","hentry","category-gundem","tag-ahmet-albayrak","tag-omer-cerrah","odd"],"_links":{"self":[{"href":"http:\/\/www.korhanyilmaz.com\/index.php?rest_route=\/wp\/v2\/posts\/44296","targetHints":{"allow":["GET"]}}],"collection":[{"href":"http:\/\/www.korhanyilmaz.com\/index.php?rest_route=\/wp\/v2\/posts"}],"about":[{"href":"http:\/\/www.korhanyilmaz.com\/index.php?rest_route=\/wp\/v2\/types\/post"}],"author":[{"embeddable":true,"href":"http:\/\/www.korhanyilmaz.com\/index.php?rest_route=\/wp\/v2\/users\/1"}],"replies":[{"embeddable":true,"href":"http:\/\/www.korhanyilmaz.com\/index.php?rest_route=%2Fwp%2Fv2%2Fcomments&post=44296"}],"version-history":[{"count":0,"href":"http:\/\/www.korhanyilmaz.com\/index.php?rest_route=\/wp\/v2\/posts\/44296\/revisions"}],"wp:attachment":[{"href":"http:\/\/www.korhanyilmaz.com\/index.php?rest_route=%2Fwp%2Fv2%2Fmedia&parent=44296"}],"wp:term":[{"taxonomy":"category","embeddable":true,"href":"http:\/\/www.korhanyilmaz.com\/index.php?rest_route=%2Fwp%2Fv2%2Fcategories&post=44296"},{"taxonomy":"post_tag","embeddable":true,"href":"http:\/\/www.korhanyilmaz.com\/index.php?rest_route=%2Fwp%2Fv2%2Ftags&post=44296"}],"curies":[{"name":"wp","href":"https:\/\/api.w.org\/{rel}","templated":true}]}}