{"id":44274,"date":"2011-12-16T14:30:30","date_gmt":"2011-12-16T12:30:30","guid":{"rendered":"http:\/\/www.korhanyilmaz.com\/?p=44274"},"modified":"2011-12-16T21:36:50","modified_gmt":"2011-12-16T19:36:50","slug":"bitlisten-yukselen-yardim-cigligi","status":"publish","type":"post","link":"http:\/\/www.korhanyilmaz.com\/?p=44274","title":{"rendered":"Bitlis&#8217;ten y\u00fckselen yard\u0131m \u00e7\u0131\u011fl\u0131\u011f\u0131"},"content":{"rendered":"<p style=\"text-align: center;\"><a href=\"http:\/\/www.korhanyilmaz.com\/wp-content\/uploads\/2011\/12\/8619.jpg\"  class=\"lightview\"><img loading=\"lazy\" decoding=\"async\" class=\"aligncenter  wp-image-44275\" src=\"http:\/\/www.korhanyilmaz.com\/wp-content\/uploads\/2011\/12\/8619.jpg\" alt=\"\" width=\"307\" height=\"236\" \/><\/a><\/p>\n<p>Deprem felaketini ya\u015fayan Van&#8217;\u0131n kom\u015fusu Bitlis de depremden ve sonras\u0131ndaki travmadan pay\u0131n\u0131 ald\u0131. Bitlis Cezaevi&#8217;nden bir h\u00fck\u00fcml\u00fc de, Ay\u015fenur Arslan&#8217;a mektup yazarak &#8220;\u0130nsan\u0131z, t\u0131bbi at\u0131k de\u011filiz&#8221; diyerek ailelerine yard\u0131m edebilmek i\u00e7in ceza ertelemesi ya da elektronik kelep\u00e7e \u00e7\u00f6z\u00fcm\u00fc istedi.<!--more--><\/p>\n<p>Bitlis E Tipi Kapal\u0131 Cezaevi&#8217;nden Hamit Turan, Medya Mahallesi program\u0131n\u0131 haz\u0131rlayan ve sunan Ay\u015fenur Arslan&#8217;a yazd\u0131\u011f\u0131 mektupta, deprem b\u00f6lgesinde cezaevinde olman\u0131n ya\u015fatt\u0131\u011f\u0131 endi\u015feyi ve yine deprem b\u00f6lgesindeki ailelerine kar\u015f\u0131 \u00e7aresizlik hissini anlatt\u0131.<\/p>\n<p>Turan, mektubunda &#8220;Biz af istemiyoruz. Lakin bize ihtiyac\u0131 olan ailelerimizin yan\u0131nda olmak, kendi yaralar\u0131m\u0131z\u0131 bir s\u00fcreli\u011fine ertelenmesini veya elektronik kelep\u00e7e uygulamas\u0131 yolu ile ilgili ivedi olarak yasal bir d\u00fczenleme yap\u0131lmas\u0131 gerekti\u011fini d\u00fc\u015f\u00fcn\u00fcyorum&#8221; dedi.<\/p>\n<p><strong>&#8220;Toplu k\u0131y\u0131m mekan\u0131 gibi&#8221;\u00a0<\/strong><\/p>\n<p>Mektupta \u00f6ne \u00e7\u0131kanlar \u015f\u00f6yle:<\/p>\n<p>&#8220;&#8230; 23.10.2011&#8217;den bu yana s\u00fcregelen adeta &#8216;Sizi \u00f6ld\u00fcrecem&#8217; dercesine durmadan devam eden bu tehditvari sallant\u0131 tekrar ya\u015fand\u0131. (Not: Tarih 14.11.2011 saat 19:02 \u015fu an \u00e7ok ciddi olarak tekrar salland\u0131k)<\/p>\n<p>Ne yemek yiyebiliyoruz, ne uyku uyuyabiliyoruz&#8230; En ufak bir seste kendimizi ranzalardan a\u015fa\u011f\u0131ya at\u0131yoruz!! Burada 800 mahkum var, toplu k\u0131y\u0131m mekan\u0131 gibi&#8230;<\/p>\n<p>&#8230; Bu cezaevindeki mahkumlar\u0131n \u00e7o\u011funun ailesi depremde zarar g\u00f6rd\u00fc (Benim de) Kiminin \u00e7ocu\u011fu \u00f6z\u00fcrl\u00fc, kiminin e\u015fi her ay kan de\u011fi\u015ftirmek zorunda, kiminin abisi diyaliz makinesine ba\u011fl\u0131, \u00e7o\u011funun bir s\u00fcr\u00fc k\u00fc\u00e7\u00fck ve \u00f6\u011frenci \u00e7ocuklar\u0131 var, ya\u015fl\u0131 hasta anne ve babalar\u0131 da cabas\u0131!<\/p>\n<p><strong>&#8220;Biz af istemiyoruz&#8221;\u00a0<\/strong><\/p>\n<p>&#8230; Do\u011frudur. Bizler su\u00e7 i\u015fledik (isteyerek veya istemeden. Sebep sonu\u00e7 konular\u0131na girmeyi uygun g\u00f6rm\u00fcyorum) BU su\u00e7umuzun cezas\u0131na katlanmak zorunda oldu\u011fumuzun da fark\u0131nday\u0131z. Sadece su\u00e7luyuz, ayn\u0131 zamanda insan\u0131z, t\u0131bbi at\u0131k de\u011filiz!<\/p>\n<p>&#8230; Biz af istemiyoruz. Lakin bize ihtiyac\u0131 olan ailelerimizin yan\u0131nda olmak, kendi yaralar\u0131m\u0131z\u0131 bir s\u00fcreli\u011fine ertelenmesini veya elektronik kelep\u00e7e uygulamas\u0131 yolu ile ilgili ivedi olarak yasal bir d\u00fczenleme yap\u0131lmas\u0131 gerekti\u011fini d\u00fc\u015f\u00fcn\u00fcyorum.&#8221;<\/p>\n<p><a href=\"http:\/\/www.korhanyilmaz.com\/wp-content\/uploads\/2011\/12\/8618.jpg\"  class=\"lightview\"><img loading=\"lazy\" decoding=\"async\" class=\"aligncenter size-full wp-image-44276\" title=\"\" src=\"http:\/\/www.korhanyilmaz.com\/wp-content\/uploads\/2011\/12\/8618.jpg\" alt=\"\" width=\"580\" height=\"360\" \/><\/a><\/p>\n<p><a href=\"http:\/\/www.cnnturk.com\/2011\/guncel\/12\/16\/bitlisten.yukselen.yardim.cigligi\/640778.0\/index.html\" target=\"_blank\">Kaynak : CNN T\u00dcRK\u00a0<\/a><\/p>\n","protected":false},"excerpt":{"rendered":"<p style=\"text-align: center;\">\n<p>Deprem felaketini ya\u015fayan Van&#8217;\u0131n kom\u015fusu Bitlis de depremden ve sonras\u0131ndaki travmadan pay\u0131n\u0131 ald\u0131. Bitlis Cezaevi&#8217;nden bir h\u00fck\u00fcml\u00fc de, Ay\u015fenur Arslan&#8217;a mektup yazarak &#8220;\u0130nsan\u0131z, t\u0131bbi at\u0131k de\u011filiz&#8221; diyerek ailelerine yard\u0131m edebilmek i\u00e7in ceza ertelemesi ya da elektronik kelep\u00e7e \u00e7\u00f6z\u00fcm\u00fc istedi.<\/p>\n","protected":false},"author":1,"featured_media":0,"comment_status":"open","ping_status":"open","sticky":false,"template":"","format":"standard","meta":{"footnotes":""},"categories":[105],"tags":[],"class_list":["post-44274","post","type-post","status-publish","format-standard","hentry","category-gundem","odd"],"_links":{"self":[{"href":"http:\/\/www.korhanyilmaz.com\/index.php?rest_route=\/wp\/v2\/posts\/44274","targetHints":{"allow":["GET"]}}],"collection":[{"href":"http:\/\/www.korhanyilmaz.com\/index.php?rest_route=\/wp\/v2\/posts"}],"about":[{"href":"http:\/\/www.korhanyilmaz.com\/index.php?rest_route=\/wp\/v2\/types\/post"}],"author":[{"embeddable":true,"href":"http:\/\/www.korhanyilmaz.com\/index.php?rest_route=\/wp\/v2\/users\/1"}],"replies":[{"embeddable":true,"href":"http:\/\/www.korhanyilmaz.com\/index.php?rest_route=%2Fwp%2Fv2%2Fcomments&post=44274"}],"version-history":[{"count":0,"href":"http:\/\/www.korhanyilmaz.com\/index.php?rest_route=\/wp\/v2\/posts\/44274\/revisions"}],"wp:attachment":[{"href":"http:\/\/www.korhanyilmaz.com\/index.php?rest_route=%2Fwp%2Fv2%2Fmedia&parent=44274"}],"wp:term":[{"taxonomy":"category","embeddable":true,"href":"http:\/\/www.korhanyilmaz.com\/index.php?rest_route=%2Fwp%2Fv2%2Fcategories&post=44274"},{"taxonomy":"post_tag","embeddable":true,"href":"http:\/\/www.korhanyilmaz.com\/index.php?rest_route=%2Fwp%2Fv2%2Ftags&post=44274"}],"curies":[{"name":"wp","href":"https:\/\/api.w.org\/{rel}","templated":true}]}}