{"id":44256,"date":"2011-12-15T19:50:12","date_gmt":"2011-12-15T17:50:12","guid":{"rendered":"http:\/\/www.korhanyilmaz.com\/?p=44256"},"modified":"2011-12-16T09:54:10","modified_gmt":"2011-12-16T07:54:10","slug":"milli-gazete-seriat-istedi","status":"publish","type":"post","link":"http:\/\/www.korhanyilmaz.com\/?p=44256","title":{"rendered":"Milli Gazete \u015feriat istedi!"},"content":{"rendered":"<p style=\"text-align: center;\"><a href=\"http:\/\/www.korhanyilmaz.com\/wp-content\/uploads\/2011\/12\/8617.jpg\"  class=\"lightview\"><img loading=\"lazy\" decoding=\"async\" class=\"aligncenter  wp-image-44257\" src=\"http:\/\/www.korhanyilmaz.com\/wp-content\/uploads\/2011\/12\/8617.jpg\" alt=\"\" width=\"360\" height=\"270\" \/><\/a><\/p>\n<p style=\"text-align: justify;\">Milli Gazete d\u00fcn \u015feriat talebiyle yay\u0131nland\u0131. 1000 kadar mollan\u0131n Diyanet&#8217;te istihdam edilece\u011fi haberlerinden heyecana kap\u0131ld\u0131\u011f\u0131 anla\u015f\u0131lan gazete, man\u015fetine &#8220;Tek Yol \u0130slam&#8221; slogan\u0131n\u0131 ta\u015f\u0131d\u0131.<\/p>\n<p style=\"text-align: justify;\"><strong>\u2018MEDRESELER A\u00c7ILSIN\u2019<\/strong><\/p>\n<p style=\"text-align: justify;\">Kapa\u011f\u0131nda, \u015euurlu \u00d6\u011fretmenler Derne\u011fi (\u00d6\u011eDER) ve Diyanet-Sen&#8217;in a\u00e7\u0131klamalar\u0131na da yer veren Milli G\u00f6r\u00fc\u015f \u00e7izgisindeki \u0130slamc\u0131 gazete, imam hatip liselerinin kapat\u0131lan orta k\u0131s\u0131mlar\u0131n\u0131n yeniden a\u00e7\u0131lmas\u0131n\u0131, cumhuriyetin ilan\u0131yla kapat\u0131lan medreselerin yeniden hayata ge\u00e7irilmesini ve okullara Kuran ve \u0130slam derslerinin konulmas\u0131n\u0131 talep etti.\u00a0<!--more--><\/p>\n<p style=\"text-align: justify;\"><strong>\u2018TER\u00d6R\u2019E KAR\u015eI \u015eER\u0130AT!<\/strong><\/p>\n<p style=\"text-align: justify;\">Ge\u00e7ti\u011fimiz g\u00fcnlerde Ba\u015fbakan Yard\u0131mc\u0131s\u0131 Bekir Bozda\u011f&#8217;\u0131n 1000 mollan\u0131n, s\u00f6zle\u015fmeli personel olarak Diyanet&#8217;e al\u0131naca\u011f\u0131n\u0131 a\u00e7\u0131klamas\u0131n\u0131n ard\u0131ndan, \u0130slamc\u0131 kesimlerin heyecana kap\u0131ld\u0131\u011f\u0131 anla\u015f\u0131l\u0131yor. Necmettin Erbakan&#8217;\u0131n Milli G\u00f6r\u00fc\u015f Hareketi&#8217;ne yak\u0131nl\u0131\u011f\u0131yla bilinen Milli Gazete de heyecana kap\u0131lan kesimler aras\u0131nda. Gazete bug\u00fcn, man\u015fetinden \u015feriat talep etti! &#8220;Tek yol \u0130slam&#8221; man\u015fetiyle yay\u0131nlanan gazeteye g\u00f6re &#8220;ter\u00f6r ve manevi y\u0131k\u0131m&#8221;la ba\u015f etmenin tek yolu \u015feriat!<\/p>\n<p style=\"text-align: justify;\"><strong>\u2018B\u00dcT\u00dcN OKULLARA \u0130SLAM DERS\u0130\u2019<\/strong><\/p>\n<p style=\"text-align: justify;\">Milli Gazete&#8217;de, \u015euurlu \u00d6\u011fretmenler Derne\u011fi Genel Ba\u015fkan\u0131 Hakk\u0131 Akkiraz&#8217;\u0131n da a\u00e7\u0131klamalar\u0131 var. Akkiraz&#8217;\u0131n gazetenin kapa\u011f\u0131nda yer alan a\u00e7\u0131klamalar\u0131 \u015fu \u015fekilde: &#8220;\u00dclkemizde bir ter\u00f6r belas\u0131 var. Bunun ana sebebi \u0130slam&#8217;dan uzakla\u015fmakt\u0131r. E\u011fer b\u00f6lgenin huzura kavu\u015fturulmas\u0131 isteniyorsa, imam hatip okullar\u0131n\u0131n orta k\u0131s\u0131mlar\u0131 tekrar a\u00e7\u0131lmal\u0131d\u0131r. B\u00fct\u00fcn okullara se\u00e7meli Kur&#8217;\u00e2n-\u0131 Kerim ve \u0130slam dersi konmal\u0131d\u0131r. Ayr\u0131ca kapat\u0131lm\u0131\u015f yerel medreselerin ihyas\u0131 bak\u0131m\u0131ndan, onlara bir stat\u00fc kazand\u0131r\u0131lmas\u0131, tekrar faaliyete ge\u00e7irilmesi y\u00f6n\u00fcndeki engellerin kald\u0131r\u0131lmas\u0131 gerekir, en k\u00f6kl\u00fc \u00e7\u00f6z\u00fcm bu olur.&#8221;<\/p>\n<p style=\"text-align: justify;\"><strong>BDP\u2019L\u0130LER NE YAPACAK?<\/strong><\/p>\n<p style=\"text-align: justify;\">Gazetede Diyanet-Sen Genel Ba\u015fkan\u0131 Bayraktutar&#8217;\u0131n da a\u00e7\u0131klamalar\u0131 bulunuyor. \u0130mam hatip liselerinin kapat\u0131lan orta k\u0131s\u0131mlar\u0131n\u0131n tekrar a\u00e7\u0131lmas\u0131n\u0131 savunan Bayraktutar&#8217;\u0131n a\u00e7\u0131klamalar\u0131ysa \u015f\u00f6yle: &#8220;Zorunlu e\u011fitim olsun, 11 y\u0131l olsun ama kesintili olsun. \u0130lkokuldan sonra herkes tercihte bulunabilsin. \u0130steyen \u0130mam Hatip\u2019e, isteyen meslek lisesine gidebilsin. Medreselerle ilgili kanuni yasaklar ve engellemeler s\u00f6z konusu. Yasal de\u011fi\u015fiklikler yap\u0131l\u0131rsa Devlet&#8217;in ve Diyanet&#8217;in kontrol\u00fcnde ba\u015fta dini ilimler olmak \u00fczere her sahada en \u00fcst seviyede neden e\u011fitim verilmesinin \u00f6n\u00fc a\u00e7\u0131lmas\u0131n? Bunda niye bir sak\u0131nca olsun&#8221; Milli Gazete&#8217;nin \u00f6n\u00fcm\u00fczdeki g\u00fcnlerde \u00fcniversitelerin kapat\u0131lmas\u0131n\u0131 ve karma e\u011fitime son verilmesini talep edip etmeyece\u011fi ise merak ediliyor. Di\u011fer bir merak konusu da, Mele\u2019lerin (K\u00fcrt\u00e7e \u2018molla\u2019) Diyanet b\u00fcnyesine al\u0131nmas\u0131na kar\u015f\u0131 hay\u0131rhah tutum alan BDP\u2019lilerin, Orta\u00e7a\u011f g\u00fc\u00e7lerini K\u00fcrt hareketine kar\u015f\u0131 yard\u0131ma \u00e7a\u011f\u0131ran \u015eeriat\u00e7\u0131 azg\u0131nl\u0131k kar\u015f\u0131s\u0131nda nas\u0131l tutum alacaklar\u0131\u2026<\/p>\n<p style=\"text-align: justify;\"><a href=\"http:\/\/www.birgun.net\/politics_index.php?news_code=1323952872&amp;day=15&amp;month=12&amp;year=2011\" target=\"_blank\">Kaynak : B\u0130RG\u00dcN<\/a><\/p>\n","protected":false},"excerpt":{"rendered":"<p style=\"text-align: center;\">\n<p style=\"text-align: justify;\">Milli Gazete d\u00fcn \u015feriat talebiyle yay\u0131nland\u0131. 1000 kadar mollan\u0131n Diyanet&#8217;te istihdam edilece\u011fi haberlerinden heyecana kap\u0131ld\u0131\u011f\u0131 anla\u015f\u0131lan gazete, man\u015fetine &#8220;Tek Yol \u0130slam&#8221; slogan\u0131n\u0131 ta\u015f\u0131d\u0131.<\/p>\n<p style=\"text-align: justify;\">\u2018MEDRESELER A\u00c7ILSIN\u2019<\/p>\n<p style=\"text-align: justify;\">Kapa\u011f\u0131nda, \u015euurlu \u00d6\u011fretmenler Derne\u011fi (\u00d6\u011eDER) ve Diyanet-Sen&#8217;in a\u00e7\u0131klamalar\u0131na da yer veren Milli G\u00f6r\u00fc\u015f \u00e7izgisindeki \u0130slamc\u0131 gazete, imam hatip liselerinin kapat\u0131lan orta <\/p>\n","protected":false},"author":1,"featured_media":0,"comment_status":"open","ping_status":"open","sticky":false,"template":"","format":"standard","meta":{"footnotes":""},"categories":[105],"tags":[],"class_list":["post-44256","post","type-post","status-publish","format-standard","hentry","category-gundem","odd"],"_links":{"self":[{"href":"http:\/\/www.korhanyilmaz.com\/index.php?rest_route=\/wp\/v2\/posts\/44256","targetHints":{"allow":["GET"]}}],"collection":[{"href":"http:\/\/www.korhanyilmaz.com\/index.php?rest_route=\/wp\/v2\/posts"}],"about":[{"href":"http:\/\/www.korhanyilmaz.com\/index.php?rest_route=\/wp\/v2\/types\/post"}],"author":[{"embeddable":true,"href":"http:\/\/www.korhanyilmaz.com\/index.php?rest_route=\/wp\/v2\/users\/1"}],"replies":[{"embeddable":true,"href":"http:\/\/www.korhanyilmaz.com\/index.php?rest_route=%2Fwp%2Fv2%2Fcomments&post=44256"}],"version-history":[{"count":0,"href":"http:\/\/www.korhanyilmaz.com\/index.php?rest_route=\/wp\/v2\/posts\/44256\/revisions"}],"wp:attachment":[{"href":"http:\/\/www.korhanyilmaz.com\/index.php?rest_route=%2Fwp%2Fv2%2Fmedia&parent=44256"}],"wp:term":[{"taxonomy":"category","embeddable":true,"href":"http:\/\/www.korhanyilmaz.com\/index.php?rest_route=%2Fwp%2Fv2%2Fcategories&post=44256"},{"taxonomy":"post_tag","embeddable":true,"href":"http:\/\/www.korhanyilmaz.com\/index.php?rest_route=%2Fwp%2Fv2%2Ftags&post=44256"}],"curies":[{"name":"wp","href":"https:\/\/api.w.org\/{rel}","templated":true}]}}