{"id":44248,"date":"2011-12-16T08:25:36","date_gmt":"2011-12-16T06:25:36","guid":{"rendered":"http:\/\/www.korhanyilmaz.com\/?p=44248"},"modified":"2011-12-16T09:37:52","modified_gmt":"2011-12-16T07:37:52","slug":"tane-ile-ilac-satisi-gundemde","status":"publish","type":"post","link":"http:\/\/www.korhanyilmaz.com\/?p=44248","title":{"rendered":"Tane ile ila\u00e7 sat\u0131\u015f\u0131 g\u00fcndemde"},"content":{"rendered":"<p style=\"text-align: center;\"><a href=\"http:\/\/www.korhanyilmaz.com\/wp-content\/uploads\/2011\/12\/8615.jpg\"  class=\"lightview\"><img loading=\"lazy\" decoding=\"async\" class=\"aligncenter  wp-image-44249\" src=\"http:\/\/www.korhanyilmaz.com\/wp-content\/uploads\/2011\/12\/8615.jpg\" alt=\"\" width=\"280\" height=\"187\" \/><\/a><\/p>\n<p style=\"text-align: justify;\">H\u00fck\u00fcmet ila\u00e7ta iskontodan vazge\u00e7ti, ancak b\u00fct\u00e7eyi a\u015fan harcamalar\u0131 azaltmak i\u00e7in ilac\u0131n taneyle sat\u0131\u015f\u0131na y\u00f6ntem ar\u0131yor.<\/p>\n<p style=\"text-align: justify;\">\u0130STANBUL &#8211; Bir s\u00fcre \u00f6nce y\u00fczde 7.5 iskonto nedeniyle ya\u015fanan ila\u00e7 s\u0131k\u0131nt\u0131s\u0131n\u0131n ard\u0131ndan geri ad\u0131m at\u0131l\u0131yor.<\/p>\n<p style=\"text-align: justify;\">\u0130la\u00e7ta b\u00fct\u00e7eyi a\u015fan h\u00fck\u00fcmet ne t\u00fcr tedbir alaca\u011f\u0131na y\u00f6nelik \u00e7al\u0131\u015fmaya devam ediyor. Bu \u00e7er\u00e7evede ila\u00e7ta taneyle sat\u0131\u015f planlan\u0131yor.\u00a0<!--more--><\/p>\n<p style=\"text-align: justify;\">Radikal&#8217;in haberine g\u00f6re, ila\u00e7lar\u0131n taneyle sat\u0131\u015f\u0131 uygulamas\u0131na gelecek y\u0131l ba\u015flanmas\u0131 d\u00fc\u015f\u00fcn\u00fcl\u00fcyor. Ayr\u0131ca re\u00e7eteye yaz\u0131lacak ila\u00e7lar\u0131n 4 ila\u00e7la s\u0131n\u0131rland\u0131r\u0131lmas\u0131 da g\u00fcndemde.<\/p>\n<p style=\"text-align: justify;\">\u0130la\u00e7ta b\u00fct\u00e7eyi a\u015fan h\u00fck\u00fcmet \u00f6nce eczac\u0131larla ilgili bir dizi \u00f6nlem ald\u0131. Bu nedenle iskonto oran\u0131n\u0131 artt\u0131rd\u0131. Y\u00fczde 7.5 artan iskonto oran\u0131ndan sonra hastalar kulland\u0131klar\u0131 ila\u00e7lara ula\u015famay\u0131nca iskonto tedbirinden geri ad\u0131m at\u0131ld\u0131. Ancak hem Sosyal G\u00fcvenlik Kurumu hem de Sa\u011fl\u0131k Bakanl\u0131\u011f\u0131 ila\u00e7la ilgili al\u0131nacak tedbirler \u00fczerinde \u00e7al\u0131\u015fma yap\u0131yor. Bunlardan bir tanesinin de \u00e7\u00f6pe giden ila\u00e7lar\u0131 \u00f6nlemek i\u00e7in taneyle ila\u00e7 sat\u0131\u015f\u0131 oldu\u011fu belirtildi.<\/p>\n<p style=\"text-align: justify;\">Yetkililer, bu konuda haz\u0131rl\u0131k yapt\u0131klar\u0131n\u0131 belirterek, ancak \u015fu anda sekt\u00f6r\u00fcn haz\u0131r olmad\u0131\u011f\u0131n\u0131 s\u00f6ylediler.<\/p>\n<p style=\"text-align: justify;\"><strong>3 \u0130LA\u00c7 \u0130\u00c7\u0130N 3 L\u0130RA<\/strong><\/p>\n<p style=\"text-align: justify;\">Emekli Sand\u0131\u011f\u0131 Kanunu\u2019nda de\u011fi\u015fiklik getiren yasa tasar\u0131s\u0131na ila\u00e7 kutusunda al\u0131nabilecek katk\u0131n\u0131n ayr\u0131nt\u0131lar\u0131 belli oldu. Buna g\u00f6re 3 ila\u00e7 i\u00e7in 3 lira form\u00fcl\u00fc uygulanacak. 3 kutuyu ge\u00e7en her ila\u00e7 i\u00e7in yine 1 lira katk\u0131 al\u0131nacak. Ayr\u0131ca Dan\u0131\u015ftay\u2019\u0131n iki kez iptal etti\u011fi re\u00e7eteye ila\u00e7 s\u0131n\u0131rlamas\u0131 gelecek.<\/p>\n<p style=\"text-align: justify;\">T\u00fcrkiye B\u00fcy\u00fck Millet Meclisi Sa\u011fl\u0131k ve Sosyal \u0130\u015fler Komisyonu d\u00fcn yap\u0131lan \u2018tali\u2019 komisyon toplant\u0131s\u0131nda ise 4 ilaca kadar 3 lira bundan sonra ki her bir ila\u00e7 i\u00e7in ise 1 lira al\u0131nmas\u0131 \u00f6nerisi ortaya \u00e7\u0131kt\u0131. Tali komisyonun \u00f6nerisi bug\u00fcn TBMM Plan ve B\u00fct\u00e7e Komisyonu\u2019nda g\u00f6r\u00fc\u015f\u00fclecek.<\/p>\n<p style=\"text-align: justify;\"><a href=\"http:\/\/www.ntvmsnbc.com\/id\/25306518\/\" target=\"_blank\">Kaynak : NTVMSNBC<\/a><\/p>\n","protected":false},"excerpt":{"rendered":"<p style=\"text-align: center;\">\n<p style=\"text-align: justify;\">H\u00fck\u00fcmet ila\u00e7ta iskontodan vazge\u00e7ti, ancak b\u00fct\u00e7eyi a\u015fan harcamalar\u0131 azaltmak i\u00e7in ilac\u0131n taneyle sat\u0131\u015f\u0131na y\u00f6ntem ar\u0131yor.<\/p>\n<p style=\"text-align: justify;\">\u0130STANBUL &#8211; Bir s\u00fcre \u00f6nce y\u00fczde 7.5 iskonto nedeniyle ya\u015fanan ila\u00e7 s\u0131k\u0131nt\u0131s\u0131n\u0131n ard\u0131ndan geri ad\u0131m at\u0131l\u0131yor.<\/p>\n<p style=\"text-align: justify;\">\u0130la\u00e7ta b\u00fct\u00e7eyi a\u015fan h\u00fck\u00fcmet ne t\u00fcr tedbir alaca\u011f\u0131na y\u00f6nelik \u00e7al\u0131\u015fmaya devam ediyor. Bu \u00e7er\u00e7evede ila\u00e7ta <\/p>\n","protected":false},"author":1,"featured_media":0,"comment_status":"open","ping_status":"open","sticky":false,"template":"","format":"standard","meta":{"footnotes":""},"categories":[7,5],"tags":[],"class_list":["post-44248","post","type-post","status-publish","format-standard","hentry","category-ekonomi","category-saglik","odd"],"_links":{"self":[{"href":"http:\/\/www.korhanyilmaz.com\/index.php?rest_route=\/wp\/v2\/posts\/44248","targetHints":{"allow":["GET"]}}],"collection":[{"href":"http:\/\/www.korhanyilmaz.com\/index.php?rest_route=\/wp\/v2\/posts"}],"about":[{"href":"http:\/\/www.korhanyilmaz.com\/index.php?rest_route=\/wp\/v2\/types\/post"}],"author":[{"embeddable":true,"href":"http:\/\/www.korhanyilmaz.com\/index.php?rest_route=\/wp\/v2\/users\/1"}],"replies":[{"embeddable":true,"href":"http:\/\/www.korhanyilmaz.com\/index.php?rest_route=%2Fwp%2Fv2%2Fcomments&post=44248"}],"version-history":[{"count":0,"href":"http:\/\/www.korhanyilmaz.com\/index.php?rest_route=\/wp\/v2\/posts\/44248\/revisions"}],"wp:attachment":[{"href":"http:\/\/www.korhanyilmaz.com\/index.php?rest_route=%2Fwp%2Fv2%2Fmedia&parent=44248"}],"wp:term":[{"taxonomy":"category","embeddable":true,"href":"http:\/\/www.korhanyilmaz.com\/index.php?rest_route=%2Fwp%2Fv2%2Fcategories&post=44248"},{"taxonomy":"post_tag","embeddable":true,"href":"http:\/\/www.korhanyilmaz.com\/index.php?rest_route=%2Fwp%2Fv2%2Ftags&post=44248"}],"curies":[{"name":"wp","href":"https:\/\/api.w.org\/{rel}","templated":true}]}}