{"id":44238,"date":"2011-12-15T21:07:05","date_gmt":"2011-12-15T19:07:05","guid":{"rendered":"http:\/\/www.korhanyilmaz.com\/?p=44238"},"modified":"2011-12-16T09:18:15","modified_gmt":"2011-12-16T07:18:15","slug":"dalani-tutuklanmaktan-muebbet-hapis-kurtardi","status":"publish","type":"post","link":"http:\/\/www.korhanyilmaz.com\/?p=44238","title":{"rendered":"Dalan\u2019\u0131 tutuklanmaktan m\u00fcebbet hapis kurtard\u0131"},"content":{"rendered":"<p style=\"text-align: center;\"><a href=\"http:\/\/www.korhanyilmaz.com\/wp-content\/uploads\/2011\/12\/8613.jpg\"  class=\"lightview\"><img loading=\"lazy\" decoding=\"async\" class=\"aligncenter  wp-image-44239\" src=\"http:\/\/www.korhanyilmaz.com\/wp-content\/uploads\/2011\/12\/8613.jpg\" alt=\"\" width=\"360\" height=\"180\" \/><\/a><\/p>\n<p style=\"text-align: justify;\">Adalet Bakanl\u0131\u011f\u0131, Almanya\u2019dan Bedrettin Dalan\u2019\u0131n iadesini istedi.<\/p>\n<p style=\"text-align: justify;\">Ancak Alman yasalar\u0131na g\u00f6re \u00f6m\u00fcr boyu hapis cezas\u0131 ile yarg\u0131lanan bir ki\u015fi iade edilmiyor.<\/p>\n<p style=\"text-align: justify;\">Ergenekon davas\u0131n\u0131n firari san\u0131\u011f\u0131 Bedrettin Dalan yakla\u015f\u0131k 3 y\u0131ld\u0131r yurtd\u0131\u015f\u0131nda ya\u015f\u0131yor. Dalan\u2019\u0131n yarg\u0131land\u0131\u011f\u0131 \u0130stanbul 13. A\u011f\u0131r Ceza Mahkemesi ise 25 Ocak 2011 tarihinde firari san\u0131klar Bedrettin Dalan ve Turan \u00c7\u00f6mez i\u00e7in k\u0131rm\u0131z\u0131 b\u00fclten \u00e7\u0131kart\u0131lmas\u0131n\u0131 talep etti.<!--more--><\/p>\n<p style=\"text-align: justify;\">VATAN Gazetesi aradan ge\u00e7en 11 ay i\u00e7inde k\u0131rm\u0131z\u0131 b\u00fclten talebinin Interpol\u2019\u00fcn Fransa\u2019daki merkezine ula\u015fmad\u011f\u0131n\u0131 yazd\u0131. Bunun \u00fczerine Adalet Bakanl\u0131\u011f\u0131 bir a\u00e7\u0131klama yaparak ya\u015fanan s\u00fcreci a\u00e7\u0131klad\u0131. Yap\u0131lan a\u00e7\u0131klamada sadece Bedrettin Dalan hakk\u0131nda bilgi verilirken \u2018k\u0131rm\u0131z\u0131 b\u00fclten\u2019 \u00e7\u0131kart\u0131lmad\u0131 belirtilerken arama i\u015fleminin \u2018dif\u00fczyon mesaj\u0131\u2019 ile yap\u0131ld\u0131\u011f\u0131 belirtildi.<\/p>\n<p style=\"text-align: justify;\">Adalet Bakanl\u0131\u011f\u0131\u2019n\u0131n a\u00e7\u0131klamas\u0131nda Dalan\u2019la ilgili s\u00fcre\u00e7 \u015f\u00f6yle anlat\u0131ld\u0131:<\/p>\n<p style=\"text-align: justify;\">1) \u0130stanbul 13. A\u011f\u0131r Ceza Mahkemesi, 25 Ocak 2011\u2019de Dalan hakk\u0131nda tutuklama m\u00fczekkeresi \u00e7\u0131kart\u0131lmas\u0131na karar verdi.<\/p>\n<p style=\"text-align: justify;\">2) 9 \u015eubat 2011\u2019de m\u00fczekkere \u00e7\u0131kart\u0131ld\u0131.<\/p>\n<p style=\"text-align: justify;\">3) 18 \u015eubat 2011\u2019de k\u0131rm\u0131z\u0131 b\u00fclten talebi Adalet Bakanl\u0131\u011f\u0131\u2019na ula\u015ft\u0131.<\/p>\n<p style=\"text-align: justify;\">4) 23 \u015eubat 2011\u2019de talep \u0130\u00e7i\u015fleri Bakanl\u0131\u011f\u0131\u2019na bildirildi.<\/p>\n<p style=\"text-align: justify;\">5) 1 Haziran 2011\u2019de san\u0131\u011f\u0131n yakalanmas\u0131 i\u00e7in dif\u00fczyon mesaj\u0131 \u00e7\u0131kart\u0131ld\u0131.<\/p>\n<p style=\"text-align: justify;\">6) San\u0131\u011f\u0131n Almanya\u2019da oldu\u011fu ihbar\u0131 gelince 15 Haziran 2011\u2019de Almanya\u2019dan san\u011f\u0131n iadesi istendi.<\/p>\n<p style=\"text-align: justify;\">7) 21 Temmuz 2011\u2019de Almanya bu talebi red ediyor.<\/p>\n<p style=\"text-align: justify;\">Adalet Bakanl\u0131\u011f\u0131 taraf\u0131ndan yap\u0131lan a\u00e7\u0131klamada \u201cFederal Adli Ofis\u201d taraf\u0131ndan cevap verildi\u011fi belirtilirken iade talebinin reddinin sebebi ise \u015f\u00f6yle a\u00e7\u0131kland\u0131: \u201cAlman interpol\u00fcnden al\u0131nan yaz\u0131ya at\u0131fla \u2019Dalan\u2019\u0131n su\u00e7una \u00f6ng\u00f6r\u00fclen cezan\u0131n a\u011f\u0131rla\u015ft\u0131r\u0131lm\u0131\u015f m\u00fcebbet hapis olmas\u0131 nedeniyle Federal adli Ofis taraf\u0131ndan iade talebinin reddedildi\u011fi\u2019 bildirilmi\u015ftir. S\u00fcre\u00e7 titizlikle takip edilmektedir.\u201d<\/p>\n<p style=\"text-align: justify;\"><strong>Ceza \u00f6m\u00fcr boyu hapis\u00a0<\/strong><\/p>\n<p style=\"text-align: justify;\">\u0130stanbul K\u00fclt\u00fcr \u00dcniversitesi \u00d6\u011fretim \u00dcyesi Prof. Dr. Durmu\u015f Tezcan ise s\u00fcreci \u015f\u00f6yle de\u011ferlendirdi: \u201cTCK\u2019ya g\u00f6re A\u011f\u0131rla\u015ft\u0131r\u0131lm\u0131\u015f M\u00fcbbet Hapis Cezas\u0131 41. madde ile d\u00fczenleniyor. Buna g\u00f6re san\u0131k su\u00e7lu bulunursa \u00f6m\u00fcr boyu hapis cezas\u0131 al\u0131yor. \u0130nfaz kanununa g\u00f6re de 30 y\u0131ll\u0131k cezas\u0131n\u0131 doldurdu\u011funda \u015fartl\u0131 sal\u0131 verme hakk\u0131 kazan\u0131yor. Ancak bu karar mahkemenin elinde. \u0130sterse mahkeme serbest b\u0131rakmaz. \u0130\u015fte bu noktada Alman Ceza Kanunu, su\u00e7lular\u0131n iadesinde \u00f6m\u00fcr boyu hapis cezas\u0131 ile yarg\u0131lanan ki\u015fileri iade etmeyece\u011fini a\u00e7\u0131kl\u0131yor. Bu y\u00fczden \u00f6m\u00fcr boyu hapis cezas\u0131 alan ya da bununla yarg\u0131lanan ki\u015filer iade edilmiyor.\u201d<\/p>\n<p style=\"text-align: justify;\">Alman Federal Ceza Yasas\u0131\u2019n\u0131n 32. B\u00f6l\u00fcm\u00fc hangi yarg\u0131lamalar\u0131n uluslararas\u0131 anlamda su\u00e7lular\u0131n geri iadesine ayk\u0131r\u0131 olaca\u011f\u0131 a\u00e7\u0131klan\u0131yor. Ayn\u0131 yasan\u0131n 33. B\u00f6l\u00fcm\u00fc\u2019nde yer alan maddeler \u015f\u00f6yle:<\/p>\n<p style=\"text-align: justify;\">1- Belirlenmi\u015f olan zaman dilimi d\u0131\u015f\u0131na \u00e7\u0131kan ba\u015fvurularda ifade edilen yarg\u0131lamalara ili\u015fkin geri iade uygulanmaz.<\/p>\n<p style=\"text-align: justify;\">2- \u00d6m\u00fcr boyu ceza alan ki\u015filerin ald\u0131klar\u0131 cezalar Alman Federal Ceza Yasas\u0131\u2019n\u0131n 57. maddesi ve su\u00e7 yasas\u0131n\u0131n 56. maddesine ayk\u0131r\u0131ysa geri iade \u015fart\u0131 olu\u015fmaz.<\/p>\n<p style=\"text-align: justify;\">3- G\u00f6zalt\u0131na al\u0131nma karar\u0131 \u00e7\u0131kart\u0131ld\u0131ysa geri iade \u015fart\u0131 olu\u015fmaz.<\/p>\n<p style=\"text-align: justify;\">4- \u0130adesi istenen ki\u015finin bir psikiyatri klini\u011finde konaklamas\u0131 y\u00f6n\u00fcnde bir karar al\u0131nd\u0131ysa geri iade \u015fart\u0131 olu\u015fmaz.<\/p>\n<p style=\"text-align: justify;\"><strong>Almanya teminat istiyor\u00a0<\/strong><\/p>\n<p style=\"text-align: justify;\">Ayn\u0131 konuda 2003 y\u0131l\u0131nda \u2018Alman Su\u00e7lular\u0131n\u0131n \u0130adesi Hukukunun Esaslar\u0131\u2019 konulu bir \u00e7al\u0131\u015fma yapan S\u00fcleyman Demirel \u00dcniversitesi Hukuk Fak\u00fcltesi Dekan\u0131 Prof. Dr. Faruk Turhan ise iadenin maddi \u015fartlar\u0131n\u0131 s\u0131ralarken yukar\u0131daki maddeye dikkat \u00e7ekerek \u00d6l\u00fcm cezas\u0131n\u0131 gerektiren su\u00e7larda iade yasa\u011f\u0131n\u0131n oldu\u011funu ifade ediyor. \u015eartlar i\u00e7erisinde siyasi nedenlerle kovu\u015fturma tehlikesinin de oldu\u011funu \u00e7al\u0131\u015fmas\u0131nda ifade eden Prof. Dr. Turhan Alman yasalar\u0131na g\u00f6re \u00f6l\u00fcm cezas\u0131 halinde iadenin ancak, talep eden \u00fclkenin \u00f6l\u00fcm cezas\u0131na h\u00fckmedilmeyece\u011fine veya \u00f6l\u00fcm cezas\u0131n\u0131n infaz edilmeyece\u011fine ili\u015fkin yeterli teminat vermesine ba\u011fl\u0131 oldu\u011fu h\u00fckm\u00fcn\u00fcn getirildi\u011fini ifade ediyor.<\/p>\n<p style=\"text-align: justify;\"><a href=\"http:\/\/haber.gazetevatan.com\/dalani-tutuklanmaktan-muebbet-hapis-kurtardi\/417992\/1\/Gundem\" target=\"_blank\">Kaynak : VATAN Gazetesi<\/a><\/p>\n","protected":false},"excerpt":{"rendered":"<p style=\"text-align: center;\">\n<p style=\"text-align: justify;\">Adalet Bakanl\u0131\u011f\u0131, Almanya\u2019dan Bedrettin Dalan\u2019\u0131n iadesini istedi.<\/p>\n<p style=\"text-align: justify;\">Ancak Alman yasalar\u0131na g\u00f6re \u00f6m\u00fcr boyu hapis cezas\u0131 ile yarg\u0131lanan bir ki\u015fi iade edilmiyor.<\/p>\n<p style=\"text-align: justify;\">Ergenekon davas\u0131n\u0131n firari san\u0131\u011f\u0131 Bedrettin Dalan yakla\u015f\u0131k 3 y\u0131ld\u0131r yurtd\u0131\u015f\u0131nda ya\u015f\u0131yor. Dalan\u2019\u0131n yarg\u0131land\u0131\u011f\u0131 \u0130stanbul 13. A\u011f\u0131r Ceza Mahkemesi ise 25 Ocak 2011 tarihinde firari san\u0131klar <\/p>\n","protected":false},"author":1,"featured_media":0,"comment_status":"open","ping_status":"open","sticky":false,"template":"","format":"standard","meta":{"footnotes":""},"categories":[105],"tags":[],"class_list":["post-44238","post","type-post","status-publish","format-standard","hentry","category-gundem","odd"],"_links":{"self":[{"href":"http:\/\/www.korhanyilmaz.com\/index.php?rest_route=\/wp\/v2\/posts\/44238","targetHints":{"allow":["GET"]}}],"collection":[{"href":"http:\/\/www.korhanyilmaz.com\/index.php?rest_route=\/wp\/v2\/posts"}],"about":[{"href":"http:\/\/www.korhanyilmaz.com\/index.php?rest_route=\/wp\/v2\/types\/post"}],"author":[{"embeddable":true,"href":"http:\/\/www.korhanyilmaz.com\/index.php?rest_route=\/wp\/v2\/users\/1"}],"replies":[{"embeddable":true,"href":"http:\/\/www.korhanyilmaz.com\/index.php?rest_route=%2Fwp%2Fv2%2Fcomments&post=44238"}],"version-history":[{"count":0,"href":"http:\/\/www.korhanyilmaz.com\/index.php?rest_route=\/wp\/v2\/posts\/44238\/revisions"}],"wp:attachment":[{"href":"http:\/\/www.korhanyilmaz.com\/index.php?rest_route=%2Fwp%2Fv2%2Fmedia&parent=44238"}],"wp:term":[{"taxonomy":"category","embeddable":true,"href":"http:\/\/www.korhanyilmaz.com\/index.php?rest_route=%2Fwp%2Fv2%2Fcategories&post=44238"},{"taxonomy":"post_tag","embeddable":true,"href":"http:\/\/www.korhanyilmaz.com\/index.php?rest_route=%2Fwp%2Fv2%2Ftags&post=44238"}],"curies":[{"name":"wp","href":"https:\/\/api.w.org\/{rel}","templated":true}]}}