{"id":44233,"date":"2011-12-15T20:59:25","date_gmt":"2011-12-15T18:59:25","guid":{"rendered":"http:\/\/www.korhanyilmaz.com\/?p=44233"},"modified":"2011-12-16T09:02:23","modified_gmt":"2011-12-16T07:02:23","slug":"karari-meclis-baskani-vermez","status":"publish","type":"post","link":"http:\/\/www.korhanyilmaz.com\/?p=44233","title":{"rendered":"&#8220;Karar\u0131 Meclis Ba\u015fkan\u0131 vermez&#8221;"},"content":{"rendered":"<p style=\"text-align: center;\"><a href=\"http:\/\/www.korhanyilmaz.com\/wp-content\/uploads\/2011\/12\/8612.jpg\"  class=\"lightview\"><img loading=\"lazy\" decoding=\"async\" class=\"aligncenter  wp-image-44234\" src=\"http:\/\/www.korhanyilmaz.com\/wp-content\/uploads\/2011\/12\/8612.jpg\" alt=\"\" width=\"304\" height=\"228\" \/><\/a><\/p>\n<p style=\"text-align: justify;\">TBMM Ba\u015fkan\u0131 Cemil \u00c7i\u00e7ek, Cumhurba\u015fkan\u0131n\u0131n g\u00f6rev s\u00fcresine ili\u015fkin &#8220;5 y\u0131l diyen var, 7 y\u0131l diyen var. Bunun karar\u0131n\u0131 Meclis Ba\u015fkan\u0131 vermez&#8221; a\u00e7\u0131klamas\u0131nda bulundu. Se\u00e7imle ilgili kararlar\u0131 Meclis&#8217;in verdi\u011fini dile getiren \u00c7i\u00e7ek, karar\u0131n uygulamas\u0131n\u0131 Y\u00fcksek Se\u00e7im Kurulu&#8217;nun yapt\u0131\u011f\u0131n\u0131 ifade etti.<\/p>\n<p style=\"text-align: justify;\">Ankara- Uluslararas\u0131 Yat\u0131r\u0131mc\u0131lar Derne\u011fi&#8217;nin (YASED) Rixos Oteli&#8217;nde d\u00fczenlenen resepsiyonuna kat\u0131lan \u00c7i\u00e7ek, gazetecilerin g\u00fcndemdeki konulara ili\u015fkin sorular\u0131n\u0131 yan\u0131tlad\u0131.\u00a0<!--more--><\/p>\n<p style=\"text-align: justify;\">Cumhurba\u015fkan\u0131n\u0131n g\u00f6rev s\u00fcresine ili\u015fkin baz\u0131 bas\u0131n yay\u0131n organlar\u0131nda ifadelerinin yer ald\u0131\u011f\u0131 hat\u0131rlat\u0131lan \u00c7i\u00e7ek, bu konuda soru \u00fczerine a\u00e7\u0131klama yapt\u0131\u011f\u0131n\u0131 ifade etti. Cumhurba\u015fkan\u0131n\u0131n g\u00f6rev s\u00fcresi ile ilgili ya\u015fanan tart\u0131\u015fman\u0131n kendisinin d\u0131\u015f\u0131nda ba\u015flad\u0131\u011f\u0131n\u0131 s\u00f6yleyen \u00c7i\u00e7ek, &#8220;5 y\u0131l diyen var, 7 y\u0131l diyen var. Bunun karar\u0131n\u0131 Meclis Ba\u015fkan\u0131 vermez. Eksik, yanl\u0131\u015f ama bizim hukukumuzda hangi i\u015fin, hangi i\u015flerin, hangi makam taraf\u0131ndan karara ba\u011flanaca\u011f\u0131 Anayasada ve ona dayal\u0131 \u00e7\u0131kar\u0131lm\u0131\u015f yasalarda var. Dolay\u0131s\u0131yla se\u00e7imle ilgili bir \u015fey s\u00f6z konusu oldu\u011funda bunun karar\u0131n\u0131 kural koyan organ oldu\u011fu i\u00e7in, Meclis verir. Bunun uygulamas\u0131n\u0131 ve uygulamaya dayal\u0131 yorumlar\u0131 da Y\u00fcksek Se\u00e7im Kurulu yapar. Dolay\u0131s\u0131yla karar\u0131 verecek bu iki merciden birisi olabilecek. Ben ihtimali s\u00f6yl\u00fcyorum&#8221; dedi.<\/p>\n<p style=\"text-align: justify;\">\u0130ster 5 y\u0131l ister 7 y\u0131l olsun, Cumhurba\u015fkan\u0131 ilk kez halk taraf\u0131ndan se\u00e7ilece\u011fi i\u00e7in bir se\u00e7im usul\u00fc yasas\u0131na ihtiya\u00e7 duyuldu\u011funun alt\u0131n\u0131 \u00e7izen \u00c7i\u00e7ek, &#8220;Bunun \u00e7\u0131kmas\u0131 gerekiyor, ne zaman se\u00e7im yap\u0131lacaksa yap\u0131ls\u0131n buna kesinlikle ihtiya\u00e7 var&#8221; dedi. Ge\u00e7en d\u00f6nem Genel Kurula kadar gelmi\u015f bir yasa tasar\u0131s\u0131n\u0131n oldu\u011funu an\u0131msatan \u00c7i\u00e7ek, &#8220;H\u00fck\u00fcmet onu tekrar Meclis g\u00fcndemine getirdi&#8221; diye konu\u015ftu.<\/p>\n<p style=\"text-align: justify;\">Meclis Ba\u015fkan\u0131, Cumhurba\u015fkan\u0131n\u0131n g\u00f6rev s\u00fcresiyle ilgili tart\u0131\u015fmalar\u0131n T\u00fcrkiye&#8217;yi bir yere g\u00f6t\u00fcrmeyece\u011fini belirtirken, \u015f\u00f6yle devam etti:<\/p>\n<p style=\"text-align: justify;\">&#8220;Madem ki bu kanun tasar\u0131s\u0131 Meclis g\u00fcndeminde, kim ne diyecekse orada s\u00f6ylenir, Meclis bir karara var\u0131r, varmal\u0131d\u0131r. Peki Meclis karara varmazsa, Meclis burada bir karar vermezse o zaman da Y\u00fcksek Se\u00e7im Kurulu karar verecektir.&#8221;<\/p>\n<p style=\"text-align: justify;\">\u00c7i\u00e7ek, Ba\u015fbakan Recep Tayyip Erdo\u011fan&#8217;a yapt\u0131\u011f\u0131 &#8220;ge\u00e7mi\u015f olsun&#8221; ziyaretinde, Ba\u015fbakan\u0131n sa\u011fl\u0131\u011f\u0131n\u0131 bir \u00f6nceki ziyaretine g\u00f6re daha iyi g\u00f6rd\u00fc\u011f\u00fcn\u00fc de s\u00f6zlerine ekledi.<\/p>\n<p style=\"text-align: justify;\"><a href=\"http:\/\/www.cumhuriyet.com.tr\/?hn=300680&amp;kw=%22Karar%FD+Meclis+Ba%FEkan%FD+vermez%22\" target=\"_blank\">Kaynak : Cumhuriyet Haber Portal\u0131<\/a><\/p>\n","protected":false},"excerpt":{"rendered":"<p style=\"text-align: center;\">\n<p style=\"text-align: justify;\">TBMM Ba\u015fkan\u0131 Cemil \u00c7i\u00e7ek, Cumhurba\u015fkan\u0131n\u0131n g\u00f6rev s\u00fcresine ili\u015fkin &#8220;5 y\u0131l diyen var, 7 y\u0131l diyen var. Bunun karar\u0131n\u0131 Meclis Ba\u015fkan\u0131 vermez&#8221; a\u00e7\u0131klamas\u0131nda bulundu. Se\u00e7imle ilgili kararlar\u0131 Meclis&#8217;in verdi\u011fini dile getiren \u00c7i\u00e7ek, karar\u0131n uygulamas\u0131n\u0131 Y\u00fcksek Se\u00e7im Kurulu&#8217;nun yapt\u0131\u011f\u0131n\u0131 ifade etti.<\/p>\n<p style=\"text-align: justify;\">Ankara- Uluslararas\u0131 Yat\u0131r\u0131mc\u0131lar Derne\u011fi&#8217;nin (YASED) Rixos Oteli&#8217;nde d\u00fczenlenen resepsiyonuna <\/p>\n","protected":false},"author":1,"featured_media":0,"comment_status":"open","ping_status":"open","sticky":false,"template":"","format":"standard","meta":{"footnotes":""},"categories":[105],"tags":[],"class_list":["post-44233","post","type-post","status-publish","format-standard","hentry","category-gundem","odd"],"_links":{"self":[{"href":"http:\/\/www.korhanyilmaz.com\/index.php?rest_route=\/wp\/v2\/posts\/44233","targetHints":{"allow":["GET"]}}],"collection":[{"href":"http:\/\/www.korhanyilmaz.com\/index.php?rest_route=\/wp\/v2\/posts"}],"about":[{"href":"http:\/\/www.korhanyilmaz.com\/index.php?rest_route=\/wp\/v2\/types\/post"}],"author":[{"embeddable":true,"href":"http:\/\/www.korhanyilmaz.com\/index.php?rest_route=\/wp\/v2\/users\/1"}],"replies":[{"embeddable":true,"href":"http:\/\/www.korhanyilmaz.com\/index.php?rest_route=%2Fwp%2Fv2%2Fcomments&post=44233"}],"version-history":[{"count":0,"href":"http:\/\/www.korhanyilmaz.com\/index.php?rest_route=\/wp\/v2\/posts\/44233\/revisions"}],"wp:attachment":[{"href":"http:\/\/www.korhanyilmaz.com\/index.php?rest_route=%2Fwp%2Fv2%2Fmedia&parent=44233"}],"wp:term":[{"taxonomy":"category","embeddable":true,"href":"http:\/\/www.korhanyilmaz.com\/index.php?rest_route=%2Fwp%2Fv2%2Fcategories&post=44233"},{"taxonomy":"post_tag","embeddable":true,"href":"http:\/\/www.korhanyilmaz.com\/index.php?rest_route=%2Fwp%2Fv2%2Ftags&post=44233"}],"curies":[{"name":"wp","href":"https:\/\/api.w.org\/{rel}","templated":true}]}}