{"id":44220,"date":"2011-12-15T20:02:42","date_gmt":"2011-12-15T18:02:42","guid":{"rendered":"http:\/\/www.korhanyilmaz.com\/?p=44220"},"modified":"2011-12-16T02:06:29","modified_gmt":"2011-12-16T00:06:29","slug":"hani-milletin-egemenligi-vardi","status":"publish","type":"post","link":"http:\/\/www.korhanyilmaz.com\/?p=44220","title":{"rendered":"&#8220;Hani milletin egemenli\u011fi vard\u0131?&#8221;"},"content":{"rendered":"<p style=\"text-align: center;\"><a href=\"http:\/\/www.korhanyilmaz.com\/wp-content\/uploads\/2011\/12\/8611.jpg\"  class=\"lightview\"><img loading=\"lazy\" decoding=\"async\" class=\"aligncenter  wp-image-44221\" src=\"http:\/\/www.korhanyilmaz.com\/wp-content\/uploads\/2011\/12\/8611.jpg\" alt=\"\" width=\"322\" height=\"241\" \/><\/a><\/p>\n<p style=\"text-align: justify;\">CHP lideri Kemal K\u0131l\u0131\u00e7daro\u011flu kat\u0131ld\u0131\u011f\u0131 televizyon program\u0131nda tutuklu milletvekillerinin durumuna de\u011findi.<\/p>\n<p style=\"text-align: justify;\">Konya- KonTV&#8217;de yay\u0131nlanan &#8221;Ba\u015fkent G\u00fcndemi&#8221; program\u0131nda Ankara Temsilcisi Sinan Burhan&#8217;\u0131n konu\u011fu olan K\u0131l\u0131\u00e7daro\u011flu, g\u00fcndeme ili\u015fkin sorular\u0131 yan\u0131tlad\u0131.<\/p>\n<p style=\"text-align: justify;\">K\u0131l\u0131\u00e7daro\u011flu, bir soru \u00fczerine cumartesi g\u00fcn\u00fc Konya&#8217;da yap\u0131lacak \u015eebiarus t\u00f6renlerine kat\u0131laca\u011f\u0131n\u0131 s\u00f6yledi.\u00a0<!--more--><\/p>\n<p style=\"text-align: justify;\">K\u0131l\u0131\u00e7daro\u011flu, Hz. Mevlana&#8217;n\u0131n sadece T\u00fcrkiye&#8217;nin de\u011fil, d\u00fcnyan\u0131n yeti\u015ftirdi\u011fi en \u00f6nemli de\u011ferlerden biri oldu\u011funu, felsefesinin iyi anla\u015f\u0131lmas\u0131 gerekti\u011fini belirtti.<\/p>\n<p style=\"text-align: justify;\">&#8221;Kimlikler \u00fczerinden siyaset yap\u0131lmas\u0131n\u0131 nas\u0131l de\u011ferlendiriyorsunuz?&#8221; sorusu \u00fczerine K\u0131l\u0131\u00e7daro\u011flu, insan\u0131n Allah&#8217;\u0131n yaratt\u0131\u011f\u0131 en de\u011ferli varl\u0131k oldu\u011funu ve bu y\u00fczden insan\u0131n ba\u015f tac\u0131 edilmesi gerekti\u011fini, \u0131rk temelli bir ayr\u0131m\u0131n insanlar\u0131 b\u00f6lece\u011fini kaydetti.<\/p>\n<p style=\"text-align: justify;\">Hz. Mevlana&#8217;n\u0131n herkese kap\u0131s\u0131n\u0131 a\u00e7t\u0131\u011f\u0131n\u0131 an\u0131msatan K\u0131l\u0131\u00e7daro\u011flu, \u0131rk temelli siyasetlerin insanlar\u0131n a\u011f\u0131r bedeller \u00f6dedi\u011fi siyaset t\u00fcr\u00fc oldu\u011funu s\u00f6yledi.<\/p>\n<p style=\"text-align: justify;\">K\u0131l\u0131\u00e7daro\u011flu, birlik ve beraberli\u011fin \u00f6nemine de\u011finirken, Van ve Erci\u015f&#8217;te deprem sonras\u0131 ya\u015fanan toplum dayan\u0131\u015fmas\u0131n\u0131 hat\u0131rlatt\u0131.<\/p>\n<p style=\"text-align: justify;\">K\u0131l\u0131\u00e7daro\u011flu, bir soru \u00fczerine k\u00f6klerinin Konya&#8217;n\u0131n Ak\u015fehir il\u00e7esine dayand\u0131\u011f\u0131n\u0131 bildirdi.<\/p>\n<p style=\"text-align: justify;\">Ak\u015fehirli olmaktan gurur duydu\u011funu belirten K\u0131l\u0131\u00e7daro\u011flu, ancak bunlar\u0131n siyasetin konusu olmamas\u0131 gerekti\u011fini, siyasetin konusunun insanlar\u0131n sorunlar\u0131na \u00e7\u00f6z\u00fcm \u00fcretmek oldu\u011funu ifade etti.<\/p>\n<p style=\"text-align: justify;\">&#8216;<strong>&#8216;Bug\u00fcn geldi\u011fimiz noktada bizim baz\u0131 projelerimizi AKP uyguluyor&#8221;\u00a0<\/strong><\/p>\n<p style=\"text-align: justify;\">&#8221;Sizin d\u00f6neminizde partide hizmet siyaseti \u00f6n plana \u00e7\u0131kt\u0131. Partide hizmet siyasetinden ideolojik siyasete bir d\u00f6n\u00fc\u015f m\u00fc var?&#8221; sorusu \u00fczerine de K\u0131l\u0131\u00e7daro\u011flu, CHP&#8217;nin ge\u00e7mi\u015f d\u00f6nemlerde proje \u00fcretmemesiyle, s\u00fcrekli ele\u015ftiri yapmakla su\u00e7land\u0131\u011f\u0131n\u0131 an\u0131msatt\u0131.<\/p>\n<p style=\"text-align: justify;\">K\u0131l\u0131\u00e7daro\u011flu, son se\u00e7imlerde bu durumun tam tersini yapt\u0131klar\u0131n\u0131 ve her soruna \u00f6zg\u00fc projeleri halk\u0131n g\u00fcndemine getirdiklerini bildirdi.<\/p>\n<p style=\"text-align: justify;\">Halk\u0131n \u00f6n\u00fcne somut projelerle \u00e7\u0131kt\u0131klar\u0131n\u0131 anlatan, projelerinden \u00f6rnekler veren K\u0131l\u0131\u00e7daro\u011flu, &#8221;\u015e\u00f6yle bir eksi\u011fimiz oldu. A\u00e7\u0131k y\u00fcreklilikle s\u00f6yleyeyim. Eksi\u011fimiz \u015fu oldu: \u00dcretti\u011fimiz projeleri kendi taban\u0131m\u0131za \u00e7ok iyi anlatmam\u0131z gerekiyordu, ancak buna zaman\u0131m\u0131z olmad\u0131. Projelerin \u00fcretilmesi uzun zaman ald\u0131. Projelerimiz iktidar taraf\u0131ndan &#8216;afaki projelerdir&#8217; diye ele\u015ftirildi, ama \u00e7ok \u015f\u00fck\u00fcr bug\u00fcn geldi\u011fimiz noktada bizim baz\u0131 projelerimizi AKP uyguluyor. Biz de bundan memnunuz. Demek ki bizim projelerimiz afaki projeler de\u011fil, halk\u0131n g\u00fcnl\u00fck sorunlar\u0131na de\u011finen projeler \u00fcretmi\u015fiz&#8221; diye konu\u015ftu.<\/p>\n<p style=\"text-align: justify;\">K\u0131l\u0131\u00e7daro\u011flu, partideki kurultay aray\u0131\u015flar\u0131na y\u00f6nelik bir soru \u00fczerine de \u015funlar\u0131 s\u00f6yledi:<\/p>\n<p style=\"text-align: justify;\">&#8221;Kurultay yapaca\u011f\u0131z zaten. Mecburuz yapmaya. Kurultay yakla\u015f\u0131nca tabii ki illerde, il\u00e7elerde kongre olacak, yeni ba\u015fkanlar se\u00e7ilecek. Buradaki temel kural\u0131m \u015fu: B\u00fct\u00fcn \u00f6rg\u00fct \u00fcyelerine de s\u00f6yledim. Sand\u0131\u011f\u0131 kuraca\u011f\u0131z, \u00fcyelerimiz oylar\u0131n\u0131 kullanacaklar. Sand\u0131ktan kim \u00e7\u0131karsa, hi\u00e7bir sorunumuz olmayacak. Demokrasiyi parti i\u00e7erisinde tam getirece\u011fiz. Kongre yakla\u015ft\u0131\u011f\u0131 zaman genel ba\u015fkan adaylar\u0131 \u00e7\u0131kabilir. Onlar\u0131 &#8216;Neden aday oldun?&#8217; diye bir su\u00e7lama i\u00e7erisine girmeyece\u011fiz. E\u011fer buras\u0131 bir siyasal partiyse ve siyasal partide birden fazla genel ba\u015fkan aday\u0131 da \u00e7\u0131karsa bundan memnunluk duymam\u0131z laz\u0131m.<\/p>\n<p style=\"text-align: justify;\">Bize diyorlar ki, &#8216;Bak\u0131n AKP&#8217;de bir disiplin var, birisi ne derse herkes ona uyuyor&#8217; bu do\u011fru de\u011fil, demokrasi varsa, belli bir disiplin i\u00e7erisinde insanlar \u00f6zg\u00fcrce belli makamlara aday olabilmeli. Bizim de bunun \u00f6n\u00fcn\u00fc a\u00e7mam\u0131z gerek, bask\u0131c\u0131 bir y\u00f6netim, bir lider sultas\u0131 de\u011fil&#8230; Bundan kim memnun olabilir, vatanda\u015f\u0131n iradesine \u00f6nem veren bir siyasal anlay\u0131\u015f\u0131n egemen olmas\u0131 laz\u0131m.&#8221;<\/p>\n<p style=\"text-align: justify;\">Milletvekilleri se\u00e7imlerini de ele\u015ftiren K\u0131l\u0131\u00e7daro\u011flu, milletvekillerinin genel ba\u015fkanlar taraf\u0131ndan se\u00e7ildi\u011fini s\u00f6yledi.<\/p>\n<p style=\"text-align: justify;\">&#8221;Vatanda\u015f milletvekilini do\u011frudan kendisi se\u00e7mesi gerekir&#8221; diyen K\u0131l\u0131\u00e7daro\u011flu, bunun ger\u00e7ekle\u015fmesi durumunda ger\u00e7ek anlamda demokrasi olaca\u011f\u0131n\u0131, bunun i\u00e7in de siyasi partiler yasas\u0131n\u0131n bu \u015fekilde de\u011fi\u015fmesini istediklerini bildirdi.<\/p>\n<p style=\"text-align: justify;\">&#8221;HSYK&#8217;n\u0131n siyasalla\u015ft\u0131\u011f\u0131 y\u00f6n\u00fcnde a\u00e7\u0131klamalar\u0131n\u0131z oldu, buradaki endi\u015feleriniz nedir? Elinizde somut belgeleriniz var m\u0131?&#8221; sorusunu yan\u0131tlayan K\u0131l\u0131\u00e7daro\u011flu, hukuk devletine de\u011fil, hukukun \u00fcst\u00fcnl\u00fc\u011f\u00fcn\u00fc kabul etmi\u015f bir devlete ihtiya\u00e7 oldu\u011funu s\u00f6yledi.<\/p>\n<p style=\"text-align: justify;\">&#8221;Bizim \u00fclkemizde hukukun \u00fcst\u00fcnl\u00fc\u011f\u00fc kavram\u0131n\u0131 biz biraz \u00e7\u00f6pe att\u0131k&#8221; diyen K\u0131l\u0131\u00e7daro\u011flu, \u015f\u00f6yle devam etti:<\/p>\n<p style=\"text-align: justify;\">&#8221;HSYK&#8217;y\u0131 ele\u015ftirdim, do\u011frudur. Blok oy kulland\u0131klar\u0131 ve yapt\u0131klar\u0131 se\u00e7im nedeniyle. 160 Yarg\u0131tay \u00fcyesi blok oy kulland\u0131 bu do\u011fru de\u011fildir, bu yarg\u0131n\u0131n militanla\u015fmas\u0131 demektir. Bunun alt\u0131n\u0131 \u00e7izdim. Tipik \u00f6rnekleri yok mu? \u00c7ok var. \u015eimdi bak\u0131n iktidara yak\u0131nsan\u0131z sizinle ilgili davalarda savc\u0131lar farkl\u0131 bak\u0131yorlar, iktidara uzaksan\u0131z sizinle ilgili davalara farkl\u0131 bak\u0131yorlar. Bu do\u011fru de\u011fil, hukuk herkese e\u015fit yakla\u015fmak zorundad\u0131r. Unutmamam\u0131z gereken bir kural vard\u0131r, bu \u00fclkede herkesin hakk\u0131 vard\u0131r, herkesin hakk\u0131n\u0131n da hukukun \u00fcst\u00fcnl\u00fc\u011f\u00fc \u00f6l\u00e7\u00fcs\u00fcnde korunmas\u0131 laz\u0131m.&#8221;<\/p>\n<p style=\"text-align: justify;\">Bu konuda farkl\u0131 yorumlamalar yap\u0131labildi\u011finin an\u0131msat\u0131larak, &#8221;Objektif bir k\u0131stas bulunamaz m\u0131?&#8221; sorusuna da K\u0131l\u0131\u00e7daro\u011flu, ge\u00e7mi\u015ften bu yana s\u0131k\u0131y\u00f6netim, devlet g\u00fcvenlik ve \u00f6zel yetkili mahkemelere kar\u015f\u0131 oldu\u011funu s\u00f6yledi.<\/p>\n<p style=\"text-align: justify;\">\u00d6zel mahkemelerin olamayaca\u011f\u0131n\u0131 belirten K\u0131l\u0131\u00e7daro\u011flu, &#8221;Mendereslerin idam\u0131 da yanl\u0131\u015ft\u0131r, Deniz Gezmi\u015flerin idam\u0131 da yanl\u0131\u015ft\u0131r, Erdal Eren&#8217;inki de. Hepsi de siyasi mahkemelerde al\u0131nan kararlard\u0131r. O kararlara e\u011fer do\u011fru diyorsak, bunlara da do\u011fru diyece\u011fiz. Yanl\u0131\u015f diyorsak bunlara da yanl\u0131\u015f diyece\u011fiz. Ben yanl\u0131\u015f diyorum&#8221; dedi.<\/p>\n<p style=\"text-align: justify;\">Br\u00fcksel&#8217;de Sosyalist Enternasyonal Liderler Toplant\u0131s\u0131&#8217;na kat\u0131ld\u0131\u011f\u0131n\u0131 ve orada eski Libya lideri Muammer Kaddafi&#8217;nin lin\u00e7 edilerek \u00f6ld\u00fcr\u00fclmesini ele\u015ftirdi\u011fini an\u0131msatan K\u0131l\u0131\u00e7daro\u011flu, \u015funlar\u0131 kaydetti:<\/p>\n<p style=\"text-align: justify;\">&#8221;O bir liderdir, be\u011fenirsiniz, be\u011fenmezsiniz. Adaletin \u00f6n\u00fcne \u00e7\u0131kararak yarg\u0131lanmas\u0131n\u0131 sa\u011flayabilirsiniz. Ama bir grubun eline verip lin\u00e7 edilmesine yol a\u00e7amazs\u0131n\u0131z. Yaz\u0131kt\u0131r, g\u00fcnaht\u0131r b\u00f6yle bir \u015fey olamaz. Kald\u0131 ki Kaddafi, K\u0131br\u0131s \u00e7\u0131karmas\u0131 s\u0131ras\u0131nda bize u\u00e7ak, u\u00e7ak benzini, tekerle\u011fi veren bir liderdir, ahde vefa denen bir kural vard\u0131r. Nas\u0131l oldu da biz onun lin\u00e7 edilmesini alk\u0131\u015flad\u0131k. Samimi s\u00f6yl\u00fcyorum: \u0130\u00e7im yan\u0131yor, yaz\u0131k g\u00fcnaht\u0131r, T\u00fcrkiye bu konuma d\u00fc\u015fmemelidir. Biz hukukun \u00fcst\u00fcnl\u00fc\u011f\u00fcne inanmal\u0131y\u0131z&#8230;&#8221;<\/p>\n<p style=\"text-align: justify;\">Bu co\u011frafyan\u0131n Mevlanalar\u0131, Hac\u0131 Bekta\u015flar\u0131 yeti\u015ftirmi\u015f bir co\u011frafya oldu\u011funun alt\u0131n\u0131 \u00e7izen K\u0131l\u0131\u00e7daro\u011flu, bu co\u011frafyada kin ve nefret tohumlar\u0131n\u0131n olmamas\u0131 gerekti\u011fini vurgulad\u0131.<\/p>\n<p style=\"text-align: justify;\">Ayd\u0131n Menderes&#8217;i ziyaret etti\u011fini an\u0131msatan K\u0131l\u0131\u00e7daro\u011flu, siyasette \u00f6n yarg\u0131lar\u0131n k\u0131r\u0131lmas\u0131 gerekti\u011fini belirtti.<\/p>\n<p style=\"text-align: justify;\"><strong>Cumhurba\u015fkan\u0131n\u0131n g\u00f6rev s\u00fcresi\u00a0<\/strong><\/p>\n<p style=\"text-align: justify;\">K\u0131l\u0131\u00e7daro\u011flu, Meclis Ba\u015fkan\u0131n\u0131n, bug\u00fcn Cumhurba\u015fkan\u0131n\u0131n g\u00f6rev s\u00fcresi ile ilgili a\u00e7\u0131klamalar\u0131n\u0131n oldu\u011fu hat\u0131rlat\u0131larak, &#8221;Size g\u00f6re Cumhurba\u015fkan\u0131n\u0131n g\u00f6rev s\u00fcresi ne kadard\u0131r?&#8221; soru \u00fczerine de \u015funlar\u0131 s\u00f6yledi:<\/p>\n<p style=\"text-align: justify;\">&#8221;Bir anayasa de\u011fi\u015fikli\u011fi yap\u0131ld\u0131, milletvekillerinin g\u00f6rev s\u00fcresi 5 y\u0131ldan 4 y\u0131la indirildi. Say\u0131n Cumhurba\u015fkan\u0131n\u0131n g\u00f6rev s\u00fcresi de 7 y\u0131ldan 5 y\u0131la indirildi. Uygulamaya bakal\u0131m, milletvekillerinin g\u00f6rev s\u00fcresi 4 y\u0131l\u0131 doldu\u011fu zaman se\u00e7ime gidildi. Hi\u00e7 kimse &#8216;5 y\u0131ld\u0131r&#8217; demedi, oysa halk bizi 5 y\u0131l i\u00e7in se\u00e7mi\u015fti. Ama anayasa de\u011fi\u015fikli\u011fi ile ayn\u0131 halk dedi ki &#8216;hay\u0131r ben senin g\u00f6rev s\u00fcreni 4 y\u0131la indiriyorum&#8217;. Biz de se\u00e7ime gittik. Say\u0131n Cumhurba\u015fkan\u0131 i\u00e7in de halk referandumda &#8216;7 y\u0131l de\u011fil, 5 y\u0131l&#8217; dedi, mesele bitti. O d\u00f6nemin AKP s\u00f6zc\u00fclerine bak\u0131yoruz, \u00e7\u0131k\u0131yorlar konu\u015fma yap\u0131yorlar Mecliste &#8216;4 y\u0131la indi, dolay\u0131s\u0131yla biz de se\u00e7ime gidece\u011fiz&#8217; diyorlar.<\/p>\n<p style=\"text-align: justify;\">Ayn\u0131 kural buras\u0131 i\u00e7in de ge\u00e7erli, 5 y\u0131lsa halka gidece\u011fiz, halk\u0131n iradesi nas\u0131l tecelli ederse onun da ba\u015f\u0131m\u0131z\u0131n \u00fczerinde yeri vard\u0131r. Kimse halktan korkmamal\u0131, \u00e7\u00f6z\u00fcm i\u00e7in Say\u0131n Cumhurba\u015fkan\u0131n\u0131n \u015funu s\u00f6ylemesi laz\u0131m: Benim g\u00f6rev s\u00fcrem 5 y\u0131ld\u0131r, 5. y\u0131l\u0131n sonunda normal se\u00e7imlere gidilmesi laz\u0131m. Yeni Cumhurba\u015fkanlar\u0131 adaylar\u0131 \u00e7\u0131karlar, halk\u0131n \u00f6n\u00fcne giderler, halk birisini tercih eder, se\u00e7er, gelir Cumhurba\u015fkanl\u0131\u011f\u0131 koltu\u011funa oturur. \u015eu anda Meclisin devreye girecek bir durumu yok, bir sorun da yok asl\u0131nda. E\u011fer 5 y\u0131ll\u0131k bir s\u00fcre i\u00e7inde yeniden Cumhurba\u015fkanl\u0131\u011f\u0131 se\u00e7imini yapmazsak Cumhurba\u015fkanl\u0131\u011f\u0131 makam\u0131n\u0131 tart\u0131\u015fma konusu haline getiririz. Demokrasiden niye korkuyoruz? Korkmayal\u0131m se\u00e7ime gidelim, yeni bir Cumhurba\u015fkan\u0131 se\u00e7ilir, belki Say\u0131n Cumhurba\u015fkan\u0131 ikinci kez se\u00e7ilebilir veya ba\u015fka bir aday \u00e7\u0131kar.&#8221;<\/p>\n<p style=\"text-align: justify;\">K\u0131l\u0131\u00e7daro\u011flu, kamuoyunda &#8221;\u015fike yasas\u0131&#8221; olarak adland\u0131r\u0131lan Sporda \u015eiddet ve D\u00fczensizli\u011fin \u00d6nlenmesine Dair Kanunda De\u011fi\u015fiklik Yap\u0131lmas\u0131 Hakk\u0131nda Kanun&#8217;un hat\u0131rlat\u0131larak, &#8221;Kamuoyunda, iktidar muhalefet hi\u00e7bir kanunda biraraya gelemiyorlard\u0131, \u015fike yasas\u0131nda neden biraraya geldiler \u015feklinde bir alg\u0131 var, bunun asl\u0131 nedir?&#8221; soru \u00fczerine de su\u00e7la ceza aras\u0131nda bir orant\u0131 olmas\u0131 gerekti\u011fini, kendilerinin de eski yasaya bu nedenle kar\u015f\u0131 \u00e7\u0131kt\u0131\u011f\u0131n\u0131 s\u00f6yledi.<\/p>\n<p style=\"text-align: justify;\">Su\u00e7la ceza aras\u0131nda bir orant\u0131s\u0131zl\u0131k olmas\u0131 durumunda, kamu vicdan\u0131n\u0131n rahats\u0131z olaca\u011f\u0131na dikkati \u00e7eken K\u0131l\u0131\u00e7daro\u011flu, eylemle ceza aras\u0131nda bir orant\u0131n\u0131n uyumun olmas\u0131 gerekti\u011fini, yap\u0131lan de\u011fi\u015fiklikle bu orant\u0131n\u0131n sa\u011fland\u0131\u011f\u0131n\u0131 bildirdi.<\/p>\n<p style=\"text-align: justify;\">K\u0131l\u0131\u00e7daro\u011flu, \u015fike olay\u0131 olgusunun do\u011fru olmad\u0131\u011f\u0131n\u0131, buna herkesin kar\u015f\u0131 \u00e7\u0131kmas\u0131 gerekti\u011fini, futbolun bir centilmenlik oldu\u011funu vurgulad\u0131.<\/p>\n<p style=\"text-align: justify;\"><strong>Tutuklu milletvekillerinin durumu\u00a0<\/strong><\/p>\n<p style=\"text-align: justify;\">K\u0131l\u0131\u00e7daro\u011flu, tutuklu milletvekillerinin durumuna ili\u015fkin soruyu yan\u0131tlarken de bu ki\u015filerin milletvekilli aday\u0131 olmak i\u00e7in savc\u0131l\u0131ktan temiz ka\u011f\u0131d\u0131 ald\u0131klar\u0131n\u0131, bu ka\u011f\u0131d\u0131n olmadan ba\u015fvuruda bulunamayacaklar\u0131n\u0131 s\u00f6yledi.<\/p>\n<p style=\"text-align: justify;\">Adayl\u0131kla ilgili s\u00fcreci de aktaran K\u0131l\u0131\u00e7daro\u011flu, adayl\u0131klar\u0131n Resmi Gazete&#8217;de yay\u0131mlanmas\u0131n\u0131n ard\u0131ndan se\u00e7imlere gidildi\u011fini ve halk\u0131n milletvekillerini se\u00e7ti\u011fini s\u00f6yledi.<\/p>\n<p style=\"text-align: justify;\">K\u0131l\u0131\u00e7daro\u011flu, \u015f\u00f6yle dedi:<\/p>\n<p style=\"text-align: justify;\">&#8221;Se\u00e7ilirler, gelirler, bir hakim der ki, &#8216;Hay\u0131r kusura bakma, ben senin milletvekili olman\u0131 istemiyorum, sen yemin etmeyeceksin&#8217;. Bu parlamentonun iradesine m\u00fcdahaledir. Hani milletin egemenli\u011fi vard\u0131, bunlar milletin oyu ile se\u00e7ildi. Mahkum olsa dersin mahkum olmu\u015flar, zaten o zaman ba\u015ftan izin vermezler. Ortada bir mahkumiyet de yok, normalde bunun Meclise gelip yemin etmesi laz\u0131m. Yarg\u0131n\u0131n karar\u0131 hukuksuzdur. Neden hukuksuzdur, bizim anayasam\u0131z\u0131n 90. maddesi diyor ki, &#8216;\u0130\u00e7 hukukla, uluslararas\u0131 imzalar, T\u00fcrkiye Cumhuriyeti&#8217;nin imzalad\u0131\u011f\u0131 uluslararas\u0131 s\u00f6zle\u015fmeler aras\u0131nda bir \u00e7at\u0131\u015fma \u00e7\u0131karsa, uluslararas\u0131 s\u00f6zle\u015fmeler esas al\u0131n\u0131r&#8217;.<\/p>\n<p style=\"text-align: justify;\">Biz BM&#8217;ler medeni ve insan haklar\u0131 s\u00f6zle\u015fmesini imzalam\u0131\u015f\u0131z. Avrupa \u0130nsan Haklar\u0131 S\u00f6zle\u015fmesi&#8217;ni imzalam\u0131\u015f\u0131z, iki s\u00f6zle\u015fmeye g\u00f6re de tutuklu milletvekili olmaz, bunlar\u0131n gelip yemin etmesi laz\u0131m. \u015eimdi deniyor ki bir yarg\u0131\u00e7, &#8216;Efendim bunlar i\u00e7eride kalacaklar, uluslararas\u0131 s\u00f6zle\u015fmeler de beni ilgilendirmez&#8217;. Tutuklu milletvekilleriyle ilgili Say\u0131n Cumhurba\u015fkan\u0131 rahats\u0131z oldu\u011funu s\u00f6yl\u00fcyor, Say\u0131n Meclis Ba\u015fkan\u0131 rahats\u0131z oldu\u011funu s\u00f6yl\u00fcyor, Bakanlar, rahats\u0131z olduklar\u0131n\u0131 s\u00f6yl\u00fcyor, Say\u0131n Ar\u0131n\u00e7 ka\u00e7 kez s\u00f6yledi. HSYK 1. Daire Ba\u015fkan\u0131 &#8216;Ben olsayd\u0131m serbest b\u0131rak\u0131rd\u0131m&#8217; dedi. Peki herkesin rahats\u0131z oldu\u011fu bir ortamda, nas\u0131l oluyor da bunlar i\u00e7erideler? Bu i\u015fte bir terslik yok mu? Bu s\u00f6ylediklerimin hepsine inanarak s\u00f6yl\u00fcyorum. Bana bir tane demokraside b\u00f6yle bir \u00f6rnek g\u00f6stersinler.<\/p>\n<p style=\"text-align: justify;\">Yok b\u00f6yle bir \u015fey. Biz \u015funu demiyoruz: Bunlar yarg\u0131lanmas\u0131nlar. Bu ayr\u0131 bir \u015fey. Bunlar gelir, yemin ederler, g\u00f6revlerine ba\u015flarlar, yarg\u0131lanmalar\u0131na da devam ederler&#8230; Bunlar\u0131n uluslararas\u0131 hukuk kurallar\u0131na g\u00f6re tutuklanmalar\u0131 do\u011fru de\u011fil. Bunu b\u00fct\u00fcn Avrupa da kabul ediyor, AB ilerleme raporlar\u0131nda da var bu. Ama biz, &#8216;Siz i\u00e7eride kalacaks\u0131n\u0131z&#8217; diyoruz. Bu cezaland\u0131rmad\u0131r art\u0131k. Say\u0131n Cumhurba\u015fkan\u0131n\u0131n ifadesine g\u00f6re, uzun tutukluluk s\u00fcresi cezaland\u0131rmaya d\u00f6n\u00fc\u015fmemelidir.&#8221;<\/p>\n<p style=\"text-align: justify;\"><a href=\"http:\/\/www.cumhuriyet.com.tr\/?hn=300672&amp;kw=%22Hani+milletin+egemenli%F0i+vard%FD%3F%22\" target=\"_blank\">Kaynak : Cumhuriyet Haber Portal\u0131<\/a><\/p>\n","protected":false},"excerpt":{"rendered":"<p style=\"text-align: center;\">\n<p style=\"text-align: justify;\">CHP lideri Kemal K\u0131l\u0131\u00e7daro\u011flu kat\u0131ld\u0131\u011f\u0131 televizyon program\u0131nda tutuklu milletvekillerinin durumuna de\u011findi.<\/p>\n<p style=\"text-align: justify;\">Konya- KonTV&#8217;de yay\u0131nlanan &#8221;Ba\u015fkent G\u00fcndemi&#8221; program\u0131nda Ankara Temsilcisi Sinan Burhan&#8217;\u0131n konu\u011fu olan K\u0131l\u0131\u00e7daro\u011flu, g\u00fcndeme ili\u015fkin sorular\u0131 yan\u0131tlad\u0131.<\/p>\n<p style=\"text-align: justify;\">K\u0131l\u0131\u00e7daro\u011flu, bir soru \u00fczerine cumartesi g\u00fcn\u00fc Konya&#8217;da yap\u0131lacak \u015eebiarus t\u00f6renlerine kat\u0131laca\u011f\u0131n\u0131 s\u00f6yledi. <\/p>\n","protected":false},"author":1,"featured_media":0,"comment_status":"open","ping_status":"open","sticky":false,"template":"","format":"standard","meta":{"footnotes":""},"categories":[105],"tags":[],"class_list":["post-44220","post","type-post","status-publish","format-standard","hentry","category-gundem","odd"],"_links":{"self":[{"href":"http:\/\/www.korhanyilmaz.com\/index.php?rest_route=\/wp\/v2\/posts\/44220","targetHints":{"allow":["GET"]}}],"collection":[{"href":"http:\/\/www.korhanyilmaz.com\/index.php?rest_route=\/wp\/v2\/posts"}],"about":[{"href":"http:\/\/www.korhanyilmaz.com\/index.php?rest_route=\/wp\/v2\/types\/post"}],"author":[{"embeddable":true,"href":"http:\/\/www.korhanyilmaz.com\/index.php?rest_route=\/wp\/v2\/users\/1"}],"replies":[{"embeddable":true,"href":"http:\/\/www.korhanyilmaz.com\/index.php?rest_route=%2Fwp%2Fv2%2Fcomments&post=44220"}],"version-history":[{"count":0,"href":"http:\/\/www.korhanyilmaz.com\/index.php?rest_route=\/wp\/v2\/posts\/44220\/revisions"}],"wp:attachment":[{"href":"http:\/\/www.korhanyilmaz.com\/index.php?rest_route=%2Fwp%2Fv2%2Fmedia&parent=44220"}],"wp:term":[{"taxonomy":"category","embeddable":true,"href":"http:\/\/www.korhanyilmaz.com\/index.php?rest_route=%2Fwp%2Fv2%2Fcategories&post=44220"},{"taxonomy":"post_tag","embeddable":true,"href":"http:\/\/www.korhanyilmaz.com\/index.php?rest_route=%2Fwp%2Fv2%2Ftags&post=44220"}],"curies":[{"name":"wp","href":"https:\/\/api.w.org\/{rel}","templated":true}]}}