{"id":44215,"date":"2011-12-15T19:54:16","date_gmt":"2011-12-15T17:54:16","guid":{"rendered":"http:\/\/www.korhanyilmaz.com\/?p=44215"},"modified":"2011-12-16T01:58:06","modified_gmt":"2011-12-15T23:58:06","slug":"memura-erdogan-surgunu","status":"publish","type":"post","link":"http:\/\/www.korhanyilmaz.com\/?p=44215","title":{"rendered":"Memura Erdo\u011fan s\u00fcrg\u00fcn\u00fc!"},"content":{"rendered":"<p style=\"text-align: center;\"><a href=\"http:\/\/www.korhanyilmaz.com\/wp-content\/uploads\/2011\/12\/8610.jpg\"  class=\"lightview\"><img loading=\"lazy\" decoding=\"async\" class=\"aligncenter  wp-image-44216\" src=\"http:\/\/www.korhanyilmaz.com\/wp-content\/uploads\/2011\/12\/8610.jpg\" alt=\"\" width=\"276\" height=\"207\" \/><\/a><\/p>\n<p style=\"text-align: justify;\">Zonguldak PTT M\u00fcd\u00fcrl\u00fc\u011f\u00fc\u2019nde memur olarak \u00e7al\u0131\u015fan \u0130brahim Damato\u011flu, Ba\u015fbakan Recep Tayyip Erdo\u011fan ve h\u00fck\u00fcmet aleyhinde bas\u0131nda yer alan haber ve karikat\u00fcrleri Facebooktaki sayfas\u0131nda payla\u015ft\u0131\u011f\u0131 i\u00e7in Ordu\u2019ya tayin edildi maa\u015f kesme ve kademe ilerlememe cezas\u0131na \u00e7arpt\u0131r\u0131ld\u0131.<!--more--><\/p>\n<p style=\"text-align: justify;\">Zonguldak- Ankara PTT Ma\u015fm\u00fcd\u00fcrl\u00fc\u011f\u00fc Tefti\u015f Kurulu, ge\u00e7en Eyl\u00fcl ay\u0131nda, 20 y\u0131ll\u0131k PTT memuru, evli ve 1 \u00e7ocuk babas\u0131 \u0130brahim Damato\u011flu hakk\u0131nda Ba\u015fbakan Erdo\u011fan ve h\u00fck\u00fcmet aleyhinde bas\u0131nda yer alan haber ve karikat\u00fcrleri Facebooktaki sayfas\u0131nda payla\u015ft\u0131\u011f\u0131 i\u00e7in idari soru\u015fturma ba\u015flatt\u0131. Soru\u015fturma 2 Aral\u0131k\u2019ta tamamland\u0131. Tefti\u015f Kurulu Kontrol\u00f6r\u00fc Kadir \u00c7evik\u2019in y\u00fcr\u00fctt\u00fc\u011f\u00fc soru\u015fturma sonunda Damato\u011flu\u2019na, \u201csiyasi ve ideolojik i\u00e7erikli haber payla\u015fm\u0131nda bulunmak, yaz\u0131l\u0131 ve resimli payla\u015f\u0131mlarla devlete ait kurum ve kurulu\u015flar\u0131 a\u015fa\u011f\u0131lamak, devlet b\u00fcy\u00fcklerine kar\u015f\u0131 k\u00fc\u00e7\u00fck d\u00fc\u015f\u00fcr\u00fcc\u00fc payla\u015f\u0131mlarda bulunmak, Ba\u015fbakan\u2019\u0131 ve partisini hedef alan payla\u015f\u0131mlarda bulunmak, kamuoyunu h\u00fck\u00fcmet ve Ba\u015fbakan aleyhine olumsuz y\u00f6nlendirmeye d\u00f6n\u00fck onur k\u0131r\u0131c\u0131 ibarelerin kullan\u0131ld\u0131\u011f\u0131 ifade ve payla\u015f\u0131mlar\u0131 yaymak\u201d su\u00e7lar\u0131ndan maa\u015f kesintisi ve kademe ilerlememe cezas\u0131 verildi. Ayn\u0131 soru\u015fturma kapsam\u0131nda Ordu\u2019ya tayini edilen Damato\u011flu hakk\u0131nda, \u201cdevlet b\u00fcy\u00fcklerine hakaret\u201d su\u00e7lamas\u0131yla Cumhuriyet Savc\u0131l\u0131\u011f\u0131\u2019na da su\u00e7 duyurusunda bulunuldu.<\/p>\n<p style=\"text-align: justify;\"><strong>S\u00fcrg\u00fcn protestosu\u00a0<\/strong><\/p>\n<p style=\"text-align: justify;\">KESK\u2019e ba\u011fl\u0131 Haber- Sen 7 Nolu \u015eube \u00d6rg\u00fctlenme Sekteri olan Damato\u011flu\u2019na verilen ceza, KESK Zonguldak \u015eubeler Platformu \u00fcyelerince protesto edildi. PTT Zonguldak \u015eubesi \u00f6n\u00fcnde \u0130brahim Damato\u011flu ile birlikte yakla\u015f\u0131k 50 ki\u015finin kat\u0131ld\u0131\u011f\u0131 eyleme, CHP \u0130l Ba\u015fkan\u0131 T\u00fcmer Pebker ve CHP\u2019li Belediye Meclis \u00fcyeleri de destek verdi. KESK Zonguldak \u015eubeler Platformu D\u00f6nem S\u00f6zc\u00fcs\u00fc Mehmet Dalg\u0131\u00e7, \u201cHer Facebook kullan\u0131c\u0131s\u0131n\u0131n birbirleri ile payla\u015ft\u0131\u011f\u0131, haber, m\u00fczik, video, f\u0131kra, karikat\u00fcr gibi payla\u015f\u0131mlar\u0131 nedeniyle arkada\u015f\u0131m\u0131z hakk\u0131nda \u00e7al\u0131\u015ft\u0131\u011f\u0131 kurum taraf\u0131ndan m\u00fcfetti\u015f g\u00f6revlendirilmi\u015f ve soru\u015fturma ba\u015flat\u0131lm\u0131\u015ft\u0131r. \u0130brahim Damato\u011flu&#8217;na yap\u0131lan bu cezai i\u015flemlerin hi\u00e7bir hukuksal ve idari dayana\u011f\u0131 yoktur\u201d dedi.<\/p>\n<p style=\"text-align: justify;\"><strong>Can Y\u00fccel \u015fiiri bile su\u00e7\u00a0<\/strong><\/p>\n<p style=\"text-align: justify;\">\u0130brahim Damato\u011flu, eylemin ard\u0131ndan \u00f6\u011fretmen e\u015fi Didem Damato\u011flu ile birlikte Adliye\u2019ye giderek, kendisine verilen cezalar\u0131n iptali i\u00e7in Zonguldak \u0130dare Mahkemesi\u2019ne ba\u015fvurdu. Damato\u011flu, \u201cFacebook\u2019ta milyonlarca insanlar\u0131n payla\u015ft\u0131\u011f\u0131 haberleri, RT\u00dcK taraf\u0131ndan denetlenen sitelerde ve ulusal bas\u0131nda yer alan haberleri, Can Y\u00fccel\u2019in \u015fiirlerini payla\u015fmam su\u00e7 oldu. Ben bu payla\u015f\u0131mlar\u0131n hi\u00e7birinde yorum yapmad\u0131m. Baz\u0131lar\u0131n\u0131n ho\u015funa gitmeyen haberleri payla\u015fmam su\u00e7 oldu\u201d dedi.<\/p>\n<p style=\"text-align: justify;\"><a href=\"http:\/\/www.cumhuriyet.com.tr\/?hn=300684\" target=\"_blank\">Kaynak : Cumhuriyet Haber Portal\u0131<\/a><\/p>\n","protected":false},"excerpt":{"rendered":"<p style=\"text-align: center;\">\n<p style=\"text-align: justify;\">Zonguldak PTT M\u00fcd\u00fcrl\u00fc\u011f\u00fc\u2019nde memur olarak \u00e7al\u0131\u015fan \u0130brahim Damato\u011flu, Ba\u015fbakan Recep Tayyip Erdo\u011fan ve h\u00fck\u00fcmet aleyhinde bas\u0131nda yer alan haber ve karikat\u00fcrleri Facebooktaki sayfas\u0131nda payla\u015ft\u0131\u011f\u0131 i\u00e7in Ordu\u2019ya tayin edildi maa\u015f kesme ve kademe ilerlememe cezas\u0131na \u00e7arpt\u0131r\u0131ld\u0131.<\/p>\n","protected":false},"author":1,"featured_media":0,"comment_status":"open","ping_status":"open","sticky":false,"template":"","format":"standard","meta":{"footnotes":""},"categories":[105],"tags":[],"class_list":["post-44215","post","type-post","status-publish","format-standard","hentry","category-gundem","odd"],"_links":{"self":[{"href":"http:\/\/www.korhanyilmaz.com\/index.php?rest_route=\/wp\/v2\/posts\/44215","targetHints":{"allow":["GET"]}}],"collection":[{"href":"http:\/\/www.korhanyilmaz.com\/index.php?rest_route=\/wp\/v2\/posts"}],"about":[{"href":"http:\/\/www.korhanyilmaz.com\/index.php?rest_route=\/wp\/v2\/types\/post"}],"author":[{"embeddable":true,"href":"http:\/\/www.korhanyilmaz.com\/index.php?rest_route=\/wp\/v2\/users\/1"}],"replies":[{"embeddable":true,"href":"http:\/\/www.korhanyilmaz.com\/index.php?rest_route=%2Fwp%2Fv2%2Fcomments&post=44215"}],"version-history":[{"count":0,"href":"http:\/\/www.korhanyilmaz.com\/index.php?rest_route=\/wp\/v2\/posts\/44215\/revisions"}],"wp:attachment":[{"href":"http:\/\/www.korhanyilmaz.com\/index.php?rest_route=%2Fwp%2Fv2%2Fmedia&parent=44215"}],"wp:term":[{"taxonomy":"category","embeddable":true,"href":"http:\/\/www.korhanyilmaz.com\/index.php?rest_route=%2Fwp%2Fv2%2Fcategories&post=44215"},{"taxonomy":"post_tag","embeddable":true,"href":"http:\/\/www.korhanyilmaz.com\/index.php?rest_route=%2Fwp%2Fv2%2Ftags&post=44215"}],"curies":[{"name":"wp","href":"https:\/\/api.w.org\/{rel}","templated":true}]}}