{"id":44211,"date":"2011-12-15T14:36:03","date_gmt":"2011-12-15T12:36:03","guid":{"rendered":"http:\/\/www.korhanyilmaz.com\/?p=44211"},"modified":"2011-12-16T01:44:18","modified_gmt":"2011-12-15T23:44:18","slug":"seda-sayan-canli-yayinda-cildirdi","status":"publish","type":"post","link":"http:\/\/www.korhanyilmaz.com\/?p=44211","title":{"rendered":"Seda Sayan canl\u0131 yay\u0131nda \u00e7\u0131ld\u0131rd\u0131.."},"content":{"rendered":"<p style=\"text-align: center;\"><a href=\"http:\/\/www.korhanyilmaz.com\/wp-content\/uploads\/2011\/12\/8609.jpg\"  class=\"lightview\"><img loading=\"lazy\" decoding=\"async\" class=\"aligncenter  wp-image-44212\" src=\"http:\/\/www.korhanyilmaz.com\/wp-content\/uploads\/2011\/12\/8609.jpg\" alt=\"\" width=\"377\" height=\"168\" \/><\/a><\/p>\n<p>Erol K\u00f6se&#8217;nin Twitter sayfas\u0131nda Seda Sayan&#8217;\u0131n foto\u011fraflar\u0131n\u0131 payla\u015fmas\u0131 ikili aras\u0131nda polemi\u011fe neden olmu\u015ftu. olay\u0131n ard\u0131ndan ge\u00e7ti\u011fimiz ak\u015fam Cenk Koray Ekran \u00d6d\u00fclleri t\u00f6reninde kar\u015f\u0131la\u015fan Sayan ile K\u00f6se tart\u0131\u015fm\u0131\u015f, tart\u0131\u015fma \u00e7\u0131k\u0131\u015fta yumruklu sald\u0131r\u0131ya d\u00f6n\u00fc\u015fm\u00fc\u015ft\u00fc.<!--more--><\/p>\n<p>Ya\u015fanan olay\u0131n ard\u0131ndan Erol K\u00f6se Twitter sayfas\u0131ndan a\u00e7\u0131klamalar yaparken, Seda Sayan ise Beyaz Tv&#8217;deki program\u0131nda a\u00e7t\u0131 a\u011fz\u0131n\u0131 yumdu g\u00f6z\u00fcn\u00fc. \u0130\u015fte Sayan&#8217;\u0131n canl\u0131 yay\u0131nda s\u00f6yledi\u011fi o s\u00f6zler&#8230;<\/p>\n<p>[flv]http:\/\/hurriyet.cubecdn.net\/Magazin\/seda_sayan_cildirdi_14122011_1527_wmp4.mp4[\/flv]<\/p>\n<p><a href=\"http:\/\/webtv.hurriyet.com.tr\/3\/25648\/19464399\/1\/seda-sayan-canli-yayinda-cildirdi.aspx\" target=\"_blank\">Kaynak : H\u00fcrriyet.com.tr<\/a><\/p>\n","protected":false},"excerpt":{"rendered":"<p style=\"text-align: center;\">\n<p>Erol K\u00f6se&#8217;nin Twitter sayfas\u0131nda Seda Sayan&#8217;\u0131n foto\u011fraflar\u0131n\u0131 payla\u015fmas\u0131 ikili aras\u0131nda polemi\u011fe neden olmu\u015ftu. olay\u0131n ard\u0131ndan ge\u00e7ti\u011fimiz ak\u015fam Cenk Koray Ekran \u00d6d\u00fclleri t\u00f6reninde kar\u015f\u0131la\u015fan Sayan ile K\u00f6se tart\u0131\u015fm\u0131\u015f, tart\u0131\u015fma \u00e7\u0131k\u0131\u015fta yumruklu sald\u0131r\u0131ya d\u00f6n\u00fc\u015fm\u00fc\u015ft\u00fc.<\/p>\n","protected":false},"author":1,"featured_media":0,"comment_status":"open","ping_status":"open","sticky":false,"template":"","format":"standard","meta":{"footnotes":""},"categories":[105],"tags":[],"class_list":["post-44211","post","type-post","status-publish","format-standard","hentry","category-gundem","odd"],"_links":{"self":[{"href":"http:\/\/www.korhanyilmaz.com\/index.php?rest_route=\/wp\/v2\/posts\/44211","targetHints":{"allow":["GET"]}}],"collection":[{"href":"http:\/\/www.korhanyilmaz.com\/index.php?rest_route=\/wp\/v2\/posts"}],"about":[{"href":"http:\/\/www.korhanyilmaz.com\/index.php?rest_route=\/wp\/v2\/types\/post"}],"author":[{"embeddable":true,"href":"http:\/\/www.korhanyilmaz.com\/index.php?rest_route=\/wp\/v2\/users\/1"}],"replies":[{"embeddable":true,"href":"http:\/\/www.korhanyilmaz.com\/index.php?rest_route=%2Fwp%2Fv2%2Fcomments&post=44211"}],"version-history":[{"count":0,"href":"http:\/\/www.korhanyilmaz.com\/index.php?rest_route=\/wp\/v2\/posts\/44211\/revisions"}],"wp:attachment":[{"href":"http:\/\/www.korhanyilmaz.com\/index.php?rest_route=%2Fwp%2Fv2%2Fmedia&parent=44211"}],"wp:term":[{"taxonomy":"category","embeddable":true,"href":"http:\/\/www.korhanyilmaz.com\/index.php?rest_route=%2Fwp%2Fv2%2Fcategories&post=44211"},{"taxonomy":"post_tag","embeddable":true,"href":"http:\/\/www.korhanyilmaz.com\/index.php?rest_route=%2Fwp%2Fv2%2Ftags&post=44211"}],"curies":[{"name":"wp","href":"https:\/\/api.w.org\/{rel}","templated":true}]}}