{"id":44205,"date":"2011-12-15T13:55:48","date_gmt":"2011-12-15T11:55:48","guid":{"rendered":"http:\/\/www.korhanyilmaz.com\/?p=44205"},"modified":"2011-12-15T22:15:14","modified_gmt":"2011-12-15T20:15:14","slug":"erdogan-gulene-daha-muhtac","status":"publish","type":"post","link":"http:\/\/www.korhanyilmaz.com\/?p=44205","title":{"rendered":"Erdo\u011fan, G\u00fclen&#8217;e daha muhta\u00e7"},"content":{"rendered":"<p style=\"text-align: center;\"><a href=\"http:\/\/www.korhanyilmaz.com\/wp-content\/uploads\/2011\/12\/8607.jpg\"  class=\"lightview\"><img loading=\"lazy\" decoding=\"async\" class=\"aligncenter  wp-image-44206\" src=\"http:\/\/www.korhanyilmaz.com\/wp-content\/uploads\/2011\/12\/8607.jpg\" alt=\"\" width=\"324\" height=\"243\" \/><\/a><\/p>\n<p style=\"text-align: justify;\">Cemaatler \u00fczerine bir \u00e7ok dosya haz\u0131rlam\u0131\u015f gazetecilerden Nevzat \u00c7i\u00e7ek, AKP&#8217;deki cemaat \u00e7atla\u011f\u0131n\u0131 BirG\u00fcn&#8217;e yorumlad\u0131. Erdo\u011fan&#8217;\u0131n Milli G\u00f6r\u00fc\u015f\u00e7\u00fclere y\u00f6nelmesinin G\u00fclen&#8217;de tedirginlik yaratt\u0131\u011f\u0131n\u0131 s\u00f6yleyen \u00c7i\u00e7ek, Erdo\u011fan&#8217;\u0131n da \u00f6zellikle &#8216;G\u00fclenci Emniyet&#8217;in yapt\u0131\u011f\u0131 bir \u00e7ok operasyona g\u00f6z yumdu\u011funu s\u00f6yledi. Kavgan\u0131n abisinin kim oldu\u011funu sordu\u011fumuz \u00c7i\u00e7ek, &#8220;G\u00fclen, Erdo\u011fan&#8217;a muhta\u00e7 ama Erdo\u011fan G\u00fclen&#8217;e daha muhta\u00e7 ve bu biliniyor&#8221; dedi.\u00a0<!--more--><\/p>\n<p style=\"text-align: justify;\">1977 Ad\u0131yaman Gerger do\u011fumlu Nevzat \u00c7i\u00e7ek, Nokta Dergisi, Taraf gazetesi gibi kurulu\u015flar\u0131n yan\u0131 s\u0131ra; \u00d6zg\u00fcn Duru\u015f gazetesi ve Milat Gazetesi gibi islamc\u0131 olarak bilinen bas\u0131n kurulu\u015flar\u0131nda da \u00e7al\u0131\u015fm\u0131\u015f, deneyimli bir gazeteci. K\u00fcrt- \u0130slam konusu \u00fczerine ara\u015ft\u0131rmalar\u0131 bulunan \u00c7i\u00e7ek&#8217;in, &#8216;Pu\u015fi ve sar\u0131k&#8217; adl\u0131 bir kitab\u0131 da bulunuyor.<\/p>\n<p style=\"text-align: justify;\">Y\u0131llard\u0131r mercek tuttu\u011fu cemaatleri, T\u00fcrkiye&#8217;deki haritalar\u0131n\u0131 \u00e7\u0131karabilecek kadar iyi tan\u0131yan \u00c7i\u00e7ek ile son g\u00fcnlerde tart\u0131\u015f\u0131lmaya ba\u015flanan AKP&#8217;deki cemaat \u00e7atla\u011f\u0131 konusunu konu\u015ftuk.<\/p>\n<p style=\"text-align: justify;\"><strong>KAVGA NEDEN\u0130: ERDO\u011eAN M\u0130LL\u0130 G\u00d6R\u00dc\u015e\u00c7\u00dcLERE Y\u00d6NELD\u0130\u00a0<\/strong><\/p>\n<p style=\"text-align: justify;\">Malum; Son zamanlarda \u201cErdo\u011fan\u2019dan sonra AKP\u2019nin ba\u015f\u0131na kim ge\u00e7er\u201d sorusunun sorulmas\u0131, \u015fike tart\u0131\u015fmas\u0131 gibi konularda meydana gelen geli\u015fmeler, \u201cAKP i\u00e7inde bir cemaat kavgas\u0131 var\u201d tezini g\u00fcndeme getirdi. Hatta \u00f6yle ki bu tart\u0131\u015fmaya cemaate yak\u0131n yazarlar da kat\u0131ld\u0131. Erdo\u011fan ve siyaset- b\u00fcrokraside ekseninde daha \u00e7ok rol isteyen G\u00fclen aras\u0131nda bir bilek g\u00fcre\u015fi mi ba\u015flad\u0131?<\/p>\n<p style=\"text-align: justify;\">T\u00fcrkiye Cumhuriyeti tarihinde bir ka\u00e7 k\u00fc\u00e7\u00fck cemaati saymazsak ilk defa cemaatler bu kadar a\u00e7\u0131k bir \u015fekilde AKP\u2019yi desteklediler.<\/p>\n<p style=\"text-align: justify;\">\u00d6zellikle emniyet i\u00e7erisinde Be\u015fir Atalay\u2019\u0131n olumsuz tavr\u0131 hareketle AK Parti\u2019nin aras\u0131nda bir so\u011fuma ya\u015fatsa da G\u00fclen Hareketi bu noktada asla deste\u011fini geri \u00e7ekmedi. Ancak; AK Parti\u2019de bir bakan\u0131n Fethullah G\u00fclen ile g\u00f6r\u00fc\u015f\u00fcp heraketi \u015fikayet etmesi ciddi anlamda g\u00f6n\u00fcl k\u0131rg\u0131nl\u0131\u011f\u0131na yol a\u00e7t\u0131, buna ra\u011fmen yine susuldu.<\/p>\n<p style=\"text-align: justify;\">Ergenekon operasyonunun zay\u0131flamas\u0131 ve \u015fike operasyonu ile birlikte AK Parti\u2019nin g\u00f6r\u00fc\u015f ayr\u0131l\u0131\u011f\u0131na ra\u011fmen yasay\u0131 desteklemesi a\u00e7\u0131k bir \u015fekilde bir k\u0131r\u0131lmay\u0131 beraberinde getirse de Fethullah G\u00fclen Hareketi hala AKP\u2019den deste\u011fini \u00e7ekmi\u015f de\u011fil. B\u00fcrokraside \u00f6zellikle Erdo\u011fan\u2019\u0131n tekrar Milli G\u00f6r\u00fc\u015f\u00e7\u00fclere y\u00f6nelmesi de hareket i\u00e7erisinde \u00e7ok b\u00fcy\u00fck rahats\u0131zl\u0131k yaratm\u0131\u015f durumda. Bu bak\u0131mdan kendilerini d\u0131\u015flamayan ama rolentiye alan bu giri\u015fimler kar\u015f\u0131s\u0131nda cemaat de tavr\u0131n\u0131 tekrardan g\u00f6zden ge\u00e7irecektir.<\/p>\n<p style=\"text-align: justify;\"><strong>M\u0130T VE ERDO\u011eAN&#8217;A RA\u011eMEN KCK OPERASYONLARI\u00a0<\/strong><\/p>\n<p style=\"text-align: justify;\">E\u011fer b\u00f6yle bir kavgadan s\u00f6z edebiliyorsak neredeyse t\u00fcm cemaatlerin oluruyla iktidar\u0131 elinde tutan AKP\u2019yi bu noktaya getiren ne oldu. Bu kavgan\u0131n milad\u0131 ne?<\/p>\n<p style=\"text-align: justify;\">Asl\u0131nda d\u00f6nem d\u00f6nem AK Parti ve G\u00fclen Hareketi aras\u0131nda g\u00f6r\u00fc\u015f ayr\u0131l\u0131klar\u0131 \u00e7ok net ortaya \u00e7\u0131kt\u0131. Mavi Marmara-KCK Operasyonlar\u0131-\u015eikede bu g\u00f6r\u00fc\u015f ayr\u0131l\u0131klar\u0131 \u00f6ne \u00e7\u0131kt\u0131. Mesela Habur A\u00e7\u0131l\u0131m\u0131nda G\u00fclen Hareketi deste\u011fini verdi ama sonras\u0131nda krizin y\u00f6netilememesi \u00fczerine bunu da a\u00e7\u0131k\u00e7a ele\u015ftirmeye ba\u015flad\u0131lar.<\/p>\n<p style=\"text-align: justify;\">Asl\u0131nda esas kavga KCK operasyonlar\u0131 \u00fczerinde ya\u015fand\u0131 ancak bu yumu\u015fak bir kar\u0131n oldu\u011fu i\u00e7in bu kavga g\u00fcn y\u00fcz\u00fcne \u00e7\u0131kmad\u0131 ve sonunda Erdo\u011fan da zoraki olarak KCK operasyonlar\u0131n\u0131 sahiplenmek durumunda kald\u0131.. M\u0130T i\u00e7erisinde bir ekip bu operasyonlar\u0131n yap\u0131lmamas\u0131n\u0131 isterken emniyet istihbarat ise bunlar\u0131n gerekli oldu\u011funu yoksa Diyarbak\u0131r Da\u011f Kap\u0131 Meydan\u0131\u2019n\u0131n Tahrir Meydan\u0131 gibi olaca\u011f\u0131n\u0131 ifade ediyordu. KCK operasyonlar\u0131 yap\u0131ld\u0131 ve \u00e7ok say\u0131da insane i\u00e7eri al\u0131nd\u0131. Ancak ben yak\u0131n zamanda KCK operasyonlar\u0131nda tahliyelerin ba\u015flayaca\u011f\u0131n\u0131 d\u00fc\u015f\u00fcnenlerdenim. Mavi Marmara kavgan\u0131n milad\u0131ysa Anayasa meselesi bunun finali olacak.<\/p>\n<p style=\"text-align: justify;\"><strong>G\u00dcLEN ERDO\u011eAN&#8217;A MUHTA\u00c7, ERDO\u011eAN DAHA MUHTA\u00c7!\u00a0<\/strong><\/p>\n<p style=\"text-align: justify;\">Bu \u00e7eki\u015fmede iki kutbun oldu\u011funu kabul edersek; bu iki kutubun g\u00fcc\u00fcn\u00fc tarif edebilir misiniz? Sizce nas\u0131l bir denge g\u00f6zetiliyor? Ve belki en \u00f6nemlisi bu kavga nas\u0131l sonlan\u0131r?<\/p>\n<p style=\"text-align: justify;\">G\u00fclen Hareketi her ne kadar kendi i\u00e7erisinde farkl\u0131 insanlar\u0131 bar\u0131nd\u0131rsa da tek uc\u00fct hareket ediyor. Harekette Fethullah G\u00fclen\u2019in belirleyicili\u011fi sorgulanm\u0131yor, kendilerinin yanl\u0131\u015f yapt\u0131\u011f\u0131 d\u00fc\u015f\u00fcn\u00fclm\u00fcyor ve ge\u00e7mi\u015fte s\u00f6yledi\u011fi bir \u015fey bug\u00fcn farkl\u0131 s\u00f6ylense de bir bildi\u011fi, bir hikmeti vard\u0131r deniyor. Burada G\u00fclen\u2019e mutlak bir ba\u011fl\u0131l\u0131ktan bahsediyoruz. G\u00fclen Hareketi\u2019nin yeti\u015fmi\u015f insan g\u00fcc\u00fc bug\u00fcn T\u00fcrkiye\u2019de ne bir siyasi partied nede bir cemaatte bulunuyor. Bas\u0131n g\u00fcc\u00fcn\u00fc de hafife atmayal\u0131m.<\/p>\n<p style=\"text-align: justify;\">AK Parti\u2019nin g\u00fcc\u00fc esas olarak Tayyip Erdo\u011fan g\u00fcc\u00fcd\u00fcr. AK Parti\u2019nin Tayyip Erdo\u011fan\u2019dan sonraki g\u00fcc\u00fc de kar\u015f\u0131s\u0131nda rakip parti buunmay\u0131\u015f\u0131 ve toplumun farkl\u0131 kesimlerinden oy alabilmesi. Uluslararas\u0131 deste\u011fi ve T\u00fcrkiye\u2019de cemaatler ba\u015fta olmak \u00fczere kendisine destek veren g\u00fcc\u00fc de etkiledi\u011finizde farkl\u0131 ve bir siyasi parti \u00f6tesinde g\u00fc\u00e7l\u00fc oldu\u011funu g\u00f6r\u00fcyorsunuz. \u00d6zellikle T\u00fcrkiye\u2019ye bi\u00e7ilen rolde uluslararas\u0131 anlamda AK Parti\u2019nin g\u00fcc\u00fc. Bunun yan\u0131 s\u0131ra finans anlam\u0131nda ba\u015fta Arap Sermayesi olmak \u00fczere sermayenin de buraya \u00e7ekilmesi AK Parti\u2019nin bir di\u011fer g\u00fcc\u00fc.<\/p>\n<p style=\"text-align: justify;\">\u015eu an iki tarafta birbirine bu anlamda muhta\u00e7 ama AKP\u2019nin daha muhta\u00e7 oldu\u011funu d\u00fc\u015f\u00fcn\u00fcyorum. \u00c7\u00fcnk\u00fc gerek emniyette gerekse de b\u00fcrokrasi de G\u00fclen Hareketi\u2019nin \u00e7ok g\u00fc\u00e7l\u00fc oldu\u011funu biliyoruz. \u0130ki kesim \u015fuana kadar bir birine muhta\u00e7t\u0131. E\u011fer, Ergenekon Operasyonu devam etmeyecekse, Yeni anayasa yap\u0131lmayacaksa, Cumhurba\u015fkanl\u0131\u011f\u0131nda Tayyip Bey \u00c7ankaya\u2019ya \u00e7\u0131kmayacaksa kimse kimseye muhta\u00e7 de\u011fil.<\/p>\n<p style=\"text-align: justify;\">Siz cemaatlerin oy verme reflekslerini de inceleyen bir ara\u015ft\u0131rmac\u0131s\u0131n\u0131z. Bug\u00fcne kadarki \u00e7al\u0131\u015fmalar\u0131n\u0131zla son geli\u015fmeleri birle\u015ftirdi\u011finizde, AKP\u2019nin bir kan kayb\u0131na u\u011frayaca\u011f\u0131n\u0131 d\u00fc\u015f\u00fcn\u00fcyor musunuz? Siz, \u201cBug\u00fcn AK parti\u2019nin iktidar olmas\u0131n\u0131n ve iktidarda kalmas\u0131n\u0131n en b\u00fcy\u00fck sebebi cemaatler konfederasyonun deste\u011fidir\u201d diyorsunuz. Bu destek zay\u0131flar m\u0131?<\/p>\n<p style=\"text-align: justify;\">AK Parti\u2019nin iktidarda kalmas\u0131n\u0131n en b\u00fcy\u00fck sebeplerinden bir tanesi cemaatler konfederasyonun verdi\u011fi destektir. Bunun yan\u0131nda AK Parti\u2019nin \u00f6zellikle ekonomik anlamda in\u015fa etti\u011fi ve cari a\u00e7\u0131kla asl\u0131nda \u00e7ok sa\u011fl\u0131kl\u0131 olmad\u0131\u011f\u0131n\u0131 anlad\u0131\u011f\u0131m sistem anla\u015f\u0131lan o ki her iki ki\u015fiden birinin deste\u011fini al\u0131yor. Ancak AK pati i\u00e7erisinde \u00f6zellikle ortaya \u00e7\u0131kan son milletvekili tablosuna bakt\u0131\u011f\u0131m\u0131zda ba\u015fbakan\u0131n kendi s\u00f6z\u00fcnden \u00e7\u0131kmayacak isimlerle \u00e7al\u0131\u015fmay\u0131 tercih etti\u011fini g\u00f6r\u00fcyoruz. AK Parti\u2019nin kan kayb\u0131na u\u011framas\u0131 bu k\u0131sa s\u00fcrede s\u00f6z konusu de\u011fil, en az\u0131ndan u\u011frayaca\u011f\u0131 kan kayb\u0131 AKP\u2019yi \u00e7ok sarsacak bir kan kayb\u0131 olmaz. E\u011fer cemaatler AK Parti\u2019den deste\u011fini \u00e7eker, Uluslararas\u0131 kesimler AKP\u2019 d\u0131\u015f\u0131nda bir model aray\u0131\u015f\u0131na girerlerse belki. AK Parti\u2019nin cemaatler konfederasyonu deste\u011fi sadce T\u00fcrkiye\u2019ye mahsus de\u011fil. \u00d6rne\u011fin Tunus Nahda Hareketi\u2019ne bak\u0131n \u00f6rne\u011fimiz AKP\u2019dir diyor, Fas\u2019da keza ayn\u0131 b\u00f6yle. Dolay\u0131s\u0131yla da uluslaras\u0131 anlamda AKP\u2019nin iyi bir model olarak sunulmas\u0131n\u0131n temel yollar\u0131ndan bir tanesi onun kan kayb\u0131na u\u011framamas\u0131 ve u\u011frat\u0131lmamas\u0131d\u0131r.<\/p>\n<p style=\"text-align: justify;\">Erdo\u011fan daha ilk Ba\u015fbakan oldu\u011funda \u201cBen B\u00fcy\u00fck Ortado\u011fu Projesi\u2019nin e\u015fba\u015fkan\u0131y\u0131m\u201d demi\u015fti. G\u00fclen de \u00f6zellikle d\u0131\u015f ili\u015fkiler konusunda \u2018\u0131l\u0131ml\u0131\u2019 tutumuyla biliniyor. O zaman bu aradaki \u00e7eki\u015fmenin sebebi politik olmayabilir mi? As\u0131l gerek\u00e7eler sizce nedir?<\/p>\n<p style=\"text-align: justify;\">Mavi Marmara bu anlamda bir k\u0131r\u0131lma noktas\u0131n\u0131 te\u015fkil etti. G\u00fclen Hareketi AK Parti\u2019nin bat\u0131dan kopmas\u0131n\u0131 istemiyor, \u00f6zellikle bu Arap Bahar\u0131 (bana gore bu Arap Tufan\u0131\u2019d\u0131r) ile birlikte AK Parti\u2019nin ortado\u011fuda \u00fcstlendi\u011fi rol\u00fcn ben G\u00fclen Hareketi taraf\u0131ndan dikkatlice takip edildi\u011fini d\u00fc\u015f\u00fcn\u00fcyorum. Davuto\u011flu\u2019nun kendisine yak\u0131n isimlerle bu ili\u015fkileri g\u00f6t\u00fcrmesi, SETA gibi bir kurumun \u00e7ok \u00f6ne \u00e7\u0131kmas\u0131 asl\u0131nda yeni bir d\u00f6nemin ba\u015flang\u0131c\u0131. G\u00fclen Hareketi\u2019nin yurt d\u0131\u015f\u0131ndaki okullar\u0131n\u0131n sanki ikinci plana at\u0131laca\u011f\u0131 gibi bir his bir k\u0131s\u0131m cemaat mensubunda hissedilse de ben ikisinin yerinin ayr\u0131 oldu\u011funu d\u00fc\u015f\u00fcn\u00fcyorum.<\/p>\n<p style=\"text-align: justify;\">Baz\u0131 kurumlar\u0131n kimseye sormadan i\u015f yapmas\u0131 asl\u0131nda bir dengeleme mekanizsam\u0131 getirilmeye \u00e7al\u0131\u015f\u0131ld\u0131\u011f\u0131n\u0131n da i\u015fareti bence bu G\u00fclen Hareketi\u2019ni de rahats\u0131z ediyor. Ba\u015fbakan Amerika\u2019ya gitti\u011finde SETA ve TUSKON\u2019da konu\u015ftu, bu denge politikas\u0131n\u0131n kurumsal i\u015faretiydi.<\/p>\n<p style=\"text-align: justify;\"><strong>CEMAATLER\u0130N &#8216;PART\u0130&#8217;YE ADAM SOKMA YARI\u015eI\u00a0<\/strong><\/p>\n<p style=\"text-align: justify;\">\u0130smaila\u011fa Cemaati\u2019ne ili\u015fkin \u0130lhan Cihaner\u2019in haz\u0131rlad\u0131\u011f\u0131 iddianamede yer alan baz\u0131 telefon dinlemelerinde cemaat b\u00fcy\u00fcklerinin AKP\u2019den \u00e7ok da memnun olmad\u0131\u011f\u0131, verdikleri deste\u011fe oranla \u2018t\u00f6lerans ve yard\u0131m\u2019 alamad\u0131klar\u0131n\u0131 s\u00f6yledikleri g\u00f6r\u00fcl\u00fcyordu. Baz\u0131 cemaatlere mensup k\u00f6\u015fe yazarlar\u0131 da kimi zaman sitemkar yaz\u0131lar yaz\u0131yor. Acaba \u2018pastadan al\u0131nan pay\u2019 s\u0131k\u0131nt\u0131s\u0131 m\u0131 var?<\/p>\n<p style=\"text-align: justify;\">Pastadan pay alma s\u0131k\u0131nt\u0131s\u0131 oldu\u011funu zannetmiyorum herkes bu nimetlerden yararlan\u0131yor. Burada esas mesele bir cemaatin di\u011fer bir cemaat reva\u015ftayken kendilerine farkl\u0131 davranmay\u0131 i\u00e7erisine sindirememesidir. \u00d6rne\u011fin bir bakanl\u0131\u011fa bir cemaat bireyini getirmi\u015fsiniz ve o cemaat \u00fcyesi milletvekili bakan olunca kendi ba\u011fl\u0131 bulundu\u011fu cemaati biraz daha g\u00f6r\u00fcn\u00fcr hale getiriyor, onlar\u0131n elemanlar\u0131n\u0131 daha \u00e7ok istihdam ediyor vs. buda di\u011fer ceaatlerin ho\u015funa gitmiyor.<\/p>\n<p style=\"text-align: justify;\">Burada art\u0131k cemaatler eskisi gibi sedece ekonomik anlamda bir g\u00fc\u00e7 istemiyorlar, hem g\u00fc\u00e7lenmek hem de kendi mensuplar\u0131n\u0131n devlet kademelerinde yer bulmalar\u0131n\u0131 istiyorlar. \u00c7\u00fcnk\u00fc, art\u0131k rakip cemaat mensuplar\u0131 da di\u011fer cemaat mensuplar\u0131n\u0131n \u00f6n\u00fcn\u00fc kesebiliyor, onlar\u0131n i\u015flerini yapmayabiliyor. Cemaatler eskiden kendilerine yurt binas\u0131 verilmesi vb kolayl\u0131klar\u0131n sa\u011flanmas\u0131n\u0131 isterken \u015fimdi bunlar d\u0131\u015f\u0131nda kendi b\u00fcnyelerindeki \u015firket ve organizasyonlara da kolayl\u0131k sa\u011flanmas\u0131n\u0131 istemektedirler.<\/p>\n<p style=\"text-align: justify;\"><strong>&#8216;\u0130SMA\u0130LA\u011eA UZUN S\u00dcRED\u0130R DE\u011e\u0130\u015eT\u0130R\u0130LMEK \u0130STEN\u0130YOR&#8217;\u00a0<\/strong><\/p>\n<p style=\"text-align: justify;\">G\u00fcndemin en tart\u0131\u015f\u0131lan konular\u0131ndan bir ba\u015fkas\u0131na ge\u00e7ersek; C\u00fcppeli Ahmet\u2019in tutuklanmas\u0131 g\u00fcndeme bomba gibi d\u00fc\u015ft\u00fc. Ahmet \u00dcnl\u00fc, tutuklan\u0131r tutuklanmaz emniyette gizli kalmas\u0131 gereken bir \u00e7ok bilginin bas\u0131na s\u0131zd\u0131r\u0131lmas\u0131, \u201cOperasyon i\u00e7in d\u00fc\u011fmeye \u00e7ok yukar\u0131dan ve \u0130smaila\u011fa\u2019y\u0131 dizayn etmek i\u00e7in bas\u0131ld\u0131\u201d yorumlar\u0131na yol a\u00e7t\u0131. Siz nas\u0131l bak\u0131yorsunuz?<\/p>\n<p style=\"text-align: justify;\">\u0130smaila\u011fa\u2019da Mahmut Efendi\u2019nin yanl\u0131\u015f tedavi edildi\u011fini, yanl\u0131\u015f ila\u00e7 verildi\u011fini ve bu \u015fekilde aya\u011fa kalkmad\u0131\u011f\u0131n\u0131 biliyoruz. Mahmut Efendi\u2019nin 2007 de bir \u015fekilde ailesi taraf\u0131ndan ka\u00e7\u0131r\u0131larak g\u00f6t\u00fcr\u00fcld\u00fc\u011f\u00fc hastanenin kur\u015funland\u0131\u011f\u0131n\u0131 da biliyoruz. C\u00fcbbeli Ahmed\u2019e ait oldu\u011fu \u00f6ne s\u00fcr\u00fclen kasetlerin daha once iki defa cemaatin bir hocas\u0131na da g\u00f6nderildi\u011fini ve bunu cemaate s\u00f6yle C\u00fcbbeli buradan uzakla\u015fs\u0131n dedi\u011fini bikmeyen yok. C\u00fcbbeli\u2019nin cemaat ad\u0131na konu\u015fmas\u0131ndan birileri rahats\u0131z ve kulland\u0131\u011f\u0131 uslup ve sa\u011fa sola sata\u015fmas\u0131 Kabul edilmiyor. \u0130smaila\u011fa\u2019n\u0131n dizayn edilmek istendi\u011fini biz iki de\u011ferli hocas\u0131 Bayram ve H\u0131z\u0131r hocalar\u0131n \u00f6ld\u00fcr\u00fclmesinden biliyoruz. Bu bak\u0131mdan \u0130smaila\u011fa \u00fczerinde Mahmut Efendi sonras\u0131n\u0131n heaplar\u0131 yap\u0131l\u0131yor. \u0130smaila\u011fa\u2019n\u0131n sessiz, sakin kamuoyundan uzak bir \u015fekilde varl\u0131\u011f\u0131n\u0131 s\u00fcrd\u00fcrmesi isteniyor ve \u00f6ne \u00e7\u0131kmamas\u0131 ve hocalar\u0131ndan baz\u0131lar\u0131n\u0131n itibars\u0131zla\u015ft\u0131r\u0131lmas\u0131 esas hedef.<\/p>\n<p style=\"text-align: justify;\">\u201cCemaatler \u00fczerinden bir siyaset tasarlan\u0131rken ayn\u0131 zamanda cemaatler de d\u00f6n\u00fc\u015ft\u00fcr\u00fcl\u00fcyor\u201d diye bir tespitiniz var. Bunu biraz a\u00e7\u0131klayabilir misiniz? Bu cemaat m\u00fchendisli\u011fini kim yap\u0131yor?<\/p>\n<p style=\"text-align: justify;\">Ortado\u011fu\u2019da Arap Bahar\u0131 ba\u015flamadan \u00f6nce T\u00fcrkiye\u2019de gerek Gannu\u015fi ve gerekse de di\u011fer muhalif hareketlerinin temsilcilerini kapal\u0131 toplant\u0131larda dinleme ve sohbet etme imkan\u0131 buldum. Orada benim g\u00f6rd\u00fc\u011f\u00fcm daha sonra gerek Somali\u2019de gerek Pakistan ve Banglade\u015f\u2019de de g\u00f6rd\u00fc\u011f\u00fcm bir ger\u00e7ek d\u00fcnyan\u0131n her yerinde cemaatlerin \u00e7ok ciddi olarak d\u00f6n\u00fc\u015ft\u00fcr\u00fcld\u00fckleri yolunda. Bu d\u00f6n\u00fc\u015f\u00fcm\u00fc cemaatlerin \u00e7o\u011fu kabul ediyor ve asl\u0131nda sonradan anlayacaklar ki kendi ayaklar\u0131na kur\u015fun s\u0131k\u0131yorlar.<\/p>\n<p style=\"text-align: justify;\">Amerika, Ortado\u011fu\u2019da koalisyonlar y\u00f6netimi ile yeni y\u00f6netimleri belirliyor. Hi\u00e7bir yerde esas g\u00fc\u00e7 olan dindar cemaatlere iktidar\u0131 b\u0131rakm\u0131yor. M\u0131s\u0131r\u2019da \u0130hvan, Tunus\u2019da Nahda ve benzeri yerlerde bunlar\u0131n siyasi partileri se\u00e7imleri birinci olarak kazan\u0131yor. Ama dikkat edilirse her yerde koalisyonlarla y\u00f6netilecek bir model geli\u015ftiriliyor. Burada yap\u0131la \u00e7ok ak\u0131ll\u0131ca bir hareket; eski y\u00f6netimlerin fig\u00fcranlar\u0131 de\u011fi\u015ftiriliyor yeni fig\u00fcranlar ortaya \u00e7\u0131kar\u0131l\u0131yor, sisteme muhalif ve ayn\u0131 zamanda devlet y\u00f6netme tecr\u00fcbesinden uzak cemaatler sisteme dahil ediliyor ve ortaya kar\u0131\u015f\u0131k bir siyasi model konuluyor. Bu yemiyor M\u0131s\u0131r\u2019da oldu\u011fu gibi \u0130hvan\u2019\u0131n \u00f6n\u00fcn\u00fc kesmek i\u00e7in Selefleri \u00f6ne \u00e7\u0131kar\u0131yor ve her tarafta bir birini dengeleyen bir sistem olu\u015fturuyor. Durum b\u00f6yle olunca iktidar\u0131n nimetlerinden yararlanma olunca, haz\u0131r olmad\u0131\u011f\u0131n\u0131z bir hareket asl\u0131nda sezaryana d\u00fcnyaya getiriliyor.<\/p>\n<p style=\"text-align: justify;\">Cemaatler burada ve T\u00fcrkiye\u2019de nas\u0131l d\u00f6n\u00fc\u015ft\u00fcr\u00fcl\u00fcyor, ele\u015ftirilen sistemlerin ana iskeletleri yerinde dururken, adil payla\u015f\u0131mc\u0131 bir sitem yerine oturmazken, bizim mahallenin zenginleri t\u00fcrerken sisteme dahil olmayla bir erozyona u\u011fruyorlar, m\u00fccahitken m\u00fcteahitli\u011fe do\u011fru gidiyorlar. Ge\u00e7en Tunus\u2019ta gen\u00e7lik hareketlerinden birinin anlat\u0131m\u0131 beni hayretler i\u00e7erisinde b\u0131rakt\u0131, biz sizin gibi l\u00fcks otellere girece\u011fiz, l\u00fcks jiplere binece\u011fiz, tatil i\u00e7in d\u00fcnyan\u0131n her yerine gidece\u011fiz diyor. Siz sisteme dahil etti\u011finizde ortaya \u00e7\u0131kan sonu\u00e7 bu olur. Rus i\u015fgalinden sonra cemaatler orada ne yapt\u0131ysa ortad\u0131\u011fu da ayn\u0131s\u0131n\u0131 yapacaklar bir farkla sisteme sahip \u00e7\u0131kmak, onun kazana\u0131mlar\u0131ndan uzak durmamak ve kaybetmemek ad\u0131na bir birleriyle u\u011fra\u015facaklar ve ileride arabesk bir hale gelecekler.<\/p>\n<p style=\"text-align: justify;\"><a href=\"http:\/\/www.birgun.net\/politics_index.php?news_code=1323942897&amp;year=2011&amp;month=12&amp;day=15\" target=\"_blank\">Kaynak : Onurkan Avc\u0131 &#8211; B\u0130RG\u00dcN<\/a><\/p>\n","protected":false},"excerpt":{"rendered":"<p style=\"text-align: center;\">\n<p style=\"text-align: justify;\">Cemaatler \u00fczerine bir \u00e7ok dosya haz\u0131rlam\u0131\u015f gazetecilerden Nevzat \u00c7i\u00e7ek, AKP&#8217;deki cemaat \u00e7atla\u011f\u0131n\u0131 BirG\u00fcn&#8217;e yorumlad\u0131. Erdo\u011fan&#8217;\u0131n Milli G\u00f6r\u00fc\u015f\u00e7\u00fclere y\u00f6nelmesinin G\u00fclen&#8217;de tedirginlik yaratt\u0131\u011f\u0131n\u0131 s\u00f6yleyen \u00c7i\u00e7ek, Erdo\u011fan&#8217;\u0131n da \u00f6zellikle &#8216;G\u00fclenci Emniyet&#8217;in yapt\u0131\u011f\u0131 bir \u00e7ok operasyona g\u00f6z yumdu\u011funu s\u00f6yledi. Kavgan\u0131n abisinin kim oldu\u011funu sordu\u011fumuz \u00c7i\u00e7ek, &#8220;G\u00fclen, Erdo\u011fan&#8217;a muhta\u00e7 ama Erdo\u011fan G\u00fclen&#8217;e daha muhta\u00e7 ve <\/p>\n","protected":false},"author":1,"featured_media":0,"comment_status":"open","ping_status":"open","sticky":false,"template":"","format":"standard","meta":{"footnotes":""},"categories":[105],"tags":[],"class_list":["post-44205","post","type-post","status-publish","format-standard","hentry","category-gundem","odd"],"_links":{"self":[{"href":"http:\/\/www.korhanyilmaz.com\/index.php?rest_route=\/wp\/v2\/posts\/44205","targetHints":{"allow":["GET"]}}],"collection":[{"href":"http:\/\/www.korhanyilmaz.com\/index.php?rest_route=\/wp\/v2\/posts"}],"about":[{"href":"http:\/\/www.korhanyilmaz.com\/index.php?rest_route=\/wp\/v2\/types\/post"}],"author":[{"embeddable":true,"href":"http:\/\/www.korhanyilmaz.com\/index.php?rest_route=\/wp\/v2\/users\/1"}],"replies":[{"embeddable":true,"href":"http:\/\/www.korhanyilmaz.com\/index.php?rest_route=%2Fwp%2Fv2%2Fcomments&post=44205"}],"version-history":[{"count":0,"href":"http:\/\/www.korhanyilmaz.com\/index.php?rest_route=\/wp\/v2\/posts\/44205\/revisions"}],"wp:attachment":[{"href":"http:\/\/www.korhanyilmaz.com\/index.php?rest_route=%2Fwp%2Fv2%2Fmedia&parent=44205"}],"wp:term":[{"taxonomy":"category","embeddable":true,"href":"http:\/\/www.korhanyilmaz.com\/index.php?rest_route=%2Fwp%2Fv2%2Fcategories&post=44205"},{"taxonomy":"post_tag","embeddable":true,"href":"http:\/\/www.korhanyilmaz.com\/index.php?rest_route=%2Fwp%2Fv2%2Ftags&post=44205"}],"curies":[{"name":"wp","href":"https:\/\/api.w.org\/{rel}","templated":true}]}}