{"id":44201,"date":"2011-12-15T17:58:35","date_gmt":"2011-12-15T15:58:35","guid":{"rendered":"http:\/\/www.korhanyilmaz.com\/?p=44201"},"modified":"2011-12-15T22:01:17","modified_gmt":"2011-12-15T20:01:17","slug":"yasa-gecerse-turkiye-elcisini-geri-cekecek","status":"publish","type":"post","link":"http:\/\/www.korhanyilmaz.com\/?p=44201","title":{"rendered":"Yasa ge\u00e7erse, T\u00fcrkiye el\u00e7isini geri \u00e7ekecek"},"content":{"rendered":"<p style=\"text-align: center;\"><a href=\"http:\/\/www.korhanyilmaz.com\/wp-content\/uploads\/2011\/12\/8606.jpg\"  class=\"lightview\"><img loading=\"lazy\" decoding=\"async\" class=\"aligncenter  wp-image-44202\" src=\"http:\/\/www.korhanyilmaz.com\/wp-content\/uploads\/2011\/12\/8606.jpg\" alt=\"\" width=\"396\" height=\"180\" \/><\/a><\/p>\n<p style=\"text-align: justify;\">Ankara, Fransa meclisinin, 1915 olaylar\u0131yla ilgili Ermeni iddialar\u0131n\u0131n reddedilmesini su\u00e7 sayan yasa teklifini kabul etmesi halinde Paris B\u00fcy\u00fckel\u00e7isi Tahsin Burcuo\u011flu&#8217;nu geri \u00e7ekecek.<\/p>\n<p style=\"text-align: justify;\">Paris B\u00fcy\u00fckel\u00e7ili\u011fi M\u00fcste\u015far\u0131 Engin Solako\u011flu, yapt\u0131\u011f\u0131 a\u00e7\u0131klamada, \u201cyasa teklifinin kabul edilmesinin T\u00fcrk-Frans\u0131z ili\u015fkilerinde tamiri imkans\u0131z yaralara yol a\u00e7aca\u011f\u0131n\u0131\u201d belirterek, \u201cParis&#8217;teki T\u00fcrk B\u00fcy\u00fckel\u00e7isi Tahsin Burcuo\u011flu&#8217;nun isti\u015farelerde bulunmak \u00fczere belirsiz bir s\u00fcre i\u00e7in Ankara&#8217;ya \u00e7a\u011fr\u0131laca\u011f\u0131n\u0131\u201d s\u00f6yledi.\u00a0<!--more--><\/p>\n<p style=\"text-align: justify;\">T\u00fcrkiye, daha \u00f6nce Fransa parlamentosuna yapt\u0131\u011f\u0131 uyar\u0131da, \u201ctarihi olaylar\u0131n parlamentolar taraf\u0131ndan yaz\u0131lamayaca\u011f\u0131\u201d yolunda 2008 y\u0131l\u0131nda yine Frans\u0131z parlamentosunun kurdu\u011fu ara\u015ft\u0131rma komisyonu taraf\u0131ndan kaleme al\u0131nan rapora sahip \u00e7\u0131kmas\u0131n\u0131 istemi\u015fti.<\/p>\n<p style=\"text-align: justify;\">T\u00fcrkiye&#8217;nin Paris B\u00fcy\u00fckel\u00e7ili\u011fi internet sitesinde yer alan a\u00e7\u0131klamada, Meclis Ba\u015fkan\u0131 Bernard Accoyer&#8217;in ba\u015fkanl\u0131\u011f\u0131ndaki ara\u015ft\u0131rma komisyonunun, \u201cparlamentolar\u0131n rol\u00fcn\u00fcn tarihi olaylar\u0131 de\u011ferlendirmek ve \u00f6zellikle yasa \u00e7\u0131kartarak cezai m\u00fceyyide istemek olmad\u0131\u011f\u0131\u201d yolundaki rapora \u00f6nemli vurgu yap\u0131lm\u0131\u015ft\u0131.<\/p>\n<p style=\"text-align: justify;\"><strong>&#8220;FRANSA TAR\u0130H\u0130 TAR\u0130H\u00c7\u0130LERE BIRAKSIN&#8221;<\/strong><\/p>\n<p style=\"text-align: justify;\">A\u00e7\u0131klamada, T\u00fcrkiye&#8217;nin, \u201cFrans\u0131z yetkililerin, tarihi, tarih\u00e7ilere b\u0131rakmas\u0131n\u0131 umut etti\u011fi\u201d ifade edilen a\u00e7\u0131klamada, \u201ccemaat\u00e7i de\u011ferlendirmelerin T\u00fcrk ve Frans\u0131z ili\u015fkilerini rehine almamas\u0131\u201d istenmi\u015fti.<\/p>\n<p style=\"text-align: justify;\">Senato&#8217;da May\u0131s ay\u0131nda yine ayn\u0131 konuda g\u00fcndeme gelen yasa teklifinin oylanmadan ezici bir \u00fcst\u00fcnl\u00fckle &#8220;incelenmeye al\u0131nmas\u0131n\u0131n&#8221; reddedildi\u011fi hat\u0131rlat\u0131lan a\u00e7\u0131klamada, Fransa&#8217;da se\u00e7imlerle ilgili takvime g\u00f6re \u015fimdi yine ayn\u0131 konuda gelen yasa teklifinin meclis yasalar komisyonunda kabul edilmesinin \u015fa\u015fk\u0131nl\u0131kla kar\u015f\u0131land\u0131\u011f\u0131 kaydedilmi\u015fti.<\/p>\n<p style=\"text-align: justify;\">T\u00fcrkiye&#8217;nin ulusal parlamentolar\u0131n tart\u0131\u015fmaya a\u00e7\u0131k tarihi olaylar konusunda karar almaktan ka\u00e7\u0131nmas\u0131ndan yana oldu\u011fu ifade edilen a\u00e7\u0131klamada, tarihi, tarih\u00e7ileri ve ara\u015ft\u0131rmac\u0131lara b\u0131rak\u0131lmas\u0131 istenmi\u015fti.<\/p>\n<p style=\"text-align: justify;\"><strong>B\u0130R YIL HAP\u0130S, 45 B\u0130N EURO PARA CEZASI<\/strong><\/p>\n<p style=\"text-align: justify;\">Fransa meclisi, yasalar komisyonunda ge\u00e7en hafta kabul edilen, iktidardaki Halk Hareketi Birli\u011fi (UMP) Marsilya milletvekili Valerie Boyer taraf\u0131ndan haz\u0131rlanan yasa teklifini, 22 Aral\u0131k&#8217;ta genel kurulda oylayacak. Yasalar komisyonunda kabul edilen yasa teklifinde, \u201cFrans\u0131z yasalar\u0131 taraf\u0131ndan tan\u0131nan soyk\u0131r\u0131mlar\u0131n inkar\u0131, bir y\u0131l hapis ile 45 bin euro para cezas\u0131na \u00e7arpt\u0131r\u0131l\u0131r\u201d ifadesi yer al\u0131yor.<\/p>\n<p style=\"text-align: justify;\">Fransa parlamentosu, 29 Ocak 2001 tarihinde, \u201cFransa, 1915 y\u0131l\u0131ndaki Ermeni soyk\u0131r\u0131m\u0131n\u0131 tan\u0131r\u201d ifadesiyle kaleme al\u0131nan bir yasay\u0131 onaylam\u0131\u015ft\u0131.<\/p>\n<p style=\"text-align: justify;\"><a href=\"http:\/\/www.gazeteport.com.tr\/haber\/68507\/yasa_gecerse_turkiye_elcisini_geri_cekecek\" target=\"_blank\">Kaynak : GAZETEPORT<\/a><\/p>\n","protected":false},"excerpt":{"rendered":"<p style=\"text-align: center;\">\n<p style=\"text-align: justify;\">Ankara, Fransa meclisinin, 1915 olaylar\u0131yla ilgili Ermeni iddialar\u0131n\u0131n reddedilmesini su\u00e7 sayan yasa teklifini kabul etmesi halinde Paris B\u00fcy\u00fckel\u00e7isi Tahsin Burcuo\u011flu&#8217;nu geri \u00e7ekecek.<\/p>\n<p style=\"text-align: justify;\">Paris B\u00fcy\u00fckel\u00e7ili\u011fi M\u00fcste\u015far\u0131 Engin Solako\u011flu, yapt\u0131\u011f\u0131 a\u00e7\u0131klamada, \u201cyasa teklifinin kabul edilmesinin T\u00fcrk-Frans\u0131z ili\u015fkilerinde tamiri imkans\u0131z yaralara yol a\u00e7aca\u011f\u0131n\u0131\u201d belirterek, \u201cParis&#8217;teki T\u00fcrk B\u00fcy\u00fckel\u00e7isi Tahsin Burcuo\u011flu&#8217;nun isti\u015farelerde bulunmak <\/p>\n","protected":false},"author":1,"featured_media":0,"comment_status":"open","ping_status":"open","sticky":false,"template":"","format":"standard","meta":{"footnotes":""},"categories":[105],"tags":[],"class_list":["post-44201","post","type-post","status-publish","format-standard","hentry","category-gundem","odd"],"_links":{"self":[{"href":"http:\/\/www.korhanyilmaz.com\/index.php?rest_route=\/wp\/v2\/posts\/44201","targetHints":{"allow":["GET"]}}],"collection":[{"href":"http:\/\/www.korhanyilmaz.com\/index.php?rest_route=\/wp\/v2\/posts"}],"about":[{"href":"http:\/\/www.korhanyilmaz.com\/index.php?rest_route=\/wp\/v2\/types\/post"}],"author":[{"embeddable":true,"href":"http:\/\/www.korhanyilmaz.com\/index.php?rest_route=\/wp\/v2\/users\/1"}],"replies":[{"embeddable":true,"href":"http:\/\/www.korhanyilmaz.com\/index.php?rest_route=%2Fwp%2Fv2%2Fcomments&post=44201"}],"version-history":[{"count":0,"href":"http:\/\/www.korhanyilmaz.com\/index.php?rest_route=\/wp\/v2\/posts\/44201\/revisions"}],"wp:attachment":[{"href":"http:\/\/www.korhanyilmaz.com\/index.php?rest_route=%2Fwp%2Fv2%2Fmedia&parent=44201"}],"wp:term":[{"taxonomy":"category","embeddable":true,"href":"http:\/\/www.korhanyilmaz.com\/index.php?rest_route=%2Fwp%2Fv2%2Fcategories&post=44201"},{"taxonomy":"post_tag","embeddable":true,"href":"http:\/\/www.korhanyilmaz.com\/index.php?rest_route=%2Fwp%2Fv2%2Ftags&post=44201"}],"curies":[{"name":"wp","href":"https:\/\/api.w.org\/{rel}","templated":true}]}}