{"id":44195,"date":"2011-12-15T11:15:09","date_gmt":"2011-12-15T09:15:09","guid":{"rendered":"http:\/\/www.korhanyilmaz.com\/?p=44195"},"modified":"2011-12-15T21:46:47","modified_gmt":"2011-12-15T19:46:47","slug":"yasta-harbe-hazirlik-tartismasi","status":"publish","type":"post","link":"http:\/\/www.korhanyilmaz.com\/?p=44195","title":{"rendered":"&#8220;YA\u015e&#8221;ta harbe haz\u0131rl\u0131k tart\u0131\u015fmas\u0131"},"content":{"rendered":"<p style=\"text-align: center;\"><a href=\"http:\/\/www.korhanyilmaz.com\/wp-content\/uploads\/2011\/12\/8604.jpg\"  class=\"lightview\"><img loading=\"lazy\" decoding=\"async\" class=\"aligncenter  wp-image-44196\" src=\"http:\/\/www.korhanyilmaz.com\/wp-content\/uploads\/2011\/12\/8604.jpg\" alt=\"\" width=\"396\" height=\"180\" \/><\/a><\/p>\n<p style=\"text-align: justify;\">Y\u00fcksek Askeri \u015eura, Ba\u015fbakan Erdo\u011fan ba\u015fkanl\u0131\u011f\u0131nda topland\u0131 ve i\u00e7 g\u00fcvenlik ile T\u00fcrk Silahl\u0131 Kuvvetleri&#8217;nin harbe haz\u0131rl\u0131k durumunu ele ald\u0131.<\/p>\n<p style=\"text-align: justify;\">ANKARA- Ba\u015fbakan Erdo\u011fan, Aslanl\u0131 Yol&#8217;un ba\u015f\u0131nda komutanlar taraf\u0131ndan kar\u015f\u0131land\u0131. \u015eura \u00fcyeleri, Ba\u015fbakan Erdo\u011fan&#8217;\u0131n ba\u015fkanl\u0131\u011f\u0131nda, \u00fczerinde &#8221;YA\u015e \u00fcyeleri&#8221; yazan k\u0131rm\u0131z\u0131 ve beyaz karanfillerden olu\u015fan \u00e7elenk e\u015fli\u011finde, Aslanl\u0131 Yol&#8217;dan y\u00fcr\u00fcd\u00fc. Erdo\u011fan&#8217;\u0131n, Atat\u00fcrk&#8217;\u00fcn mozolesine \u00e7elenk b\u0131rakmas\u0131n\u0131n ard\u0131ndan sayg\u0131 duru\u015funda bulunuldu. Daha sonra Erdo\u011fan ba\u015fkanl\u0131\u011f\u0131ndaki heyet, Misak-\u0131 Milli Kulesi&#8217;ne ge\u00e7ti. Burada An\u0131tkabir \u00f6zel defterini imzalayan Erdo\u011fan, deftere yazd\u0131klar\u0131n\u0131 y\u00fcksek sesle okudu.\u00a0<!--more--><\/p>\n<p style=\"text-align: justify;\"><a href=\"http:\/\/www.korhanyilmaz.com\/wp-content\/uploads\/2011\/12\/8605.jpg\"  class=\"lightview\"><img loading=\"lazy\" decoding=\"async\" class=\"alignleft  wp-image-44197\" style=\"margin-left: 10px; margin-right: 10px;\" src=\"http:\/\/www.korhanyilmaz.com\/wp-content\/uploads\/2011\/12\/8605.jpg\" alt=\"\" width=\"240\" height=\"350\" \/><\/a>Ba\u015fbakan Erdo\u011fan, deftere \u015funlar\u0131 yazd\u0131: &#8221;Y\u00fcksek Askeri \u015eura k\u0131\u015f d\u00f6nemi \u00e7al\u0131\u015fmalar\u0131 vesilesiyle t\u00fcm \u015eura \u00fcyelerimizle birlikte Cumhuriyetimizin banisi Gazi Mustafa Kemal Atat\u00fcrk&#8217;\u00fcn aziz hat\u0131ras\u0131n\u0131 bug\u00fcn bir kez daha \u015f\u00fckranla yad ediyoruz.<\/p>\n<p style=\"text-align: justify;\">Gazi&#8217;nin &#8216;en b\u00fcy\u00fck eserim&#8217; diye niteleyerek bizlere miras b\u0131rakt\u0131\u011f\u0131 Cumhuriyetimizi muas\u0131r medeniyetler seviyesine ula\u015ft\u0131rmak ve kurulu\u015fundaki heyecan, co\u015fku ve \u00e7ok renklili\u011fi muhafaza ederek en ileri demokratik standartlara kavu\u015fturmak i\u00e7in kararl\u0131 m\u00fccadelemizi s\u00fcrd\u00fcr\u00fcyoruz. T\u00fcm \u015fehit ve gazilerimizin m\u00fcbarek emaneti olarak g\u00f6rd\u00fc\u011f\u00fcm\u00fcz T\u00fcrkiye Cumhuriyeti, karde\u015flik, birlik ve dayan\u0131\u015fma duygular\u0131 i\u00e7inde b\u00f6lgesel ve k\u00fcresel bir g\u00fc\u00e7 olma yolundaki hedeflerine sars\u0131lmaz bir \u015fekilde ilerliyor. Sa\u011flam ve g\u00fc\u00e7l\u00fc ekonomisi, ileri demokratik standartlar\u0131, b\u00f6lgesel ve k\u00fcresel bar\u0131\u015fa yapt\u0131\u011f\u0131 katk\u0131larla t\u00fcm d\u00fcnyada g\u0131ptayla izlenen T\u00fcrkiye, kadim medeniyet miras\u0131ndan devrald\u0131\u011f\u0131 sorumluluklar\u0131 da hakk\u0131yla yerine getiriyor.<\/p>\n<p style=\"text-align: justify;\">T\u00fcrk Silahl\u0131 Kuvvetlerimiz de, tarihinden ve zaferlerinden ald\u0131\u011f\u0131 ilhamla g\u00fc\u00e7l\u00fc, modern ve cayd\u0131r\u0131c\u0131 yap\u0131s\u0131yla \u00fclkemizin g\u00fcvenli\u011fi, b\u00f6lgemizin bar\u0131\u015f ve istikrar\u0131n\u0131n teminat\u0131 olmaya devam ediyor. Bu \u015fuurla y\u00fcr\u00fctt\u00fc\u011f\u00fcm\u00fcz Aral\u0131k 2011 Y\u00fcksek Askeri \u015eura \u00e7al\u0131\u015fmalar\u0131n\u0131n, \u00fclkemize, milletimize ve T\u00fcrk Silahl\u0131 Kuvvetlerimize hay\u0131rl\u0131 olmas\u0131n\u0131 diliyor; bu vesileyle t\u00fcm \u015fehitlerimizi, gazilerimizi rahmetle, minnetle an\u0131yoruz.&#8221;<\/p>\n<p style=\"text-align: justify;\"><strong>Z\u0130YARETTEN SONRA TOPLANTI<\/strong><\/p>\n<p style=\"text-align: justify;\">\u015eura&#8217;n\u0131n ola\u011fan toplant\u0131s\u0131, \u00c7akmak Salonu&#8217;nda saat 10.45&#8217;te ba\u015flad\u0131. Toplant\u0131ya, Ba\u015fbakan Erdo\u011fan&#8217;\u0131n yan\u0131 s\u0131ra, Genelkurmay Ba\u015fkan\u0131 Orgeneral \u00d6zel, Milli Savunma Bakan\u0131 \u0130smet Y\u0131lmaz, Kara Kuvvetleri Komutan\u0131 Orgeneral Hayri K\u0131vr\u0131ko\u011flu, Deniz Kuvvetleri Komutan\u0131 Oramiral Emin Murat Bilgel, Hava Kuvvetleri Komutan\u0131 Orgeneral Mehmet Erten, Jandarma Genel Komutan\u0131 Orgeneral Bekir Kalyoncu, 1. Ordu Komutan\u0131 Orgeneral Yal\u00e7\u0131n Ataman, 2&#8217;nci Ordu Komutan\u0131 Orgeneral Servet Y\u00f6r\u00fck, 3. Ordu Komutan\u0131 Orgeneral Ahmet Turmu\u015f, Ege Ordu Komutan\u0131 Orgeneral Abdullah Atay, Genelkurmay 2. Ba\u015fkan\u0131 Orgeneral Hulusi Akar, Donanma Komutan\u0131 Oramiral Nusret G\u00fcner, Harp Akademileri Komutan\u0131 Orgeneral Aslan G\u00fcner kat\u0131ld\u0131.<\/p>\n<p style=\"text-align: justify;\"><strong>YA\u015e&#8217;TA B\u0130R \u0130LK<\/strong><\/p>\n<p style=\"text-align: justify;\">Y\u00fcksek Askeri \u015eura toplant\u0131s\u0131n\u0131n g\u00fcndemini, ba\u015fta personel, e\u011fitim, disiplin konular\u0131 olmak \u00fczere T\u00fcrk Silahl\u0131 Kuvvetlerinin planl\u0131 faaliyetleri olu\u015fturuyor. Ba\u015fbakan Erdo\u011fan&#8217;\u0131n masan\u0131n ba\u015f\u0131nda tek ba\u015f\u0131na oturdu\u011fu toplant\u0131 \u00f6ncesinde, bas\u0131n mensuplar\u0131n\u0131n k\u0131sa s\u00fcreli g\u00f6r\u00fcnt\u00fc almalar\u0131na izin verildi.<\/p>\n<p style=\"text-align: justify;\"><strong>G\u00dcL&#8217;DEN YA\u015e \u00dcYELER\u0130NE \u00d6\u011eLE YEME\u011e\u0130<\/strong><\/p>\n<p style=\"text-align: justify;\">Cumhurba\u015fkan\u0131 Abdullah G\u00fcl, Y\u00fcksek Askeri \u015eura (YA\u015e) \u00fcyelerine \u00f6\u011fle yeme\u011fi verdi. \u00c7ankaya K\u00f6\u015fk\u00fc&#8217;ndeki bas\u0131na kapal\u0131 yemek i\u00e7in Ba\u015fbakan Recep Tayyip Erdo\u011fan ve di\u011fer \u015fura \u00fcyeleri saat 12.15&#8217;te \u00c7ankaya K\u00f6\u015fk\u00fc&#8217;ne geldiler.<\/p>\n<p style=\"text-align: justify;\">Bir saat 15 dakika s\u00fcren yeme\u011fin sonunda \u00fcyeler k\u00f6\u015fkten ayr\u0131l\u0131rken Ba\u015fbakanl\u0131\u011fa ait iki koruma arac\u0131 k\u00f6\u015fk\u00fcn 1 No&#8217;lu kap\u0131s\u0131nda \u00e7arp\u0131\u015ft\u0131. Ara\u00e7larda maddi hasar meydana geldi.<\/p>\n<p style=\"text-align: justify;\"><strong>YA\u015e TOPLANTISI SONA ERD\u0130<\/strong><\/p>\n<p style=\"text-align: justify;\">Ba\u015fbakan Erdo\u011fan ba\u015fkanl\u0131\u011f\u0131nda Genelkurmay Ba\u015fkanl\u0131\u011f\u0131 Karargah\u0131&#8217;nda yap\u0131lan Y\u00fcksek Askeri \u015eura (YA\u015e) toplant\u0131s\u0131 sona erdi. Genelkurmay Ba\u015fkanl\u0131\u011f\u0131 \u00c7akmak Salonu&#8217;nda sabah saatlerinde ba\u015flayan ola\u011fan toplant\u0131ya \u00f6\u011fle verilen aran\u0131n ard\u0131ndan devam edildi.<\/p>\n<p style=\"text-align: justify;\">Toplant\u0131da, ba\u015fta T\u00fcrk Silahl\u0131 Kuvvetleri&#8217;nin personel, e\u011fitim, disiplin konular\u0131 olmak \u00fczere planl\u0131 faaliyetleriyle ilgili de\u011ferlendirmelerde bulunuldu. Toplant\u0131n\u0131n sona ermesinin ard\u0131ndan Ba\u015fbakan Erdo\u011fan, Genelkurmay Ba\u015fkanl\u0131\u011f\u0131 Karargah\u0131&#8217;ndan ayr\u0131ld\u0131.<\/p>\n<p style=\"text-align: justify;\"><strong>GENELKURMAY&#8217;DAN A\u00c7IKLAMA<\/strong><\/p>\n<p style=\"text-align: justify;\">Ba\u015fbakan Recep Tayyip Erdo\u011fan ba\u015fkanl\u0131\u011f\u0131nda yap\u0131lan YA\u015e toplant\u0131s\u0131 ile ilgili resmi a\u00e7\u0131klama yap\u0131ld\u0131. \u0130\u015fte detaylar:<\/p>\n<p style=\"text-align: justify;\">Y\u00fcksek Askeri \u015eura toplant\u0131s\u0131n\u0131n g\u00fcndemini, ba\u015fta personel, e\u011fitim, disiplin konular\u0131 olmak \u00fczere T\u00fcrk Silahl\u0131 Kuvvetlerinin planl\u0131 faaliyetleri olu\u015fturdu. Ba\u015fbakan Erdo\u011fan&#8217;\u0131n masan\u0131n ba\u015f\u0131nda tek ba\u015f\u0131na oturdu\u011fu toplant\u0131 \u00f6ncesinde, bas\u0131n mensuplar\u0131n\u0131n k\u0131sa s\u00fcreli g\u00f6r\u00fcnt\u00fc almalar\u0131na izin verildi. Toplant\u0131n\u0131n sona ermesinin ard\u0131ndan Ba\u015fbakan Erdo\u011fan, Genelkurmay Ba\u015fkanl\u0131\u011f\u0131 Kararg\u00e2h\u0131\u2019ndan ayr\u0131ld\u0131.<\/p>\n<p style=\"text-align: justify;\">Y\u00fcksek Askeri \u015eura\u2019n\u0131n ard\u0131ndan yap\u0131lan a\u00e7\u0131klama ise \u015f\u00f6yle:<\/p>\n<p style=\"text-align: justify;\">1. Y\u00fcksek Asker\u00ee \u015e\u00fbra Ola\u011fan Toplant\u0131s\u0131, 15 Aral\u0131k 2011 tarihinde, Ba\u015fbakan Recep Tayyip ERDO\u011eAN ba\u015fkanl\u0131\u011f\u0131nda, Genelkurmay Ba\u015fkanl\u0131\u011f\u0131 Kararg\u00e2h\u0131nda yap\u0131lm\u0131\u015ft\u0131r.<\/p>\n<p style=\"text-align: justify;\">2. Toplant\u0131da;<\/p>\n<p style=\"text-align: justify;\">a. \u0130\u00e7 g\u00fcvenlik harek\u00e2t\u0131 ve hudut g\u00fcvenli\u011fine y\u00f6nelik T\u00fcrk Silahl\u0131 Kuvvetlerinin icra etti\u011fi faaliyetler g\u00f6r\u00fc\u015f\u00fclm\u00fc\u015f,<\/p>\n<p style=\"text-align: justify;\">b. T\u00fcrk Silahl\u0131 Kuvvetlerinin harbe haz\u0131rl\u0131k durumu incelenerek, bu kapsamda ortaya \u00e7\u0131kan ihtiya\u00e7lar ile bu ihtiya\u00e7lar\u0131 kar\u015f\u0131lamak i\u00e7in al\u0131nan tedbirler de\u011ferlendirilmi\u015ftir.<\/p>\n<p style=\"text-align: justify;\">Kamuoyuna sayg\u0131 ile duyurulur.<\/p>\n<p style=\"text-align: justify;\"><a href=\"http:\/\/www.gazeteport.com.tr\/haber\/68420\/basbakan_quotyasquotta\" target=\"_blank\">Kaynak : GAZETEPORT<\/a><\/p>\n","protected":false},"excerpt":{"rendered":"<p style=\"text-align: center;\">\n<p style=\"text-align: justify;\">Y\u00fcksek Askeri \u015eura, Ba\u015fbakan Erdo\u011fan ba\u015fkanl\u0131\u011f\u0131nda topland\u0131 ve i\u00e7 g\u00fcvenlik ile T\u00fcrk Silahl\u0131 Kuvvetleri&#8217;nin harbe haz\u0131rl\u0131k durumunu ele ald\u0131.<\/p>\n<p style=\"text-align: justify;\">ANKARA- Ba\u015fbakan Erdo\u011fan, Aslanl\u0131 Yol&#8217;un ba\u015f\u0131nda komutanlar taraf\u0131ndan kar\u015f\u0131land\u0131. \u015eura \u00fcyeleri, Ba\u015fbakan Erdo\u011fan&#8217;\u0131n ba\u015fkanl\u0131\u011f\u0131nda, \u00fczerinde &#8221;YA\u015e \u00fcyeleri&#8221; yazan k\u0131rm\u0131z\u0131 ve beyaz karanfillerden olu\u015fan \u00e7elenk e\u015fli\u011finde, Aslanl\u0131 Yol&#8217;dan y\u00fcr\u00fcd\u00fc. Erdo\u011fan&#8217;\u0131n, <\/p>\n","protected":false},"author":1,"featured_media":0,"comment_status":"open","ping_status":"open","sticky":false,"template":"","format":"standard","meta":{"footnotes":""},"categories":[105],"tags":[],"class_list":["post-44195","post","type-post","status-publish","format-standard","hentry","category-gundem","odd"],"_links":{"self":[{"href":"http:\/\/www.korhanyilmaz.com\/index.php?rest_route=\/wp\/v2\/posts\/44195","targetHints":{"allow":["GET"]}}],"collection":[{"href":"http:\/\/www.korhanyilmaz.com\/index.php?rest_route=\/wp\/v2\/posts"}],"about":[{"href":"http:\/\/www.korhanyilmaz.com\/index.php?rest_route=\/wp\/v2\/types\/post"}],"author":[{"embeddable":true,"href":"http:\/\/www.korhanyilmaz.com\/index.php?rest_route=\/wp\/v2\/users\/1"}],"replies":[{"embeddable":true,"href":"http:\/\/www.korhanyilmaz.com\/index.php?rest_route=%2Fwp%2Fv2%2Fcomments&post=44195"}],"version-history":[{"count":0,"href":"http:\/\/www.korhanyilmaz.com\/index.php?rest_route=\/wp\/v2\/posts\/44195\/revisions"}],"wp:attachment":[{"href":"http:\/\/www.korhanyilmaz.com\/index.php?rest_route=%2Fwp%2Fv2%2Fmedia&parent=44195"}],"wp:term":[{"taxonomy":"category","embeddable":true,"href":"http:\/\/www.korhanyilmaz.com\/index.php?rest_route=%2Fwp%2Fv2%2Fcategories&post=44195"},{"taxonomy":"post_tag","embeddable":true,"href":"http:\/\/www.korhanyilmaz.com\/index.php?rest_route=%2Fwp%2Fv2%2Ftags&post=44195"}],"curies":[{"name":"wp","href":"https:\/\/api.w.org\/{rel}","templated":true}]}}