{"id":44190,"date":"2011-12-12T22:36:58","date_gmt":"2011-12-12T20:36:58","guid":{"rendered":"http:\/\/www.korhanyilmaz.com\/?p=44190"},"modified":"2011-12-15T21:41:01","modified_gmt":"2011-12-15T19:41:01","slug":"erdogan-kemoterapi-gorecek","status":"publish","type":"post","link":"http:\/\/www.korhanyilmaz.com\/?p=44190","title":{"rendered":"Erdo\u011fan kemoterapi g\u00f6recek"},"content":{"rendered":"<p style=\"text-align: center;\"><a href=\"http:\/\/www.korhanyilmaz.com\/wp-content\/uploads\/2011\/12\/8603.jpg\"  class=\"lightview\"><img loading=\"lazy\" decoding=\"async\" class=\"aligncenter  wp-image-44191\" src=\"http:\/\/www.korhanyilmaz.com\/wp-content\/uploads\/2011\/12\/8603.jpg\" alt=\"\" width=\"321\" height=\"189\" \/><\/a><\/p>\n<p style=\"text-align: justify;\">Ba\u015fbakan\u2019dan al\u0131nan poliplerin iyi huylu oldu\u011fu a\u00e7\u0131klanmas\u0131na ra\u011fmen, \u00f6zel olarak ithal edilen \u00a0cihazla kanser tedavisi s\u00fcrecek.<\/p>\n<p style=\"text-align: justify;\">\u0130stanbul\u2019da 26 Kas\u0131m\u2019da ameliyat olan Ba\u015fbakan Erdo\u011fan\u2019\u0131n tedavisine Ankara\u2019da devam edilecek. D\u00fc\u015f\u00fck yo\u011funlukta kemoterapi uygulanaca\u011f\u0131 \u00f6ne s\u00fcr\u00fclen Erdo\u011fan, doktor olarak da kendisine arkada\u015f\u0131 ve d\u00fcnyaca \u00fcnl\u00fc bir kanser uzman\u0131 olan Prof. Dr \u015euayib Yal\u00e7\u0131n\u2019\u0131 se\u00e7ti.<!--more--><\/p>\n<p style=\"text-align: justify;\">Ba\u015fbakan\u2019a d\u00fc\u015f\u00fck dozda kemoterapi uygulamak i\u00e7in yurt d\u0131\u015f\u0131ndan \u00f6zel bir cihaz getirildi. Tedavi i\u00e7in hastaneye yatmas\u0131 gerekmeyecek Erdo\u011fan\u2019a Hacettepe\u2019de \u00f6zel oda ayr\u0131ld\u0131. Yeni tedavinin gerek\u00e7esi ise \u201cpoliplerin yeniden olu\u015fmas\u0131n\u0131 \u00f6nlemek\u201d \u015feklinde a\u00e7\u0131kland\u0131.<\/p>\n<p style=\"text-align: justify;\"><strong>Erdo\u011fan\u2019\u0131n sa\u011fl\u0131\u011f\u0131 arkada\u015f\u0131na emanet<\/strong><\/p>\n<p style=\"text-align: justify;\">Ba\u015fbakan\u2019a Hacettepe Onkoloji Hastanesi\u2019nde \u015euayib Yal\u00e7\u0131n taraf\u0131ndan d\u00fc\u015f\u00fck yo\u011funlukta kemoterapi uygulanaca\u011f\u0131 iddia ediliyor.<\/p>\n<p style=\"text-align: justify;\">Ba\u015fbakan Recep Tayyip Erdo\u011fan, tedavisine Ankara\u2019da devam etme karar\u0131 ald\u0131. D\u00fc\u015f\u00fck yo\u011funlukta kemoterapi uygulamas\u0131 yap\u0131laca\u011f\u0131 \u00f6ne s\u00fcr\u00fclen Erdo\u011fan, doktor olarak da kendisine arkada\u015f\u0131 ve d\u00fcnyaca \u00fcnl\u00fc kanser uzman\u0131 Hacettepe Onkoloji Hastanesi Ba\u015fhekimi ve Onkoloji Enstit\u00fcs\u00fc Medikal Onkoloji Bilim Dal\u0131 Ba\u015fkanl\u0131\u011f\u0131 g\u00f6revini y\u00fcr\u00fcten Prof.Dr \u015euayib Yal\u00e7\u0131n\u2019\u0131 se\u00e7ti.<\/p>\n<p style=\"text-align: justify;\"><strong>Cihaz ithal edildi<\/strong><\/p>\n<p style=\"text-align: justify;\">Tedavi i\u00e7in hastaneye yatmas\u0131 gerekmeyen Erdo\u011fan\u2019a Onkoloji Hastanesinde bir oda ayr\u0131ld\u0131. Yal\u00e7\u0131n\u2019\u0131n ba\u015fkanl\u0131\u011f\u0131nda konusunda uzman hekimlerin kontrol\u00fcnde d\u00fc\u015f\u00fck oranl\u0131 kemoterapi uygulamas\u0131na ba\u015flanacak Erdo\u011fan\u2019\u0131n bu hastaneyi tercih etmesinde \u015euayib Yal\u00e7\u0131n kadar daha \u00f6nce yurtd\u0131\u015f\u0131ndan ithal edilen bir cihaz\u0131n bulunmas\u0131n\u0131n etkili oldu\u011fu \u00f6\u011frenildi. Hekimlerin Erdo\u011fan\u2019\u0131n ba\u011f\u0131rsaklar\u0131ndan al\u0131nan 23 santimlik par\u00e7a \u00fczerindeki poliplerin tekrar olmas\u0131n\u0131 \u00f6nlemek i\u00e7in tedaviyi s\u00fcrd\u00fcrecekleri kaydedildi.<\/p>\n<p style=\"text-align: justify;\"><strong>Krizi y\u00f6netemedik<\/strong><\/p>\n<p style=\"text-align: justify;\">Bu arada Ba\u015fbakan Erdo\u011fan\u2019\u0131n gizlice hastaneye yatarak ameliyat olmas\u0131 da s\u0131k\u0131nt\u0131 yaratt\u0131. Ameliyattan \u00fc\u00e7 g\u00fcn sonra a\u00e7\u0131klama yap\u0131lmas\u0131 spek\u00fclasyonlar\u0131 art\u0131r\u0131rken Erdo\u011fan\u2019\u0131n da ameliyat\u0131n\u0131n kamuoyuna a\u00e7\u0131klanmamas\u0131ndan dolay\u0131 sitemkar konu\u015ftu\u011fu ifade edildi. Erdo\u011fan\u2019\u0131n kurmaylar\u0131n\u0131n da krizi iyi y\u00f6netemedikleri konusunda ayn\u0131 d\u00fc\u015f\u00fcncede olduklar\u0131 kaydedildi. \u00d6te yandan, 26 Kas\u0131m\u2019daki ameliyat\u0131n ard\u0131ndan Ba\u015fbakan Erdo\u011fan, K\u0131s\u0131kl\u0131\u2019da evinde dinleniyor. Ba\u015fbakan Erdo\u011fan\u2019\u0131n bug\u00fcn T\u00fcrkiye\u2019ye bir ziyaret ger\u00e7ekle\u015ftiren Romanya Devlet Ba\u015fkan\u0131 Traian Basescu ile \u0130stanbul\u2019da g\u00f6r\u00fc\u015fece\u011fi kaydedildi. Erdo\u011fan\u2019\u0131n ayr\u0131ca, per\u015fembe g\u00fcn\u00fc Y\u00fcksek Askeri \u015eura, cuma g\u00fcn\u00fc de Bakanlar Kurulu toplant\u0131lar\u0131na kat\u0131laca\u011f\u0131 bildirildi.<\/p>\n<p style=\"text-align: justify;\"><strong>\u015euayib Yal\u00e7\u0131n kimdir?<\/strong><\/p>\n<p style=\"text-align: justify;\">Prof. Dr. \u015euayib Yal\u00e7\u0131n, kanser \u00fczerine uzman olarak biliniyor. Halen Hacettepe \u00dcniversitesi Onkoloji Hastanesi Ba\u015fhekimli\u011fi\u2019ni ve T\u0131bbi Onkoloji Derne\u011fi Ba\u015fkanl\u0131\u011f\u0131\u2019n\u0131 y\u00fcr\u00fcten Yal\u00e7\u0131n, 1999-2000 y\u0131llar\u0131 aras\u0131nda ABD\u2019de M. D. Anderson Kanser Merkezi\u2019nde sindirim sistemi kanserleri konusunda \u00e7al\u0131\u015fmalarda bulundu. Hacettepe \u00dcniversitesi Bilim Te\u015fvik \u00d6d\u00fcl\u00fc, Bedii Gorbon En \u0130yi \u00c7al\u0131\u015fma \u00d6d\u00fcl\u00fc ve T\u0131bbi Onkoloji En iyi \u00e7al\u0131\u015fma \u00f6d\u00fcl\u00fc kazand\u0131. \u015euayib Yal\u00e7\u0131n, h\u0131zl\u0131 yemek yemenin kanser riskini art\u0131rd\u0131\u011f\u0131na ili\u015fkin yapt\u0131\u011f\u0131 a\u00e7\u0131klama ile dikkat \u00e7ekmi\u015fti. Yal\u00e7\u0131n\u2019a g\u00f6re, ye\u015fil yaprakl\u0131 sebzeler, so\u011fan ve sar\u0131msa\u011f\u0131n g\u00fcnde bir kez t\u00fcketilmesi, mide kanseri riskini azalt\u0131yor. Yal\u00e7\u0131n, mide kanserinden korunmak i\u00e7in, tur\u015fu, salamura yiyecekler ve haz\u0131r \u00e7orba gibi \u00e7ok miktarda tuz i\u00e7eren yiyeceklerden uzak durulmas\u0131n\u0131, peynir gibi \u00e7ok tuzlu yiyeceklerin tuzsuzlar\u0131n\u0131n tercih edilmesi gerekti\u011fini s\u00f6yl\u00fcyor.<\/p>\n<p style=\"text-align: justify;\"><a href=\"http:\/\/www.yg.yenicaggazetesi.com.tr\/habergoster.php?haber=60345\" target=\"_blank\">Kaynak :\u00a0Necdet PEKMEZC\u0130 &#8211; Yeni\u00e7a\u011f Gazetesi<\/a><\/p>\n","protected":false},"excerpt":{"rendered":"<p style=\"text-align: center;\">\n<p style=\"text-align: justify;\">Ba\u015fbakan\u2019dan al\u0131nan poliplerin iyi huylu oldu\u011fu a\u00e7\u0131klanmas\u0131na ra\u011fmen, \u00f6zel olarak ithal edilen cihazla kanser tedavisi s\u00fcrecek.<\/p>\n<p style=\"text-align: justify;\">\u0130stanbul\u2019da 26 Kas\u0131m\u2019da ameliyat olan Ba\u015fbakan Erdo\u011fan\u2019\u0131n tedavisine Ankara\u2019da devam edilecek. D\u00fc\u015f\u00fck yo\u011funlukta kemoterapi uygulanaca\u011f\u0131 \u00f6ne s\u00fcr\u00fclen Erdo\u011fan, doktor olarak da kendisine arkada\u015f\u0131 ve d\u00fcnyaca \u00fcnl\u00fc bir kanser uzman\u0131 olan Prof. Dr <\/p>\n","protected":false},"author":1,"featured_media":0,"comment_status":"open","ping_status":"open","sticky":false,"template":"","format":"standard","meta":{"footnotes":""},"categories":[105],"tags":[12],"class_list":["post-44190","post","type-post","status-publish","format-standard","hentry","category-gundem","tag-recep-tayyip-erdogan","odd"],"_links":{"self":[{"href":"http:\/\/www.korhanyilmaz.com\/index.php?rest_route=\/wp\/v2\/posts\/44190","targetHints":{"allow":["GET"]}}],"collection":[{"href":"http:\/\/www.korhanyilmaz.com\/index.php?rest_route=\/wp\/v2\/posts"}],"about":[{"href":"http:\/\/www.korhanyilmaz.com\/index.php?rest_route=\/wp\/v2\/types\/post"}],"author":[{"embeddable":true,"href":"http:\/\/www.korhanyilmaz.com\/index.php?rest_route=\/wp\/v2\/users\/1"}],"replies":[{"embeddable":true,"href":"http:\/\/www.korhanyilmaz.com\/index.php?rest_route=%2Fwp%2Fv2%2Fcomments&post=44190"}],"version-history":[{"count":0,"href":"http:\/\/www.korhanyilmaz.com\/index.php?rest_route=\/wp\/v2\/posts\/44190\/revisions"}],"wp:attachment":[{"href":"http:\/\/www.korhanyilmaz.com\/index.php?rest_route=%2Fwp%2Fv2%2Fmedia&parent=44190"}],"wp:term":[{"taxonomy":"category","embeddable":true,"href":"http:\/\/www.korhanyilmaz.com\/index.php?rest_route=%2Fwp%2Fv2%2Fcategories&post=44190"},{"taxonomy":"post_tag","embeddable":true,"href":"http:\/\/www.korhanyilmaz.com\/index.php?rest_route=%2Fwp%2Fv2%2Ftags&post=44190"}],"curies":[{"name":"wp","href":"https:\/\/api.w.org\/{rel}","templated":true}]}}