{"id":4417,"date":"2009-03-02T09:39:59","date_gmt":"2009-03-02T07:39:59","guid":{"rendered":"http:\/\/www.korhanyilmaz.com\/?p=4417"},"modified":"2009-03-02T09:39:59","modified_gmt":"2009-03-02T07:39:59","slug":"goc-yolunu-uluslararasi-koruma-ile-asacaklar","status":"publish","type":"post","link":"http:\/\/www.korhanyilmaz.com\/?p=4417","title":{"rendered":"G\u00f6\u00e7 yolunu, uluslararas\u0131 koruma ile a\u015facaklar"},"content":{"rendered":"<p style=\"text-align: center;\"><a href=\"http:\/\/www.korhanyilmaz.com\/wp-content\/uploads\/2009\/03\/20090302085837_kelaynak.jpg\"  class=\"lightview\"><img loading=\"lazy\" decoding=\"async\" class=\"size-full wp-image-4418 aligncenter\" title=\"Kelaynak \" src=\"http:\/\/www.korhanyilmaz.com\/wp-content\/uploads\/2009\/03\/20090302085837_kelaynak.jpg\" alt=\"Kelaynak \" width=\"287\" height=\"238\" \/><\/a><br \/>\n<strong>G\u00f6\u00e7 yolunu, uluslararas\u0131 koruma ile a\u015facaklar.<\/strong>\n<\/p>\n<p style=\"text-align: justify;\">\u015eanl\u0131urfa&#8217;n\u0131n Birecik il\u00e7esinde koruma alt\u0131na al\u0131nan kelaynaklar\u0131n g\u00f6\u00e7\u00fc bu y\u0131l uluslararas\u0131 koruma e\u015fli\u011finde ger\u00e7ekle\u015ftirilecek.<\/p>\n<p style=\"text-align: justify;\">Nesli t\u00fckenme tehlikesiyle kar\u015f\u0131 kar\u015f\u0131ya oldu\u011fu i\u00e7in yer de\u011fi\u015ftirmelerine izin verilmeyen ku\u015flar, daha \u00f6nce kontrol alt\u0131nda 2 kez g\u00f6\u00e7 etmi\u015f ancak \u015fartlara uyum g\u00f6steremeyerek telef olmu\u015ftu.<\/p>\n<p style=\"text-align: justify;\">T\u00fcrkiye&#8217;de sadece Birecik&#8217;te ya\u015fayabilen kelaynak neslinin devam\u0131n\u0131 sa\u011flamak i\u00e7in 3. defa g\u00f6\u00e7 yolculu\u011fu yapt\u0131r\u0131lacak. 16 y\u0131l boyunca g\u00f6\u00e7lerine izin verilmeyen ku\u015flardan 5&#8217;i ilk kez 2 y\u0131l \u00f6nce yola \u00e7\u0131km\u0131\u015f ancak \u0130srail yak\u0131nlar\u0131nda \u00f6l\u00fc bulunmu\u015ftu. Ge\u00e7en y\u0131l giden 1&#8217;i yavru iki kelaynak ise \u00dcrd\u00fcn&#8217;de zirai ila\u00e7lardan zehirlenmi\u015fti.<!--more--><\/p>\n<p style=\"text-align: justify;\">Kelaynaklar\u0131n ba\u015far\u0131yla yerlerine ula\u015fmas\u0131 amac\u0131yla bu y\u0131l uluslararas\u0131 koruma y\u00f6ntemi geli\u015ftirdiklerini belirten Do\u011fa Derne\u011fi \u015eanl\u0131urfa B\u00f6lge Sorumlusu Turan \u00c7etin, g\u00fczerg\u00e2h \u00fczerindeki \u00fclke yetkilileriyle ileti\u015fim halinde olacaklar\u0131n\u0131 bildirdi. Tecr\u00fcbeleri do\u011frultusunda g\u00f6\u00e7 yolundaki iklim de\u011fi\u015fikli\u011fi ve tehlikeler hakk\u0131nda bilgi sahibi olduklar\u0131n\u0131 anlatan \u00c7etin, \u015funlar\u0131 s\u00f6yledi: &#8220;2 y\u0131l \u00f6nce s\u0131rtlar\u0131na GPRS (uydu takip cihaz\u0131) tak\u0131lan ku\u015flar\u0131 izledik. Bir noktada hareketsiz kald\u0131lar. Suriye&#8217;deki Do\u011fa Derne\u011fi yetkililerini aray\u0131p yerlerini s\u00f6yledi\u011fimiz ku\u015flardaki cihazlar\u0131 kontrol etmelerini istedik. Bu y\u0131l daha farkl\u0131 bir \u00e7al\u0131\u015fma yapaca\u011f\u0131z. 2 veya 3 ku\u015fu tekrar g\u00f6\u00e7e g\u00f6nderece\u011fiz. Art\u0131k g\u00f6\u00e7 rotas\u0131n\u0131 \u00f6\u011frendik. \u015eimdi &#8216;t\u00fcr\u00fc daha iyi nas\u0131l koruyabiliriz&#8217;in \u00e7al\u0131\u015fmalar\u0131n\u0131 yap\u0131yoruz.&#8221; \u015eu anda Birecik&#8217;teki \u00fcretme istasyonu&#8217;nda kafeslerde tutulan ve say\u0131lar\u0131 100 civar\u0131nda olan kelaynaklar, bu ay i\u00e7erisinde do\u011fal ortama b\u0131rak\u0131lacak. A\u011fustos ay\u0131na kadar \u00fcreme ve di\u011fer faaliyetleri teleskop yard\u0131m\u0131yla g\u00f6zlemlenecek. Daha sonra tekrar kafeslere al\u0131nacak kelaynaklar\u0131n 6 ayl\u0131k s\u00fcre\u00e7te ya\u015fad\u0131klar\u0131 geli\u015fmeler Do\u011fa Derne\u011fi yetkililerince analiz edilecek.<\/p>\n","protected":false},"excerpt":{"rendered":"<p style=\"text-align: center;\"> G\u00f6\u00e7 yolunu, uluslararas\u0131 koruma ile a\u015facaklar. <\/p>\n<p style=\"text-align: justify;\">\u015eanl\u0131urfa&#8217;n\u0131n Birecik il\u00e7esinde koruma alt\u0131na al\u0131nan kelaynaklar\u0131n g\u00f6\u00e7\u00fc bu y\u0131l uluslararas\u0131 koruma e\u015fli\u011finde ger\u00e7ekle\u015ftirilecek.<\/p>\n<p style=\"text-align: justify;\">Nesli t\u00fckenme tehlikesiyle kar\u015f\u0131 kar\u015f\u0131ya oldu\u011fu i\u00e7in yer de\u011fi\u015ftirmelerine izin verilmeyen ku\u015flar, daha \u00f6nce kontrol alt\u0131nda 2 kez g\u00f6\u00e7 etmi\u015f ancak \u015fartlara uyum g\u00f6steremeyerek telef olmu\u015ftu.<\/p>\n<p  \n\n","protected":false},"author":1,"featured_media":0,"comment_status":"open","ping_status":"closed","sticky":false,"template":"","format":"standard","meta":{"footnotes":""},"categories":[105],"tags":[],"class_list":["post-4417","post","type-post","status-publish","format-standard","hentry","category-gundem","odd"],"_links":{"self":[{"href":"http:\/\/www.korhanyilmaz.com\/index.php?rest_route=\/wp\/v2\/posts\/4417","targetHints":{"allow":["GET"]}}],"collection":[{"href":"http:\/\/www.korhanyilmaz.com\/index.php?rest_route=\/wp\/v2\/posts"}],"about":[{"href":"http:\/\/www.korhanyilmaz.com\/index.php?rest_route=\/wp\/v2\/types\/post"}],"author":[{"embeddable":true,"href":"http:\/\/www.korhanyilmaz.com\/index.php?rest_route=\/wp\/v2\/users\/1"}],"replies":[{"embeddable":true,"href":"http:\/\/www.korhanyilmaz.com\/index.php?rest_route=%2Fwp%2Fv2%2Fcomments&post=4417"}],"version-history":[{"count":0,"href":"http:\/\/www.korhanyilmaz.com\/index.php?rest_route=\/wp\/v2\/posts\/4417\/revisions"}],"wp:attachment":[{"href":"http:\/\/www.korhanyilmaz.com\/index.php?rest_route=%2Fwp%2Fv2%2Fmedia&parent=4417"}],"wp:term":[{"taxonomy":"category","embeddable":true,"href":"http:\/\/www.korhanyilmaz.com\/index.php?rest_route=%2Fwp%2Fv2%2Fcategories&post=4417"},{"taxonomy":"post_tag","embeddable":true,"href":"http:\/\/www.korhanyilmaz.com\/index.php?rest_route=%2Fwp%2Fv2%2Ftags&post=4417"}],"curies":[{"name":"wp","href":"https:\/\/api.w.org\/{rel}","templated":true}]}}