{"id":44156,"date":"2011-12-14T17:56:42","date_gmt":"2011-12-14T15:56:42","guid":{"rendered":"http:\/\/www.korhanyilmaz.com\/?p=44156"},"modified":"2011-12-15T00:47:29","modified_gmt":"2011-12-14T22:47:29","slug":"kisanak-mecliste-cete-ve-hirsizlar-var","status":"publish","type":"post","link":"http:\/\/www.korhanyilmaz.com\/?p=44156","title":{"rendered":"K\u0131\u015fanak: &#8220;Meclis&#8217;te \u00e7ete ve h\u0131rs\u0131zlar var&#8221;"},"content":{"rendered":"<p style=\"text-align: justify;\"><a href=\"http:\/\/www.korhanyilmaz.com\/wp-content\/uploads\/2011\/12\/8055.jpg\"  class=\"lightview\"><img loading=\"lazy\" decoding=\"async\" class=\"aligncenter size-full wp-image-44157\" title=\"\" src=\"http:\/\/www.korhanyilmaz.com\/wp-content\/uploads\/2011\/12\/8055.jpg\" alt=\"\" width=\"292\" height=\"201\" \/><\/a><\/p>\n<p style=\"text-align: justify;\">BDP E\u015fba\u015fkan Yard\u0131mc\u0131s\u0131 G\u00fcltan K\u0131\u015fanak, tutukluluk s\u00fcrelerinin k\u0131salt\u0131lmas\u0131na kar\u015f\u0131 \u00e7\u0131kan AK Parti&#8217;yi, &#8220;E\u011fer vekiller \u00e7\u0131karsa, h\u0131rs\u0131zlar da \u00e7eteler de \u00e7\u0131kar&#8217; diyor. Oysa Meclis&#8217;te \u00e7ete ve h\u0131rs\u0131zlar var. Bu halk\u0131n temsilcilerini Meclis&#8217;e sokmak istemiyorlar&#8221; diyerek ele\u015ftirdi.\u00a0<!--more--><\/p>\n<p style=\"text-align: justify;\">BDP&#8217;nin, Batman&#8217;da, &#8220;Buraday\u0131m. \u0130rademe sahip \u00e7\u0131k\u0131yorum&#8221; slogan\u0131yla Turgut \u00d6zal Bulvar\u0131 Bas\u0131n Kav\u015fa\u011f\u0131&#8217;nda d\u00fczenledi\u011fi mitinge BDP Genel Ba\u015fkan Yard\u0131mc\u0131s\u0131 G\u00fcltan K\u0131\u015fanak, milletvekilleri Ahmet T\u00fcrk, S\u0131rr\u0131 S\u00fcreyya \u00d6nder, Ayla Akat Ata ile yakla\u015f\u0131k 20 bin ki\u015fi kat\u0131ld\u0131.<\/p>\n<p style=\"text-align: justify;\">Polisin s\u0131k\u0131 g\u00fcvenlik ald\u0131\u011f\u0131 mitingde &#8220;Bask\u0131lara boyun e\u011fmeyece\u011fiz, irademizi k\u0131ramazs\u0131n\u0131z&#8221; yaz\u0131l\u0131 pankart a\u00e7\u0131ld\u0131. Mitingde ilk konu\u015fmay\u0131 yapan \u0130stanbul Milletvekili S\u0131rr\u0131 S\u00fcreyya \u00d6nder, K\u00fcrt\u00e7e konu\u015ftu. \u00d6nder, &#8220;Siz de buradas\u0131n\u0131z, biz de. Ba\u015fta Batman Cezaevi olmak \u00fczere di\u011fer illerdeki zindanlarda olan yolda\u015flar\u0131ma &#8216;merhaba&#8217; diyorum. Arap Bahar\u0131 diye Ortado\u011fu&#8217;yu k\u0131\u015fa \u00e7evirdiler. Bizim k\u0131\u015f\u0131 nas\u0131l ge\u00e7irdi\u011fimizi i\u015fte bu meydanlar g\u00f6steriyor. Bizler yan yanay\u0131z, meydanlarday\u0131z. Onlar da her \u015fey var. Paralar\u0131 var, gazeteleri var, var da var. Ama i\u015fte bu meydandaki halk onlarda yok. Bunlar parti de\u011fil, \u015firkettir. Bunlardan 300 ki\u015fi d\u00fc\u015f\u00fcrseniz tepe taklak d\u00fc\u015ferler. Onlar bu halk\u0131 susturamazlar. 9 bin ki\u015fi de i\u00e7eriye alsalar bu halk\u0131 y\u0131ld\u0131ramayacaklar. Bar\u0131\u015f, \u00f6zg\u00fcrl\u00fck ve e\u015fitlik gelene dek biz bu halk\u0131n yan\u0131nda olaca\u011f\u0131z. Onun \u015ferefini aya\u011fa d\u00fc\u015f\u00fcrmeyece\u011fiz. And olsun, \u015fad olsun&#8221; diye konu\u015ftu.<\/p>\n<p style=\"text-align: justify;\">Batman Milletvekili Ayla Akat Ata ise KCK&#8217;dan tutuklananlara selam g\u00f6nderdiklerini ifade ederek, &#8220;Kulaklar\u0131 duymayan ve g\u00f6zleri g\u00f6rmeyenlere bu meydan \u00e7ok \u015fey s\u00f6yl\u00fcyor&#8221; dedi.<\/p>\n<p style=\"text-align: justify;\">BDP Genel Ba\u015fkan Yard\u0131mc\u0131s\u0131 G\u00fcltan K\u0131\u015fanak, T\u00fcrk\u00e7e, &#8220;Ben buraday\u0131m&#8221; anlam\u0131na gelen K\u00fcrt\u00e7e, &#8220;Ez livirim&#8221; s\u00f6zlerini \u00fc\u00e7 kez tekrar ederek ba\u015flad\u0131\u011f\u0131 konu\u015fmas\u0131nda, halk\u0131n \u00f6n\u00fcnde sayg\u0131yla e\u011fildi\u011fini s\u00f6yledi. K\u0131\u015fanak, \u015f\u00f6yle konu\u015ftu:<\/p>\n<p style=\"text-align: justify;\">&#8220;Bu halk\u0131n direni\u015fi zalimleri dize getirecek kadar g\u00fc\u00e7l\u00fcd\u00fcr. Belediye ba\u015fkanlar\u0131m\u0131z\u0131, partililerimizi zindana att\u0131lar. \u0130\u015fte Batman, i\u015fte meydan. KCK operasyonlar\u0131na halk\u0131n cevab\u0131 da burada. H\u00fck\u00fcmet son 30 y\u0131ld\u0131r sava\u015f\u0131n en \u00f6nemli operasyonu KCK ile s\u00fcrd\u00fcrd\u00fc\u011f\u00fcn\u00fc s\u00f6yl\u00fcyor. Cevab\u0131m\u0131z da i\u015fte bu meydanlardad\u0131r. &#8216;Ez livirim, ez livirim&#8217; (Ben buraday\u0131m). Akl\u0131n\u0131 yitiren h\u00fck\u00fcmet, \u00d6calan&#8217;a rehine muamelesi yap\u0131yor. Tecrit uygulay\u0131p &#8216;\u00d6nderlikle&#8217; aradaki ba\u011f\u0131 koparaca\u011f\u0131n\u0131 san\u0131yor ama onlar hep yan\u0131l\u0131yorlar. \u015eimdi operasyonlarla, da\u011flarda kimyasal ve atom bombalar\u0131yla vah\u015fi bir sava\u015f y\u00f6ntemi s\u00fcrd\u00fcr\u00fcl\u00fcyor. Evlatlar\u0131m\u0131z\u0131 par\u00e7alay\u0131p bizi esir almak istiyorlar. Biz buraday\u0131z. \u00d6zg\u00fcrl\u00fck m\u00fccadelemizi meydanlarda vermeye devam ediyoruz. Bunlar\u0131n akl\u0131 ve vicdan\u0131 yok. Bu halk imha politikalar\u0131n\u0131n nas\u0131l bo\u015fa \u00e7\u0131karaca\u011f\u0131n\u0131 g\u00f6steriyor.&#8221;<\/p>\n<p style=\"text-align: justify;\">Genel se\u00e7imlerde ald\u0131klar\u0131 370 bin oyla se\u00e7ilen 6 milletvekilinin halen tutuklu oldu\u011funu s\u00f6yleyen K\u0131\u015fanak, konu\u015fmas\u0131n\u0131 \u015f\u00f6yle s\u00fcrd\u00fcrd\u00fc:<\/p>\n<p style=\"text-align: justify;\">&#8220;6 vekilimiz halen tutuklu. 370 bin ki\u015fi sand\u0131\u011fa gitti ve oy kulland\u0131. Halk\u0131n iradesine sayg\u0131 g\u00f6stermeyen AK Parti, tutuklu vekillerin \u00e7\u0131kar\u0131lmas\u0131na y\u00f6nelik yasa d\u00fczenlemesinde &#8216;E\u011fer vekiller \u00e7\u0131karsa h\u0131rs\u0131zlar da, \u00e7eteler de \u00e7\u0131kar&#8217; diyor. Oysa Meclis&#8217;te \u00e7ete ve h\u0131rs\u0131zlar var. Bu halk\u0131n temsilcilerini Meclis&#8217;e sokmak istemiyorlar. Bizde diyoruz ki, &#8216;Meclis&#8217;teki ihale ve \u00e7etecileri \u00e7\u0131kar\u0131n. Bizler bar\u0131\u015f ve demokrasinin yan\u0131nday\u0131z.&#8217; G\u00fcn gelecek h\u0131rs\u0131zl\u0131k ve tefecilerden hesap soraca\u011f\u0131z. 90&#8217;l\u0131 y\u0131llarda 17 bin faili me\u00e7hul cinayet i\u015flendi. Bug\u00fcnlerde yeniden \u00f6l\u00fcm listelerinin MGK&#8217;ya sunuldu\u011fu s\u00f6yleniyor. Sabah, ak\u015fam Ergenekon&#8217;dan s\u00f6z edenler, neden o \u00f6l\u00fcm listelerini konu\u015fmuyor. Neredesin Ba\u015fbakan? Siz ve Cumhurba\u015fkan\u0131 MGK&#8217;ya ba\u015fkanl\u0131k ediyorsunuz. A\u00e7\u0131n MGK&#8217;n\u0131n dosyas\u0131n\u0131. Halen Mehmet A\u011far ve Tansu \u00c7iller&#8217;den hesap sormaya korkuyorsunuz. 140 g\u00fcnd\u00fcr Abdullah \u00d6calan&#8217;a tecrit uyguluyorsunuz. AK Parti utanmadan yalan s\u00f6yl\u00fcyor. Koster ve hava bozuk diye \u0130mral\u0131&#8217;yla g\u00f6r\u00fc\u015fmeleri kesiyor. Biz art\u0131k \u00e7\u00f6z\u00fcm istiyoruz. Tek adres var o da \u0130mral\u0131 ile g\u00f6r\u00fc\u015f\u00fclmesi ve m\u00fczakerelere yeniden ba\u015flan\u0131lmas\u0131d\u0131r.&#8221;<\/p>\n<p style=\"text-align: justify;\">Mardin Ba\u011f\u0131ms\u0131z Milletvekili ve Demokratik Toplum Kongresi (DTK) Genel Ba\u015fkan\u0131 Ahmet T\u00fcrk ise K\u00fcrt\u00e7e yapt\u0131\u011f\u0131 konu\u015fmas\u0131nda, KCK operasyonu ad\u0131 alt\u0131nda tutuklanan siyaset\u00e7ilere halk\u0131n sahip \u00e7\u0131kmaya devam edece\u011fini s\u00f6yledi.<\/p>\n<p style=\"text-align: justify;\">T\u00fcrk, &#8220;K\u00fcrtleri \u00f6ld\u00fcrmekle, zindana atmakla bu sorunu \u00e7\u00f6zemezsiniz. K\u00fcrtler her yerde dimdik ayaktad\u0131r. \u0130\u015fte bu meydanlar her \u015feyi s\u00f6yl\u00fcyor. Afrika bile kraliyetle y\u00f6netilirken, orada bile farkl\u0131 dillere de imkan tan\u0131yor. 20 milyon K\u00fcrt ana dilde e\u011fitim istiyor, gazetesini istiyor. Fakat maalesef bu tabu burada y\u0131k\u0131lm\u0131\u015f de\u011fil. Ba\u015fbakan Dersim&#8217;den \u00f6z\u00fcr diliyor. Oysa \u015fimdi ki politikada da de\u011fi\u015fen bir \u015fey yok. \u015eimdi ki siyaseti 1938&#8217;lerdeki siyasete benziyor. Art\u0131k K\u00fcrtlerle oynamay\u0131n. K\u00fcrtler her \u015feyi biliyor&#8221; \u015feklinde konu\u015ftu.<\/p>\n<p style=\"text-align: justify;\"><a href=\"http:\/\/www.cnnturk.com\/2011\/turkiye\/12\/14\/kisanak.mecliste.cete.ve.hirsizlar.var\/640521.0\/index.html\" target=\"_blank\">Kaynak : CNN T\u00dcRK<\/a><\/p>\n","protected":false},"excerpt":{"rendered":"<p style=\"text-align: justify;\">\n<p style=\"text-align: justify;\">BDP E\u015fba\u015fkan Yard\u0131mc\u0131s\u0131 G\u00fcltan K\u0131\u015fanak, tutukluluk s\u00fcrelerinin k\u0131salt\u0131lmas\u0131na kar\u015f\u0131 \u00e7\u0131kan AK Parti&#8217;yi, &#8220;E\u011fer vekiller \u00e7\u0131karsa, h\u0131rs\u0131zlar da \u00e7eteler de \u00e7\u0131kar&#8217; diyor. Oysa Meclis&#8217;te \u00e7ete ve h\u0131rs\u0131zlar var. Bu halk\u0131n temsilcilerini Meclis&#8217;e sokmak istemiyorlar&#8221; diyerek ele\u015ftirdi. <\/p>\n","protected":false},"author":1,"featured_media":0,"comment_status":"open","ping_status":"open","sticky":false,"template":"","format":"standard","meta":{"footnotes":""},"categories":[105],"tags":[],"class_list":["post-44156","post","type-post","status-publish","format-standard","hentry","category-gundem","odd"],"_links":{"self":[{"href":"http:\/\/www.korhanyilmaz.com\/index.php?rest_route=\/wp\/v2\/posts\/44156","targetHints":{"allow":["GET"]}}],"collection":[{"href":"http:\/\/www.korhanyilmaz.com\/index.php?rest_route=\/wp\/v2\/posts"}],"about":[{"href":"http:\/\/www.korhanyilmaz.com\/index.php?rest_route=\/wp\/v2\/types\/post"}],"author":[{"embeddable":true,"href":"http:\/\/www.korhanyilmaz.com\/index.php?rest_route=\/wp\/v2\/users\/1"}],"replies":[{"embeddable":true,"href":"http:\/\/www.korhanyilmaz.com\/index.php?rest_route=%2Fwp%2Fv2%2Fcomments&post=44156"}],"version-history":[{"count":0,"href":"http:\/\/www.korhanyilmaz.com\/index.php?rest_route=\/wp\/v2\/posts\/44156\/revisions"}],"wp:attachment":[{"href":"http:\/\/www.korhanyilmaz.com\/index.php?rest_route=%2Fwp%2Fv2%2Fmedia&parent=44156"}],"wp:term":[{"taxonomy":"category","embeddable":true,"href":"http:\/\/www.korhanyilmaz.com\/index.php?rest_route=%2Fwp%2Fv2%2Fcategories&post=44156"},{"taxonomy":"post_tag","embeddable":true,"href":"http:\/\/www.korhanyilmaz.com\/index.php?rest_route=%2Fwp%2Fv2%2Ftags&post=44156"}],"curies":[{"name":"wp","href":"https:\/\/api.w.org\/{rel}","templated":true}]}}