{"id":44147,"date":"2011-12-14T17:59:43","date_gmt":"2011-12-14T15:59:43","guid":{"rendered":"http:\/\/www.korhanyilmaz.com\/?p=44147"},"modified":"2011-12-15T00:17:20","modified_gmt":"2011-12-14T22:17:20","slug":"emine-ulker-tarhan-sozlerinin-arkasinda-durdu","status":"publish","type":"post","link":"http:\/\/www.korhanyilmaz.com\/?p=44147","title":{"rendered":"Emine \u00dclker Tarhan s\u00f6zlerinin arkas\u0131nda durdu"},"content":{"rendered":"<p style=\"text-align: center;\"><a href=\"http:\/\/www.korhanyilmaz.com\/wp-content\/uploads\/2011\/12\/8053.jpg\"  class=\"lightview\"><img loading=\"lazy\" decoding=\"async\" class=\"aligncenter  wp-image-44148\" src=\"http:\/\/www.korhanyilmaz.com\/wp-content\/uploads\/2011\/12\/8053.jpg\" alt=\"\" width=\"320\" height=\"218\" \/><\/a><\/p>\n<p style=\"text-align: justify;\">CHP Grup Ba\u015fkanvekili Emine \u00dclker Tarhan, YARSAV Ba\u015fkanl\u0131\u011f\u0131 d\u00f6neminde &#8220;YARSAV&#8217;\u0131n militan\u0131 olacak adam laz\u0131m bize&#8221; \u015feklindeki konu\u015fmas\u0131n\u0131n bir internet sitesinde yay\u0131nlanmas\u0131yla ilgili, &#8220;\u00c7ok g\u00fczel, \u00e7ok do\u011fru s\u00f6ylemi\u015fim&#8221; dedi.<!--more--><\/p>\n<p style=\"text-align: justify;\">TBMM &#8211; Tarhan, TBMM&#8217;de gazetecilerin, internet sitesine yans\u0131yan ses kayd\u0131yla ilgili sorular\u0131 \u00fczerine, YARSAV&#8217;\u0131n militan\u0131 olmak demenin, yarg\u0131 ba\u011f\u0131ms\u0131zl\u0131\u011f\u0131 ve yarg\u0131\u00e7 g\u00fcvencisinin militan\u0131 olmak anlam\u0131na geldi\u011fini s\u00f6yledi.<\/p>\n<p style=\"text-align: justify;\">\u00a0YARSAV&#8217;\u0131n t\u00fcz\u00fc\u011f\u00fcn\u00fcn ilk 5 maddesinin buna ili\u015fkin oldu\u011funu ifade eden Tarhan, \u201cDemokratik hukuk devletinin militan\u0131 olmakt\u0131r. Onun i\u00e7in \u00e7ok g\u00fczel, do\u011fru s\u00f6ylemi\u015fim. S\u00f6zlerimin sonuna kadar arkas\u0131nday\u0131m\u201d dedi.<\/p>\n<p style=\"text-align: justify;\">Tarhan, \u201cSu\u00e7 duyurusunda bulunacak m\u0131s\u0131n\u0131z?\u201d sorusuna, \u201cBeni hi\u00e7 rahats\u0131z etmedi, dinledikleri s\u00f6zler. \u00c7ok do\u011fru s\u00f6zler s\u00f6ylemi\u015fim. Ama karanl\u0131k kulaklar, ba\u015fkalar\u0131na zarar verebilir, bana de\u011fil\u201d kar\u015f\u0131l\u0131\u011f\u0131n\u0131 verdi.<\/p>\n<p style=\"text-align: justify;\"><a href=\"http:\/\/www.radikal.com.tr\/Radikal.aspx?aType=RadikalDetayV3&amp;ArticleID=1072500&amp;Date=14.12.2011&amp;CategoryID=78\" target=\"_blank\">Kaynak : Radikal.com.tr<\/a><\/p>\n","protected":false},"excerpt":{"rendered":"<p style=\"text-align: center;\">\n<p style=\"text-align: justify;\">CHP Grup Ba\u015fkanvekili Emine \u00dclker Tarhan, YARSAV Ba\u015fkanl\u0131\u011f\u0131 d\u00f6neminde &#8220;YARSAV&#8217;\u0131n militan\u0131 olacak adam laz\u0131m bize&#8221; \u015feklindeki konu\u015fmas\u0131n\u0131n bir internet sitesinde yay\u0131nlanmas\u0131yla ilgili, &#8220;\u00c7ok g\u00fczel, \u00e7ok do\u011fru s\u00f6ylemi\u015fim&#8221; dedi.<\/p>\n","protected":false},"author":1,"featured_media":0,"comment_status":"open","ping_status":"open","sticky":false,"template":"","format":"standard","meta":{"footnotes":""},"categories":[105],"tags":[],"class_list":["post-44147","post","type-post","status-publish","format-standard","hentry","category-gundem","odd"],"_links":{"self":[{"href":"http:\/\/www.korhanyilmaz.com\/index.php?rest_route=\/wp\/v2\/posts\/44147","targetHints":{"allow":["GET"]}}],"collection":[{"href":"http:\/\/www.korhanyilmaz.com\/index.php?rest_route=\/wp\/v2\/posts"}],"about":[{"href":"http:\/\/www.korhanyilmaz.com\/index.php?rest_route=\/wp\/v2\/types\/post"}],"author":[{"embeddable":true,"href":"http:\/\/www.korhanyilmaz.com\/index.php?rest_route=\/wp\/v2\/users\/1"}],"replies":[{"embeddable":true,"href":"http:\/\/www.korhanyilmaz.com\/index.php?rest_route=%2Fwp%2Fv2%2Fcomments&post=44147"}],"version-history":[{"count":0,"href":"http:\/\/www.korhanyilmaz.com\/index.php?rest_route=\/wp\/v2\/posts\/44147\/revisions"}],"wp:attachment":[{"href":"http:\/\/www.korhanyilmaz.com\/index.php?rest_route=%2Fwp%2Fv2%2Fmedia&parent=44147"}],"wp:term":[{"taxonomy":"category","embeddable":true,"href":"http:\/\/www.korhanyilmaz.com\/index.php?rest_route=%2Fwp%2Fv2%2Fcategories&post=44147"},{"taxonomy":"post_tag","embeddable":true,"href":"http:\/\/www.korhanyilmaz.com\/index.php?rest_route=%2Fwp%2Fv2%2Ftags&post=44147"}],"curies":[{"name":"wp","href":"https:\/\/api.w.org\/{rel}","templated":true}]}}