{"id":44144,"date":"2011-12-14T22:45:32","date_gmt":"2011-12-14T20:45:32","guid":{"rendered":"http:\/\/www.korhanyilmaz.com\/?p=44144"},"modified":"2011-12-15T00:13:58","modified_gmt":"2011-12-14T22:13:58","slug":"erdogan-22-gun-sonra-ankara-mesaisine-basladi","status":"publish","type":"post","link":"http:\/\/www.korhanyilmaz.com\/?p=44144","title":{"rendered":"Erdo\u011fan 22 g\u00fcn sonra Ankara mesaisine ba\u015flad\u0131"},"content":{"rendered":"<p style=\"text-align: center;\"><a href=\"http:\/\/www.korhanyilmaz.com\/wp-content\/uploads\/2011\/12\/8052.jpg\"  class=\"lightview\"><img loading=\"lazy\" decoding=\"async\" class=\"aligncenter  wp-image-44145\" src=\"http:\/\/www.korhanyilmaz.com\/wp-content\/uploads\/2011\/12\/8052.jpg\" alt=\"\" width=\"336\" height=\"223\" \/><\/a><\/p>\n<p style=\"text-align: justify;\">Ba\u015fbakan Recep Tayyip Erdo\u011fan, &#8220;ANA&#8221; u\u00e7a\u011f\u0131yla saat 21.15&#8217;te Ankara&#8217;ya gitti.<\/p>\n<p style=\"text-align: justify;\">\u0130STANBUL \u2013 Ge\u00e7irdi\u011fi ameliyat sonras\u0131 evinde dinlenen Ba\u015fbakan Recep Tayyip Erdo\u011fan, 22 g\u00fcn sonra Ankara\u2019ya gitti.<\/p>\n<p style=\"text-align: justify;\">Ba\u015fbakan Erdo\u011fan&#8217;\u0131, Esenbo\u011fa Havaliman\u0131&#8217;nda, Ba\u015fbakan Yard\u0131mc\u0131s\u0131 Bekir Bozda\u011f, Enerji ve Tabii Kaynaklar Bakan\u0131 Taner Y\u0131ld\u0131z, Milli Savunma Bakan\u0131 \u0130smet Y\u0131lmaz, Sa\u011fl\u0131k Bakan\u0131 Recep Akda\u011f, K\u00fclt\u00fcr ve Turizm Bakan\u0131 Ertu\u011frul G\u00fcnay, Ankara Valisi Alaaddin Y\u00fcksel, Ankara B\u00fcy\u00fck\u015fehir Belediye Ba\u015fkan\u0131 Melih G\u00f6k\u00e7ek, baz\u0131 AK Partili milletvekilleri ve \u00f6teki ilgililer kar\u015f\u0131lad\u0131.\u00a0<!--more--><\/p>\n<p style=\"text-align: justify;\">Ba\u015fbakan Erdo\u011fan ile e\u015fi Emine Erdo\u011fan, k\u0131z\u0131 S\u00fcmeyye Erdo\u011fan ve AK Parti Genel Ba\u015fkan Yard\u0131mc\u0131s\u0131 \u00d6mer \u00c7elik de Ankara&#8217;ya geldi.<\/p>\n<p style=\"text-align: justify;\"><strong>ERDO\u011eAN&#8217;A SEVG\u0130 G\u00d6STER\u0130S\u0130<\/strong><\/p>\n<p style=\"text-align: justify;\">Bu arada, Erdo\u011fan&#8217;\u0131n geli\u015finden \u00f6nce \u00e7ok say\u0131da vatanda\u015f Esenbo\u011fa Havaliman\u0131 B\u00fcy\u00fck \u015eeref Giri\u015fi&#8217;nin \u00f6n\u00fcnde topland\u0131. Vatanda\u015flar alk\u0131\u015flar ve sloganlarla Ba\u015fbakan Erdo\u011fan&#8217;\u0131 kar\u015f\u0131lad\u0131. Bu s\u0131rada, \u201cNazar etme d\u00fcnya ondan bir tane var\u201d yaz\u0131l\u0131 pankart a\u00e7anlar\u0131n oldu\u011fu g\u00f6r\u00fcld\u00fc.<\/p>\n<p style=\"text-align: justify;\">\u00d6te yandan Erdo\u011fan&#8217;\u0131n konvoyunun ge\u00e7ece\u011fi g\u00fczergahta da \u00e7ok say\u0131da taksici, ara\u00e7lar\u0131yla kilometrelerce kuyruk olu\u015fturarak sevgi g\u00f6sterilerinde bulundu. Ba\u015fbakan ile e\u015fi Emine Erdo\u011fan da vatanda\u015flar\u0131n sevgi g\u00f6sterilerine el sallayarak kar\u015f\u0131l\u0131k verdi.<\/p>\n<p style=\"text-align: justify;\">Ba\u015fbakan Erdo\u011fan&#8217;\u0131n geli\u015fi nedeniyle g\u00fczergahta ve havaliman\u0131nda yo\u011fun g\u00fcvenlik \u00f6nlemleri al\u0131nd\u0131.<\/p>\n<p style=\"text-align: justify;\"><a href=\"http:\/\/www.radikal.com.tr\/Radikal.aspx?aType=RadikalDetayV3&amp;ArticleID=1072548&amp;Date=14.12.2011&amp;CategoryID=78\" target=\"_blank\">Kaynak : Radikal.com.tr<\/a><\/p>\n","protected":false},"excerpt":{"rendered":"<p style=\"text-align: center;\">\n<p style=\"text-align: justify;\">Ba\u015fbakan Recep Tayyip Erdo\u011fan, &#8220;ANA&#8221; u\u00e7a\u011f\u0131yla saat 21.15&#8217;te Ankara&#8217;ya gitti.<\/p>\n<p style=\"text-align: justify;\">\u0130STANBUL \u2013 Ge\u00e7irdi\u011fi ameliyat sonras\u0131 evinde dinlenen Ba\u015fbakan Recep Tayyip Erdo\u011fan, 22 g\u00fcn sonra Ankara\u2019ya gitti.<\/p>\n<p style=\"text-align: justify;\">Ba\u015fbakan Erdo\u011fan&#8217;\u0131, Esenbo\u011fa Havaliman\u0131&#8217;nda, Ba\u015fbakan Yard\u0131mc\u0131s\u0131 Bekir Bozda\u011f, Enerji ve Tabii Kaynaklar Bakan\u0131 Taner Y\u0131ld\u0131z, Milli Savunma Bakan\u0131 \u0130smet Y\u0131lmaz, <\/p>\n","protected":false},"author":1,"featured_media":0,"comment_status":"open","ping_status":"open","sticky":false,"template":"","format":"standard","meta":{"footnotes":""},"categories":[105],"tags":[],"class_list":["post-44144","post","type-post","status-publish","format-standard","hentry","category-gundem","odd"],"_links":{"self":[{"href":"http:\/\/www.korhanyilmaz.com\/index.php?rest_route=\/wp\/v2\/posts\/44144","targetHints":{"allow":["GET"]}}],"collection":[{"href":"http:\/\/www.korhanyilmaz.com\/index.php?rest_route=\/wp\/v2\/posts"}],"about":[{"href":"http:\/\/www.korhanyilmaz.com\/index.php?rest_route=\/wp\/v2\/types\/post"}],"author":[{"embeddable":true,"href":"http:\/\/www.korhanyilmaz.com\/index.php?rest_route=\/wp\/v2\/users\/1"}],"replies":[{"embeddable":true,"href":"http:\/\/www.korhanyilmaz.com\/index.php?rest_route=%2Fwp%2Fv2%2Fcomments&post=44144"}],"version-history":[{"count":0,"href":"http:\/\/www.korhanyilmaz.com\/index.php?rest_route=\/wp\/v2\/posts\/44144\/revisions"}],"wp:attachment":[{"href":"http:\/\/www.korhanyilmaz.com\/index.php?rest_route=%2Fwp%2Fv2%2Fmedia&parent=44144"}],"wp:term":[{"taxonomy":"category","embeddable":true,"href":"http:\/\/www.korhanyilmaz.com\/index.php?rest_route=%2Fwp%2Fv2%2Fcategories&post=44144"},{"taxonomy":"post_tag","embeddable":true,"href":"http:\/\/www.korhanyilmaz.com\/index.php?rest_route=%2Fwp%2Fv2%2Ftags&post=44144"}],"curies":[{"name":"wp","href":"https:\/\/api.w.org\/{rel}","templated":true}]}}