{"id":44140,"date":"2011-12-15T00:06:49","date_gmt":"2011-12-14T22:06:49","guid":{"rendered":"http:\/\/www.korhanyilmaz.com\/?p=44140"},"modified":"2011-12-15T00:06:49","modified_gmt":"2011-12-14T22:06:49","slug":"boylesi-ne-goruldu-ne-de-duyuldu","status":"publish","type":"post","link":"http:\/\/www.korhanyilmaz.com\/?p=44140","title":{"rendered":"B\u00f6ylesi ne g\u00f6r\u00fcld\u00fc, ne de duyuldu!.."},"content":{"rendered":"<p style=\"text-align: justify;\"><a href=\"http:\/\/www.korhanyilmaz.com\/wp-content\/uploads\/2011\/12\/8051.jpg\"  class=\"lightview\"><img loading=\"lazy\" decoding=\"async\" class=\"aligncenter size-full wp-image-44141\" title=\"\" src=\"http:\/\/www.korhanyilmaz.com\/wp-content\/uploads\/2011\/12\/8051.jpg\" alt=\"\" width=\"292\" height=\"193\" \/><\/a><\/p>\n<p style=\"text-align: justify;\">Eski\u015fehir&#8217;de vicdani ret\u00e7i er Enver Aydemir&#8217;e destek vermek amac\u0131yla yapt\u0131klar\u0131 bas\u0131n a\u00e7\u0131klamas\u0131nda halk\u0131 askerlikten so\u011futmak su\u00e7unu i\u015fledikleri, &#8220;Herkes bebek do\u011far, hi\u00e7 kimse asker do\u011fmaz&#8221; \u015feklinde slogan att\u0131klar\u0131 \u00f6ne s\u00fcr\u00fclen 5 ki\u015fi 2 y\u0131la kadar hapis istemiyle yarg\u0131lan\u0131yor.<!--more--><\/p>\n<p style=\"text-align: justify;\">Askeri Cezaevi\u2019nde tutuklu bulunan vicdani ret\u00e7i er Enver Aydemir\u2019in 21 Ocak 2010 tarihinde Eski\u015fehir Askeri Mahkeme\u2019deki duru\u015fmas\u0131n\u0131 Ahmet Aydemir, Davut Erkan, Fatih Tezcan, Halil Savda ve Mehmet Atak da izledi.<\/p>\n<p style=\"text-align: justify;\">Grup, duru\u015fma sonras\u0131 da Eski\u015fehir\u2019in \u0130stiklal Mahallesi Porsuk Bulvar\u0131\u2019nda bir ali\u015fveri\u015f ma\u011fazas\u0131n\u0131n \u00f6n\u00fcnde yapt\u0131klar\u0131 bas\u0131n a\u00e7\u0131klamas\u0131nda, &#8220;E\u011fer halk\u0131 askerlikten so\u011futma su\u00e7sa biz su\u00e7 olmad\u0131\u011f\u0131na inan\u0131yoruz, demokratik bir hak oldu\u011funa inan\u0131yoruz, her t\u00fcr ifade gibi. Biz bu su\u00e7u i\u015flemeye devam edece\u011fiz, bunu mahkemede de ifade ettik. Burada bir kez daha ifade ediyoruz. Halka diyoruz ki; askerlikten so\u011fuyun, hatta buz olun. \u00c7\u00fcnk\u00fc biz askerlikten so\u011fuduk\u00e7a, ancak bar\u0131\u015f gelir. Toplum askerlikten so\u011fuduk\u00e7a, ancak \u00f6zg\u00fcrl\u00fckler sa\u011flanabilir ve \u00fclke demokratikle\u015febilir&#8221; diyerek, &#8220;Herkes bebek do\u011far, hi\u00e7 kimse asker do\u011fmaz&#8221; \u015feklinde slogan att\u0131.<\/p>\n<p style=\"text-align: justify;\"><strong>2 y\u0131la kadar hapisleri isteniyor<\/strong><\/p>\n<p style=\"text-align: justify;\">Bas\u0131n a\u00e7\u0131klamas\u0131na kat\u0131lanlardan Ahmet Aydemir, Davut Erkan, Fatih Tezcan, Halil Sevda ve Mehmet Atak hakk\u0131nda \u2019Halk\u0131 askerlikten so\u011futmak\u2019 su\u00e7undan Eski\u015fehir 4\u2019\u00fcnc\u00fc Sulh Ceza Mahkemesi\u2019nde 6 aydan 2 y\u0131la kadar hapis istemiyle dava a\u00e7\u0131ld\u0131.<\/p>\n<p style=\"text-align: justify;\">Davan\u0131n 4\u2019\u00fcnc\u00fc duru\u015fmas\u0131 bug\u00fcn yap\u0131ld\u0131. Duru\u015fmaya tutuksuz yarg\u0131lanan san\u0131klardan Mehmet Atak kat\u0131ld\u0131. Di\u011fer san\u0131klar\u0131 avukat Senem Do\u011fano\u011flu savundu.<\/p>\n<p style=\"text-align: justify;\">&#8220;\u00c7ocu\u011fumun bebek olarak do\u011fdu\u011funu g\u00f6rd\u00fcm&#8221;<\/p>\n<p style=\"text-align: justify;\">San\u0131k Mehmet Atak\u2019\u0131n talebi \u00fczerine Bilgi Daga\u00e7, Sevim \u015eahin ve G\u00fcrsel \u015een\u015fafak adl\u0131 kad\u0131nlar tan\u0131k olarak dinlendi. Tan\u0131klardan Sevim \u015eahin, &#8220;Benim san\u0131klarla akrabal\u0131k ba\u011f\u0131m yoktur. \u0130nsani boyutu nedeniyle davada tan\u0131kl\u0131k yapmak istedim. Ben \u00e7ocu\u011fumu normal do\u011fumla, narkoz etkisi alt\u0131nda kalmadan do\u011furdum. Do\u011fum an\u0131nda \u00e7ocu\u011fumun bebek olarak do\u011fdu\u011funu bizzat g\u00f6rd\u00fcm. Hal b\u00f6yle iken iddianamede san\u0131klar\u0131n \u2019Herkes bebek do\u011far\u2019 \u015feklindeki s\u00f6zlerinin bir su\u00e7 unsuru olarak yaz\u0131lm\u0131\u015f olmas\u0131n\u0131n bu kapsamda do\u011fru olmad\u0131\u011f\u0131n\u0131 d\u00fc\u015f\u00fcn\u00fcyorum&#8221; dedi.<\/p>\n<p style=\"text-align: justify;\">San\u0131klar\u0131n avukat\u0131 Senem Do\u011fano\u011flu mahkeme hakimine &#8220;Daha \u00f6nceki celsedeki taleplerimiz \u00fczere \u00e7ocuklar\u0131n \u00fcniformal\u0131 do\u011fup do\u011fmad\u0131klar\u0131 hususunda bilirki\u015fi incelemesi yap\u0131lmas\u0131n\u0131 talep ediyoruz&#8221; diye konu\u015ftu.<\/p>\n<p style=\"text-align: justify;\">Tutuksuz san\u0131k Mehmet Atak da kendisinin akli dengesinin yerinde olup olmad\u0131\u011f\u0131n\u0131n belirlenmesi i\u00e7in gerekli sa\u011fl\u0131k kurulu\u015funa g\u00f6nderilmesini istedi. Mehmet Atak ayr\u0131ca &#8220;T\u0131p Fak\u00fcltesi do\u011fum k\u00fcrs\u00fcs\u00fcnden bilirki\u015fi tayin edilerek bebek do\u011fmam\u0131\u015f, ya da asker do\u011fmu\u015f bir bebek olup olmad\u0131\u011f\u0131n\u0131n tespiti hususunda Anayasa hukuku k\u00fcrs\u00fcs\u00fcnden de bir ki\u015finin bilirki\u015fi tayin edilmesini talep ediyorum&#8221; diye konu\u015ftu.<\/p>\n<p style=\"text-align: justify;\">Mahkeme hakimi, Mehmet Atak ve avukat Senem Do\u011fano\u011flu\u2019nun taleplerini reddine karar vererek duru\u015fmay\u0131 9 \u015eubat 2012 tarihine erteledi.<\/p>\n<p style=\"text-align: justify;\"><a href=\"http:\/\/www.cnnturk.com\/2011\/guncel\/12\/15\/boylesi.ne.goruldu.ne.de.duyuldu\/640556.0\/index.html\" target=\"_blank\">Kaynak : CNN T\u00dcRK<\/a><\/p>\n","protected":false},"excerpt":{"rendered":"<p style=\"text-align: justify;\">\n<p style=\"text-align: justify;\">Eski\u015fehir&#8217;de vicdani ret\u00e7i er Enver Aydemir&#8217;e destek vermek amac\u0131yla yapt\u0131klar\u0131 bas\u0131n a\u00e7\u0131klamas\u0131nda halk\u0131 askerlikten so\u011futmak su\u00e7unu i\u015fledikleri, &#8220;Herkes bebek do\u011far, hi\u00e7 kimse asker do\u011fmaz&#8221; \u015feklinde slogan att\u0131klar\u0131 \u00f6ne s\u00fcr\u00fclen 5 ki\u015fi 2 y\u0131la kadar hapis istemiyle yarg\u0131lan\u0131yor.<\/p>\n","protected":false},"author":1,"featured_media":0,"comment_status":"open","ping_status":"open","sticky":false,"template":"","format":"standard","meta":{"footnotes":""},"categories":[105],"tags":[],"class_list":["post-44140","post","type-post","status-publish","format-standard","hentry","category-gundem","odd"],"_links":{"self":[{"href":"http:\/\/www.korhanyilmaz.com\/index.php?rest_route=\/wp\/v2\/posts\/44140","targetHints":{"allow":["GET"]}}],"collection":[{"href":"http:\/\/www.korhanyilmaz.com\/index.php?rest_route=\/wp\/v2\/posts"}],"about":[{"href":"http:\/\/www.korhanyilmaz.com\/index.php?rest_route=\/wp\/v2\/types\/post"}],"author":[{"embeddable":true,"href":"http:\/\/www.korhanyilmaz.com\/index.php?rest_route=\/wp\/v2\/users\/1"}],"replies":[{"embeddable":true,"href":"http:\/\/www.korhanyilmaz.com\/index.php?rest_route=%2Fwp%2Fv2%2Fcomments&post=44140"}],"version-history":[{"count":0,"href":"http:\/\/www.korhanyilmaz.com\/index.php?rest_route=\/wp\/v2\/posts\/44140\/revisions"}],"wp:attachment":[{"href":"http:\/\/www.korhanyilmaz.com\/index.php?rest_route=%2Fwp%2Fv2%2Fmedia&parent=44140"}],"wp:term":[{"taxonomy":"category","embeddable":true,"href":"http:\/\/www.korhanyilmaz.com\/index.php?rest_route=%2Fwp%2Fv2%2Fcategories&post=44140"},{"taxonomy":"post_tag","embeddable":true,"href":"http:\/\/www.korhanyilmaz.com\/index.php?rest_route=%2Fwp%2Fv2%2Ftags&post=44140"}],"curies":[{"name":"wp","href":"https:\/\/api.w.org\/{rel}","templated":true}]}}