{"id":44129,"date":"2011-12-13T20:06:32","date_gmt":"2011-12-13T18:06:32","guid":{"rendered":"http:\/\/www.korhanyilmaz.com\/?p=44129"},"modified":"2011-12-14T06:00:44","modified_gmt":"2011-12-14T04:00:44","slug":"basbakan-ilk-kez-goruntulendi","status":"publish","type":"post","link":"http:\/\/www.korhanyilmaz.com\/?p=44129","title":{"rendered":"Ba\u015fbakan ilk kez g\u00f6r\u00fcnt\u00fclendi"},"content":{"rendered":"<p style=\"text-align: center;\"><a href=\"http:\/\/www.korhanyilmaz.com\/wp-content\/uploads\/2011\/12\/8050.jpg\"  class=\"lightview\"><img loading=\"lazy\" decoding=\"async\" class=\"aligncenter  wp-image-44130\" src=\"http:\/\/www.korhanyilmaz.com\/wp-content\/uploads\/2011\/12\/8050.jpg\" alt=\"\" width=\"348\" height=\"180\" \/><\/a><\/p>\n<p style=\"text-align: justify;\">Ba\u015fbakan Recep Tayyip Erdo\u011fan ge\u00e7idi\u011fi ameliyat\u0131n ard\u0131ndan ilk kez g\u00f6r\u00fcnt\u00fclendi. Romanya Devlet Ba\u015fkan\u0131 Taraian Basescu&#8217;u kabul eden Ba\u015fbakan&#8217;\u0131n daha \u00f6nce resimleri servis edilmi\u015fti. Ama ilk kez g\u00f6r\u00fcnt\u00fcleri bas\u0131na verildi.<!--more--><\/p>\n<p style=\"text-align: justify;\">Ba\u015fbakan Recep Tayyip Erdo\u011fan, Romanya Devlet Ba\u015fkan\u0131 Taraian Basescu&#8217;u kabul etti. Erdo\u011fan, konuk devlet ba\u015fkan\u0131n\u0131 saat 14:30&#8217;da Dolmabah\u00e7e&#8217;deki Ba\u015fbakanl\u0131k \u00c7al\u0131\u015fma Ofisi&#8217;ninin kap\u0131s\u0131nda kar\u015f\u0131lad\u0131.<\/p>\n<p style=\"text-align: justify;\">Daha sonra ikili g\u00f6r\u00fc\u015fmeye ge\u00e7ildi. Yakla\u015f\u0131k yar\u0131m saat s\u00fcren g\u00f6r\u00fc\u015fmeye AB Bakan\u0131 Egemen Ba\u011f\u0131\u015f da kat\u0131ld\u0131.<\/p>\n<p style=\"text-align: justify;\">Erdo\u011fan&#8217;\u0131n ameliyat\u0131n ard\u0131ndan ger\u00e7ekle\u015ftirdi\u011fi bu ilk resmi kabulden g\u00f6r\u00fcnt\u00fcleri, Ba\u015fbakanl\u0131k da\u011f\u0131tt\u0131. Ba\u015fbakan\u0131n evindeki dinlenme d\u00f6neminde ger\u00e7ekle\u015fen ziyaretlerden sadece foto\u011fraf servisi yap\u0131lm\u0131\u015ft\u0131.<\/p>\n<p style=\"text-align: justify;\">Ge\u00e7ti\u011fimiz Cumartesi g\u00fcn\u00fc evinden k\u0131sa s\u00fcreli\u011fine \u00e7\u0131kan Ba\u015fbakan Erdo\u011fan ameliyattan sonra ilk kez makam arac\u0131n\u0131n i\u00e7inde g\u00f6r\u00fcnt\u00fclenmi\u015fti.<\/p>\n<p style=\"text-align: justify;\"><a href=\"http:\/\/www.cnnturk.com\/2011\/guncel\/12\/13\/basbakan.ilk.kez.goruntulendi\/640389.0\/index.html\" target=\"_blank\">Kaynak : CNN T\u00dcRK<\/a><\/p>\n","protected":false},"excerpt":{"rendered":"<p style=\"text-align: center;\">\n<p style=\"text-align: justify;\">Ba\u015fbakan Recep Tayyip Erdo\u011fan ge\u00e7idi\u011fi ameliyat\u0131n ard\u0131ndan ilk kez g\u00f6r\u00fcnt\u00fclendi. Romanya Devlet Ba\u015fkan\u0131 Taraian Basescu&#8217;u kabul eden Ba\u015fbakan&#8217;\u0131n daha \u00f6nce resimleri servis edilmi\u015fti. Ama ilk kez g\u00f6r\u00fcnt\u00fcleri bas\u0131na verildi.<\/p>\n","protected":false},"author":1,"featured_media":0,"comment_status":"open","ping_status":"open","sticky":false,"template":"","format":"standard","meta":{"footnotes":""},"categories":[105],"tags":[],"class_list":["post-44129","post","type-post","status-publish","format-standard","hentry","category-gundem","odd"],"_links":{"self":[{"href":"http:\/\/www.korhanyilmaz.com\/index.php?rest_route=\/wp\/v2\/posts\/44129","targetHints":{"allow":["GET"]}}],"collection":[{"href":"http:\/\/www.korhanyilmaz.com\/index.php?rest_route=\/wp\/v2\/posts"}],"about":[{"href":"http:\/\/www.korhanyilmaz.com\/index.php?rest_route=\/wp\/v2\/types\/post"}],"author":[{"embeddable":true,"href":"http:\/\/www.korhanyilmaz.com\/index.php?rest_route=\/wp\/v2\/users\/1"}],"replies":[{"embeddable":true,"href":"http:\/\/www.korhanyilmaz.com\/index.php?rest_route=%2Fwp%2Fv2%2Fcomments&post=44129"}],"version-history":[{"count":0,"href":"http:\/\/www.korhanyilmaz.com\/index.php?rest_route=\/wp\/v2\/posts\/44129\/revisions"}],"wp:attachment":[{"href":"http:\/\/www.korhanyilmaz.com\/index.php?rest_route=%2Fwp%2Fv2%2Fmedia&parent=44129"}],"wp:term":[{"taxonomy":"category","embeddable":true,"href":"http:\/\/www.korhanyilmaz.com\/index.php?rest_route=%2Fwp%2Fv2%2Fcategories&post=44129"},{"taxonomy":"post_tag","embeddable":true,"href":"http:\/\/www.korhanyilmaz.com\/index.php?rest_route=%2Fwp%2Fv2%2Ftags&post=44129"}],"curies":[{"name":"wp","href":"https:\/\/api.w.org\/{rel}","templated":true}]}}