{"id":44119,"date":"2011-12-13T18:21:12","date_gmt":"2011-12-13T16:21:12","guid":{"rendered":"http:\/\/www.korhanyilmaz.com\/?p=44119"},"modified":"2011-12-13T23:25:48","modified_gmt":"2011-12-13T21:25:48","slug":"fransaya-uyari-mektubu","status":"publish","type":"post","link":"http:\/\/www.korhanyilmaz.com\/?p=44119","title":{"rendered":"Fransa&#8217;ya uyar\u0131 mektubu"},"content":{"rendered":"<p style=\"text-align: center;\"><a href=\"http:\/\/www.korhanyilmaz.com\/wp-content\/uploads\/2011\/12\/8048.jpg\"  class=\"lightview\"><img loading=\"lazy\" decoding=\"async\" class=\"aligncenter  wp-image-44120\" src=\"http:\/\/www.korhanyilmaz.com\/wp-content\/uploads\/2011\/12\/8048.jpg\" alt=\"\" width=\"319\" height=\"179\" \/><\/a><\/p>\n<p style=\"text-align: justify;\">TBMM Ba\u015fkan\u0131 Cemil \u00c7i\u00e7ek, Fransa Meclis Ba\u015fkan\u0131 Bernard Accoyer&#8217;e g\u00f6nderdi\u011fi mektupta, Frans\u0131z meclisinin g\u00fcndemine al\u0131nan 1915 olaylar\u0131yla ilgili yasa teklifine kar\u015f\u0131 T\u00fcrkiye&#8217;nin rahats\u0131zl\u0131\u011f\u0131n\u0131 dile getirdi.<\/p>\n<p style=\"text-align: justify;\">Diplomatik kaynaklardan al\u0131nan bilgiye g\u00f6re \u00c7i\u00e7ek mektubunda, s\u00f6zkonusu teklifin yasala\u015fmas\u0131n\u0131n T\u00fcrk-Frans\u0131z ili\u015fkilerinde yapaca\u011f\u0131 tahribata dikkat \u00e7ekti.<!--more--><\/p>\n<p style=\"text-align: justify;\">Mektupta, \u201culusal parlamentolar\u0131n g\u00f6revlerinin tarihi yazmak olmad\u0131\u011f\u0131\u201d belirtilerek, \u201cbu konunun tarih\u00e7ilere ve ara\u015ft\u0131rmac\u0131lara b\u0131rak\u0131lmas\u0131 gerekti\u011fi\u201d vurguland\u0131.<\/p>\n<p style=\"text-align: justify;\">Fransa meclisi yasalar komisyonunda ge\u00e7en hafta kabul edilen, iktidardaki Halk Hareketi Birli\u011fi (UMP) Marsilya milletvekili Valerie Boyer taraf\u0131ndan haz\u0131rlanan yasa teklifi, 22 Aral\u0131k&#8217;ta sabah saatlerinde genel kurulda oylanacak. Yasalar komisyonunda kabul edilen yasa teklifinde, \u201cFrans\u0131z yasalar\u0131 taraf\u0131ndan tan\u0131nan soyk\u0131r\u0131mlar\u0131n inkar\u0131, bir y\u0131l hapis ile 45 bin avro para cezas\u0131na \u00e7arpt\u0131r\u0131l\u0131r\u201d ifadesi yer al\u0131yor.<\/p>\n<p style=\"text-align: justify;\">Fransa parlamentosu, 29 Ocak 2001 tarihinde, \u201cFransa, 1915 y\u0131l\u0131ndaki Ermeni soyk\u0131r\u0131m\u0131n\u0131 tan\u0131r\u201d ifadesiyle kaleme al\u0131nan bir yasay\u0131 onaylam\u0131\u015ft\u0131.<\/p>\n<p style=\"text-align: justify;\">Daha \u00f6nce Sosyalist Parti taraf\u0131ndan sunulan bu tarzdaki ba\u015fka bir yasa teklifi 2006 y\u0131l\u0131nda mecliste kabul edilmi\u015f, ancak senatoda oylanamad\u0131\u011f\u0131 i\u00e7in yasala\u015famam\u0131\u015ft\u0131. Son olarak Sosyalist Parti&#8217;nin, May\u0131s ay\u0131nda senatoya getirdi\u011fi bu yasa teklifi yine oylanmadan g\u00fcndemden d\u00fc\u015f\u00fcr\u00fclm\u00fc\u015ft\u00fc. Uzun s\u00fcre bu t\u00fcr bir yasa teklifine kar\u015f\u0131 \u00e7\u0131kan Cumhurba\u015fkan\u0131 Nicolas Sarkozy, son olarak Erivan&#8217;a yapt\u0131\u011f\u0131 ziyaret s\u0131ras\u0131nda \u00f6nemli tav\u0131r de\u011fi\u015fikli\u011fi i\u00e7ine girmi\u015f ve bu y\u00f6nde bir yasa teklifine art\u0131k s\u0131cak bakt\u0131\u011f\u0131 mesaj\u0131n\u0131 vermi\u015fti.<\/p>\n<p style=\"text-align: justify;\"><a href=\"http:\/\/www.hurriyet.com.tr\/gundem\/19458661.asp\" target=\"_blank\">Kaynak : H\u00fcrriyet.com.tr<\/a><\/p>\n","protected":false},"excerpt":{"rendered":"<p style=\"text-align: center;\">\n<p style=\"text-align: justify;\">TBMM Ba\u015fkan\u0131 Cemil \u00c7i\u00e7ek, Fransa Meclis Ba\u015fkan\u0131 Bernard Accoyer&#8217;e g\u00f6nderdi\u011fi mektupta, Frans\u0131z meclisinin g\u00fcndemine al\u0131nan 1915 olaylar\u0131yla ilgili yasa teklifine kar\u015f\u0131 T\u00fcrkiye&#8217;nin rahats\u0131zl\u0131\u011f\u0131n\u0131 dile getirdi.<\/p>\n<p style=\"text-align: justify;\">Diplomatik kaynaklardan al\u0131nan bilgiye g\u00f6re \u00c7i\u00e7ek mektubunda, s\u00f6zkonusu teklifin yasala\u015fmas\u0131n\u0131n T\u00fcrk-Frans\u0131z ili\u015fkilerinde yapaca\u011f\u0131 tahribata dikkat \u00e7ekti.<\/p>\n","protected":false},"author":1,"featured_media":0,"comment_status":"open","ping_status":"open","sticky":false,"template":"","format":"standard","meta":{"footnotes":""},"categories":[105],"tags":[],"class_list":["post-44119","post","type-post","status-publish","format-standard","hentry","category-gundem","odd"],"_links":{"self":[{"href":"http:\/\/www.korhanyilmaz.com\/index.php?rest_route=\/wp\/v2\/posts\/44119","targetHints":{"allow":["GET"]}}],"collection":[{"href":"http:\/\/www.korhanyilmaz.com\/index.php?rest_route=\/wp\/v2\/posts"}],"about":[{"href":"http:\/\/www.korhanyilmaz.com\/index.php?rest_route=\/wp\/v2\/types\/post"}],"author":[{"embeddable":true,"href":"http:\/\/www.korhanyilmaz.com\/index.php?rest_route=\/wp\/v2\/users\/1"}],"replies":[{"embeddable":true,"href":"http:\/\/www.korhanyilmaz.com\/index.php?rest_route=%2Fwp%2Fv2%2Fcomments&post=44119"}],"version-history":[{"count":0,"href":"http:\/\/www.korhanyilmaz.com\/index.php?rest_route=\/wp\/v2\/posts\/44119\/revisions"}],"wp:attachment":[{"href":"http:\/\/www.korhanyilmaz.com\/index.php?rest_route=%2Fwp%2Fv2%2Fmedia&parent=44119"}],"wp:term":[{"taxonomy":"category","embeddable":true,"href":"http:\/\/www.korhanyilmaz.com\/index.php?rest_route=%2Fwp%2Fv2%2Fcategories&post=44119"},{"taxonomy":"post_tag","embeddable":true,"href":"http:\/\/www.korhanyilmaz.com\/index.php?rest_route=%2Fwp%2Fv2%2Ftags&post=44119"}],"curies":[{"name":"wp","href":"https:\/\/api.w.org\/{rel}","templated":true}]}}