{"id":44112,"date":"2011-12-13T19:16:47","date_gmt":"2011-12-13T17:16:47","guid":{"rendered":"http:\/\/www.korhanyilmaz.com\/?p=44112"},"modified":"2011-12-13T23:07:08","modified_gmt":"2011-12-13T21:07:08","slug":"lemandan-cemaat-akp-kavgasina-sok-kapak","status":"publish","type":"post","link":"http:\/\/www.korhanyilmaz.com\/?p=44112","title":{"rendered":"Leman&#8217;dan Cemaat-AKP kavgas\u0131na \u015fok kapak"},"content":{"rendered":"<p style=\"text-align: center;\"><a href=\"http:\/\/www.korhanyilmaz.com\/wp-content\/uploads\/2011\/12\/8046.jpg\"  class=\"lightview\"><img loading=\"lazy\" decoding=\"async\" class=\"aligncenter  wp-image-44114\" src=\"http:\/\/www.korhanyilmaz.com\/wp-content\/uploads\/2011\/12\/8046.jpg\" alt=\"\" width=\"296\" height=\"188\" \/><\/a><\/p>\n<p style=\"text-align: justify;\">Leman, \u00e7arp\u0131c\u0131 kapa\u011f\u0131yla asl\u0131nda \u00e7atla\u011f\u0131n AKP i\u00e7inde de\u011fil, cemaatle AKP aras\u0131nda oldu\u011fu mesaj\u0131n\u0131 verdi&#8230;<\/p>\n<p style=\"text-align: justify;\">Haftal\u0131k mizah dergisi Leman&#8217;\u0131n yeni say\u0131s\u0131n\u0131n kapak konusu belli oldu. G\u00fcndemin en \u00e7ok tart\u0131\u015f\u0131lan konular\u0131ndan birisi olan &#8216;AK Parti&#8217;de \u00e7atlak var m\u0131?&#8217; konusu Leman&#8217;\u0131n kapa\u011f\u0131na da \u00e7\u0131kt\u0131.\u00a0<!--more--><\/p>\n<p style=\"text-align: justify;\">Kapak karikat\u00fcr\u00fcnde Ba\u015fbakan Recep Tayyip Erdo\u011fan, Fethullah G\u00fclen&#8217;e yak\u0131nl\u0131\u011f\u0131 ile bilinen ve \u015fike yasas\u0131n\u0131 veto eden Cumhurba\u015fkan\u0131 Abdullah G\u00fcl&#8217;e &#8220;Hocan\u0131 da al git&#8221; diyor.<\/p>\n<p style=\"text-align: justify;\">Leman, bu karikat\u00fcrler asl\u0131nda \u00e7atla\u011f\u0131n AKP i\u00e7inde de\u011fil, cemaatle AKP aras\u0131nda oldu\u011fu mesaj\u0131n\u0131 verdi.<\/p>\n<p style=\"text-align: justify;\"><span style=\"text-decoration: underline;\"><strong>\u0130\u015eTE O LEMAN&#8217;IN O KAPA\u011eI:<\/strong><\/span><\/p>\n<p style=\"text-align: justify;\"><a href=\"http:\/\/www.korhanyilmaz.com\/wp-content\/uploads\/2011\/12\/8047.jpg\"  class=\"lightview\"><img loading=\"lazy\" decoding=\"async\" class=\"aligncenter size-full wp-image-44113\" title=\"\" src=\"http:\/\/www.korhanyilmaz.com\/wp-content\/uploads\/2011\/12\/8047.jpg\" alt=\"\" width=\"441\" height=\"507\" \/><\/a><\/p>\n<p style=\"text-align: justify;\"><a href=\"http:\/\/muhalifgazete.com\/27552-Leman-dan-Cemaat-AKP-kavgasina-sok-kapak.htm\" target=\"_blank\">Kaynak : Muhalif Gazete.com<\/a><\/p>\n","protected":false},"excerpt":{"rendered":"<p style=\"text-align: center;\">\n<p style=\"text-align: justify;\">Leman, \u00e7arp\u0131c\u0131 kapa\u011f\u0131yla asl\u0131nda \u00e7atla\u011f\u0131n AKP i\u00e7inde de\u011fil, cemaatle AKP aras\u0131nda oldu\u011fu mesaj\u0131n\u0131 verdi&#8230;<\/p>\n<p style=\"text-align: justify;\">Haftal\u0131k mizah dergisi Leman&#8217;\u0131n yeni say\u0131s\u0131n\u0131n kapak konusu belli oldu. G\u00fcndemin en \u00e7ok tart\u0131\u015f\u0131lan konular\u0131ndan birisi olan &#8216;AK Parti&#8217;de \u00e7atlak var m\u0131?&#8217; konusu Leman&#8217;\u0131n kapa\u011f\u0131na da \u00e7\u0131kt\u0131. <\/p>\n","protected":false},"author":1,"featured_media":0,"comment_status":"open","ping_status":"open","sticky":false,"template":"","format":"standard","meta":{"footnotes":""},"categories":[105],"tags":[],"class_list":["post-44112","post","type-post","status-publish","format-standard","hentry","category-gundem","odd"],"_links":{"self":[{"href":"http:\/\/www.korhanyilmaz.com\/index.php?rest_route=\/wp\/v2\/posts\/44112","targetHints":{"allow":["GET"]}}],"collection":[{"href":"http:\/\/www.korhanyilmaz.com\/index.php?rest_route=\/wp\/v2\/posts"}],"about":[{"href":"http:\/\/www.korhanyilmaz.com\/index.php?rest_route=\/wp\/v2\/types\/post"}],"author":[{"embeddable":true,"href":"http:\/\/www.korhanyilmaz.com\/index.php?rest_route=\/wp\/v2\/users\/1"}],"replies":[{"embeddable":true,"href":"http:\/\/www.korhanyilmaz.com\/index.php?rest_route=%2Fwp%2Fv2%2Fcomments&post=44112"}],"version-history":[{"count":0,"href":"http:\/\/www.korhanyilmaz.com\/index.php?rest_route=\/wp\/v2\/posts\/44112\/revisions"}],"wp:attachment":[{"href":"http:\/\/www.korhanyilmaz.com\/index.php?rest_route=%2Fwp%2Fv2%2Fmedia&parent=44112"}],"wp:term":[{"taxonomy":"category","embeddable":true,"href":"http:\/\/www.korhanyilmaz.com\/index.php?rest_route=%2Fwp%2Fv2%2Fcategories&post=44112"},{"taxonomy":"post_tag","embeddable":true,"href":"http:\/\/www.korhanyilmaz.com\/index.php?rest_route=%2Fwp%2Fv2%2Ftags&post=44112"}],"curies":[{"name":"wp","href":"https:\/\/api.w.org\/{rel}","templated":true}]}}