{"id":44103,"date":"2011-12-13T18:45:36","date_gmt":"2011-12-13T16:45:36","guid":{"rendered":"http:\/\/www.korhanyilmaz.com\/?p=44103"},"modified":"2011-12-13T23:10:25","modified_gmt":"2011-12-13T21:10:25","slug":"diyanetin-mollarari-girgira-kapak-oldu","status":"publish","type":"post","link":"http:\/\/www.korhanyilmaz.com\/?p=44103","title":{"rendered":"Diyanet&#8217;\u0130n mollarar\u0131 G\u0131rg\u0131r&#8217;a kapak oldu"},"content":{"rendered":"<p style=\"text-align: center;\"><a href=\"http:\/\/www.korhanyilmaz.com\/wp-content\/uploads\/2011\/12\/8045.jpg\"  class=\"lightview\"><img loading=\"lazy\" decoding=\"async\" class=\"aligncenter  wp-image-44108\" src=\"http:\/\/www.korhanyilmaz.com\/wp-content\/uploads\/2011\/12\/8045.jpg\" alt=\"\" width=\"310\" height=\"187\" \/><\/a><\/p>\n<p style=\"text-align: justify;\">H\u00fck\u00fcmetin Diyanet \u0130\u015fleri&#8217;ne s\u00f6zle\u015fmeli imam olarak almay\u0131 planlad\u0131\u011f\u0131 mollalar mizah dergisi G\u0131rg\u0131r&#8217;a kapak oldu&#8230;<\/p>\n<p style=\"text-align: justify;\">H\u00fck\u00fcmetin Diyanet \u0130\u015fleri\u2019ne s\u00f6zle\u015fmeli imam olarak almay\u0131 planlad\u0131\u011f\u0131 mollalar mizah dergisi G\u0131rg\u0131r\u2019a b\u00f6yle kapak oldu&#8230;\u00a0<!--more--><\/p>\n<p style=\"text-align: justify;\"><span style=\"text-decoration: underline;\"><strong>\u0130\u015eTE O KAPAK:<\/strong><\/span><\/p>\n<p style=\"text-align: center;\"><a href=\"http:\/\/www.korhanyilmaz.com\/wp-content\/uploads\/2011\/12\/8044.jpg\"  class=\"lightview\"><img loading=\"lazy\" decoding=\"async\" class=\"aligncenter  wp-image-44106\" src=\"http:\/\/www.korhanyilmaz.com\/wp-content\/uploads\/2011\/12\/8044.jpg\" alt=\"\" width=\"480\" height=\"630\" \/><\/a><\/p>\n<p style=\"text-align: justify;\"><a href=\"http:\/\/muhalifgazete.com\/27551-Diyanet-in-mollarari-Girgir-a-kapak-oldu.htm\" target=\"_blank\">Kaynak : Muhalif Gazete.com<\/a><\/p>\n","protected":false},"excerpt":{"rendered":"<p style=\"text-align: center;\">\n<p style=\"text-align: justify;\">H\u00fck\u00fcmetin Diyanet \u0130\u015fleri&#8217;ne s\u00f6zle\u015fmeli imam olarak almay\u0131 planlad\u0131\u011f\u0131 mollalar mizah dergisi G\u0131rg\u0131r&#8217;a kapak oldu&#8230;<\/p>\n<p style=\"text-align: justify;\">H\u00fck\u00fcmetin Diyanet \u0130\u015fleri\u2019ne s\u00f6zle\u015fmeli imam olarak almay\u0131 planlad\u0131\u011f\u0131 mollalar mizah dergisi G\u0131rg\u0131r\u2019a b\u00f6yle kapak oldu&#8230; <\/p>\n","protected":false},"author":1,"featured_media":0,"comment_status":"open","ping_status":"open","sticky":false,"template":"","format":"standard","meta":{"footnotes":""},"categories":[105],"tags":[],"class_list":["post-44103","post","type-post","status-publish","format-standard","hentry","category-gundem","odd"],"_links":{"self":[{"href":"http:\/\/www.korhanyilmaz.com\/index.php?rest_route=\/wp\/v2\/posts\/44103","targetHints":{"allow":["GET"]}}],"collection":[{"href":"http:\/\/www.korhanyilmaz.com\/index.php?rest_route=\/wp\/v2\/posts"}],"about":[{"href":"http:\/\/www.korhanyilmaz.com\/index.php?rest_route=\/wp\/v2\/types\/post"}],"author":[{"embeddable":true,"href":"http:\/\/www.korhanyilmaz.com\/index.php?rest_route=\/wp\/v2\/users\/1"}],"replies":[{"embeddable":true,"href":"http:\/\/www.korhanyilmaz.com\/index.php?rest_route=%2Fwp%2Fv2%2Fcomments&post=44103"}],"version-history":[{"count":0,"href":"http:\/\/www.korhanyilmaz.com\/index.php?rest_route=\/wp\/v2\/posts\/44103\/revisions"}],"wp:attachment":[{"href":"http:\/\/www.korhanyilmaz.com\/index.php?rest_route=%2Fwp%2Fv2%2Fmedia&parent=44103"}],"wp:term":[{"taxonomy":"category","embeddable":true,"href":"http:\/\/www.korhanyilmaz.com\/index.php?rest_route=%2Fwp%2Fv2%2Fcategories&post=44103"},{"taxonomy":"post_tag","embeddable":true,"href":"http:\/\/www.korhanyilmaz.com\/index.php?rest_route=%2Fwp%2Fv2%2Ftags&post=44103"}],"curies":[{"name":"wp","href":"https:\/\/api.w.org\/{rel}","templated":true}]}}