{"id":44099,"date":"2011-12-13T08:16:06","date_gmt":"2011-12-13T06:16:06","guid":{"rendered":"http:\/\/www.korhanyilmaz.com\/?p=44099"},"modified":"2011-12-13T22:28:22","modified_gmt":"2011-12-13T20:28:22","slug":"akpnin-kaosa-girmesi-turkiyeye-zarar-verir","status":"publish","type":"post","link":"http:\/\/www.korhanyilmaz.com\/?p=44099","title":{"rendered":"AKP\u2019nin kaosa girmesi T\u00fcrkiye\u2019ye zarar verir!"},"content":{"rendered":"<div id=\"attachment_44100\" style=\"width: 98px\" class=\"wp-caption alignright\"><img loading=\"lazy\" decoding=\"async\" aria-describedby=\"caption-attachment-44100\" class=\" wp-image-44100 \" title=\"Deniz G\u00fc\u00e7er - Vatan Gazetesi\" src=\"http:\/\/www.korhanyilmaz.com\/wp-content\/uploads\/2011\/12\/8043.jpg\" alt=\"\" width=\"88\" height=\"88\" \/><p id=\"caption-attachment-44100\" class=\"wp-caption-text\">Deniz G\u00fc\u00e7er<\/p><\/div>\n<p style=\"text-align: justify;\">Bah\u00e7eli\u2019den \u00e7arp\u0131c\u0131 yorum: T\u00fcrkiye\u2019nin bu kadar i\u00e7 ve d\u0131\u015f sorunlar\u0131n\u0131n artt\u0131\u011f\u0131 bir d\u00f6nemde, tek ba\u015f\u0131na iktidar olmu\u015f bir partinin kaosa girmesi o partiden ziyade T\u00fcrkiye\u2019ye zarar verir. \u00c7\u00fcnk\u00fc alternatif h\u00fck\u00fcmetler kurulmas\u0131 bu Meclis yap\u0131s\u0131yla m\u00fcmk\u00fcn g\u00f6r\u00fcnm\u00fcyor&#8230;<\/p>\n<p style=\"text-align: justify;\">MHP Genel Ba\u015fkan\u0131 Devlet Bah\u00e7eli, Cumhurba\u015fkan\u0131\u2019n\u0131n veto etti\u011fi ancak Meclis\u2019ten aynen ge\u00e7erek onay\u0131na sunulan \u015fike yasas\u0131 i\u00e7in de \u201cAnayasa Mahkemesi\u2019ne gitmeyi d\u00fc\u015f\u00fcnece\u011fini zannetmiyorum\u201d dedi. Bah\u00e7eli, Belediye Ba\u015fkanlar\u0131 toplant\u0131s\u0131n\u0131n ard\u0131ndan bir grup gazetecinin sorular\u0131n\u0131 yan\u0131tlad\u0131 ve \u015fu mesajlar\u0131 verdi:<!--more--><\/p>\n<p style=\"text-align: justify;\"><strong>Cumhurba\u015fkan\u0131\u2019n\u0131n \u015fike yasas\u0131n\u0131 veto etmesinin ard\u0131ndan AKP\u2019de farkl\u0131 sesler y\u00fckseldi. Sizce bir \u00e7atlak var m\u0131?\u00a0<\/strong><\/p>\n<p style=\"text-align: justify;\">AKP\u2019nin i\u00e7 b\u00fcnyesinde meydana gelen geli\u015fmeleri \u00e7ok ciddiye alarak takip etmiyoruz. Ancak AKP\u2019nin 3. d\u00f6nem siyasi iktidar\u0131n\u0131 ya\u015fad\u0131\u011f\u0131 s\u00fcre\u00e7te memnunsuzluklar\u0131n, beklentilere kar\u015f\u0131 cevap bulmaman\u0131n, baz\u0131 sorunlar\u0131n \u00e7\u00f6z\u00fclmesi konusundaki yetersizliklerin dillendirilmesi ve bir de parti y\u00f6netiminde, bakanlar kurulunda s\u00fcrekli ayn\u0131 \u015fahsiyetlerin uzun s\u00fcre bakanl\u0131k yapmas\u0131ndan dolay\u0131 partinin di\u011fer mensuplar\u0131n\u0131n beklentilerinin su y\u00fcz\u00fcne \u00e7\u0131kmas\u0131 parti i\u00e7i huzuru sarsan konular olarak kendini g\u00f6sterebilir. B\u00f6yle bir konunun spor camias\u0131n\u0131 yak\u0131ndan ilgilendiren, partiler \u00fcst\u00fc bir anlay\u0131\u015fla bug\u00fcne kadar s\u00fcrd\u00fcr\u00fclen bir meselede bir parti i\u00e7i sorun haline d\u00f6n\u00fc\u015ft\u00fcr\u00fclmesi demek ki 10. y\u0131l\u0131na giren bir s\u00fcre\u00e7teki kaynaman\u0131n ilk sesleri gibi geliyor. Bu nereye kadar varabilir, ne gibi bir siyasi sonu\u00e7 \u00e7\u0131kar onu bizim kestirmemiz m\u00fcmk\u00fcn de\u011fil. Ama Ba\u015fbakan\u2019\u0131n sa\u011fl\u0131\u011f\u0131yla alakal\u0131 s\u0131k\u0131nt\u0131l\u0131 bir d\u00f6neminde partinin kurulu\u015fu, tek ba\u015f\u0131na iktidar olu\u015fu ve sonra uzun y\u0131llar h\u00fck\u00fcmeti y\u00f6netmi\u015f olan \u015fahsiyetler aras\u0131nda bir gerginli\u011fin \u00e7\u0131kart\u0131lm\u0131\u015f olmas\u0131n\u0131, bug\u00fcnk\u00fc a\u00e7\u0131klamalardan ger\u00e7ek sebebini bulmakta yetersiz kald\u0131\u011f\u0131m\u0131 s\u00f6ylemek istiyorum. Bu kadar birbirine omuz omuza vermi\u015f olan insanlar\u0131n, hi\u00e7birinin futbolla direk alakas\u0131 olmayan bir ortamda, T\u00fcrkiye\u2019nin i\u00e7 ve d\u0131\u015f sorunlar\u0131n\u0131n yo\u011funla\u015ft\u0131\u011f\u0131, odakla\u015ft\u0131\u011f\u0131 bir ortamda bunu gerek\u00e7e g\u00f6stererek, biat k\u00fclt\u00fcr\u00fcnden ba\u015flayan ve birlikteliklerini sarsabilecek veya ba\u015fkalar\u0131na malzeme verebilecek bir hataya d\u00fc\u015fmelerini ihtimal vermedi\u011fim i\u00e7in ger\u00e7ek g\u00fcndemlerinde sakl\u0131 baz\u0131 planlar\u0131 oldu\u011fu kanatindeyim.<\/p>\n<p style=\"text-align: justify;\"><strong>Ba\u015fbakan\u2019\u0131n ameliyat\u0131ndan hemen sonra olmas\u0131n\u0131 enteresan m\u0131 buldunuz?\u00a0<\/strong><\/p>\n<p style=\"text-align: justify;\">Zaten zamanlama a\u00e7\u0131s\u0131ndan dikkate alarak s\u00f6yl\u00fcyorum. B\u00f6yle bir ortamda neden b\u00f6yle bir yola tevess\u00fcl edildi mevcut ifadeleri yeterli bulmuyorum. \u0130zahta yetersiz kal\u0131yorlar.<\/p>\n<p style=\"text-align: justify;\"><strong>Cumhurba\u015fkan\u0131 neden veto etti size g\u00f6re?\u00a0<\/strong><\/p>\n<p style=\"text-align: justify;\">Spor camias\u0131yla ilgili kul\u00fcpler esas al\u0131n\u0131nca bulunduklar\u0131 illerde taraftarlar, y\u00f6neticilerinin \u00f6ncelikle o ilin milletvekili \u00fczerinde a\u015f\u0131r\u0131 bir bask\u0131lar\u0131 oluyor. E\u011fer o kul\u00fcp \u00e7\u0131kan yasalardan memnun de\u011filse harekete ge\u00e7irecek olan unsur o ilin siyasilerine y\u00f6nelik bir bask\u0131 \u015feklinde ortaya \u00e7\u0131k\u0131yor. Oradan belki baz\u0131 seslenmeler olabilir. Ama Reisicumhur\u2019un bir seyahat an\u0131nda a\u00e7\u0131k\u00e7a, \u2018Ben de rahats\u0131z\u0131m\u2019 demesi ve bu beklentiye kar\u015f\u0131l\u0131k bir veto hakk\u0131n\u0131 kullanm\u0131\u015f olmas\u0131 bence manidar. Ama Abdullah G\u00fcl Bey\u2019le, Say\u0131n Erdo\u011fan\u2019\u0131n hangi noktadaki bulu\u015fmalar\u0131n\u0131 bir \u00f6ncelik almak i\u00e7in kullan\u0131yor ise bu kadar samimiyet \u00e7er\u00e7evesinde y\u00fcr\u00fct\u00fclm\u00fc\u015f bir siyasi m\u00fccadeleye yak\u0131\u015f\u0131k almaz diye d\u00fc\u015f\u00fcn\u00fcyorum. Beraberce daha a\u00e7\u0131k konu\u015fabilirler. Bu t\u00fcr oyunlara girmelerine gerek yok. Ama bug\u00fcn bak\u0131yorsunuz medyada konuyla ilgili yani muhalif unsurlar\u0131n tart\u0131\u015fmay\u0131 k\u00f6r\u00fckleyece\u011fi yerde bu yanda\u015f gruplar aras\u0131nda b\u00f6l\u00fcnmeyle bir tart\u0131\u015fman\u0131n k\u00f6r\u00fcklenmesi \u00e7ok ilgin\u00e7. \u00d6n\u00fcm\u00fczdeki g\u00fcnleri sa\u011fl\u0131kl\u0131 takip etmek gerekiyor. \u00c7ok a\u015f\u0131r\u0131 derecede bir tespite dayal\u0131 bir yorum yaparak siyasette yeni bir tahrik unsuru olman\u0131n da faydas\u0131 yok.<\/p>\n<p style=\"text-align: justify;\"><strong>Cumhurba\u015fkan\u0131 \u015fike yasas\u0131n\u0131 Anayasa Mahkemesi\u2019ne g\u00f6t\u00fcrebilir mi?\u00a0<\/strong><\/p>\n<p style=\"text-align: justify;\">Anayasa Mahkemesi\u2019ne gitmeyi d\u00fc\u015f\u00fcnece\u011fini zannetmiyorum. E\u011fer Anayasa Mahkemesi\u2019ne bu anlamda gitmeyi d\u00fc\u015f\u00fcn\u00fcyor ise o zaman \u015fuurlu bir kar\u015f\u0131 duru\u015f, \u015fuurlu bir \u015fekilde de sonu\u00e7ta bir \u00e7at\u0131\u015fmay\u0131 bug\u00fcnden kabul etmi\u015f olurlar. Zannediyorum bu a\u015famay\u0131 yeterli bulacaklar. Say\u0131n Ba\u015fbakan in\u015fallah sa\u011fl\u0131\u011f\u0131na k\u0131sa s\u00fcrede kavu\u015farak bu sorunlarla ilgili partide herhangi bir \u00e7atlama, yar\u0131lma gibi olaylara f\u0131rsat vermez. \u015eahsi kanaat olarak ifade etmek istersem \u015funu s\u00f6ylerim: T\u00fcrkiye\u2019nin bu kadar i\u00e7 ve d\u0131\u015f sorunlar yo\u011funlu\u011funun artt\u0131\u011f\u0131 bir d\u00f6nemde, 326 ile tek ba\u015f\u0131na iktidar olmu\u015f bir partinin bir karga\u015faya kaosa girmesi o partiden ziyade \u00fclke i\u00e7in b\u00fcy\u00fck zarar verir. \u00c7\u00fcnk\u00fc alternatif h\u00fck\u00fcmetler kurulmas\u0131 bu a\u015famada m\u00fcmk\u00fcn g\u00f6rm\u00fcyor.<\/p>\n<p style=\"text-align: justify;\">Yani Meclis\u2019teki h\u00fck\u00fcmet olma alternatifleri sa\u011fl\u0131kl\u0131 bir h\u00fck\u00fcmetin olu\u015fumuna uygun bir say\u0131sal deste\u011fi sa\u011flayacak durumda de\u011fil. Hal b\u00f6yle olunca Suriye ile gerginli\u011fin, \u0130ran tehdidinin, Orta Do\u011fu\u2019da yeniden d\u00fczenlenmenin, b\u00f6l\u00fcc\u00fc ter\u00f6rle ilgili faaliyetlerin operasyonlar\u0131n\u0131n yo\u011fun oldu\u011fu bir ortamda bir siyasal krizin, iktidar olmu\u015f bir partinin \u00e7atlamas\u0131yla yaratmas\u0131 T\u00fcrkiye\u2019ye b\u00fcy\u00fck zarar olu\u015fturur. \u00c7\u00fcnk\u00fc Meclis\u2019in bug\u00fcnk\u00fc tablosunun i\u00e7inde -\u00e7atlaman\u0131n b\u00fcy\u00fckl\u00fc\u011f\u00fc ne olursa olsun- istikrar\u0131 tekrar kurabilecek bir h\u00fck\u00fcmet \u00e7\u0131kartmak k\u0131sa d\u00f6nemde m\u00fcmk\u00fcn g\u00f6z\u00fckm\u00fcyor.<\/p>\n<p style=\"text-align: justify;\"><strong>Ba\u015fbakan bunu nas\u0131l i\u00e7ine sindirecek?\u00a0<\/strong><\/p>\n<p style=\"text-align: justify;\">Zaman gazetesinden G\u00fclerce, \u201c\u0130ktidar alt\u0131ndaki sandalyeyi itiyor\u201d gibi bir yorum yapt\u0131&#8230;<\/p>\n<p style=\"text-align: justify;\">B\u00f6yle bir yorumu \u00e7ok gayri ciddi buluruz. Herhangi bir k\u00f6\u015fe yazar\u0131n\u0131n hele hele belli bir cemaatin kalemi olarak bilinen bir \u015fahs\u0131n, \u2018Ba\u015fbakan kendi sandalyesini ayaklar\u0131yla itiyor\u2019 gibi bir c\u00fcmlesi \u015fu soruyu akla getirir: Bug\u00fcne kadar ba\u015fbakanl\u0131k makam\u0131 bir cemaatin vesayeti alt\u0131ndad\u0131r. Belli bir ki\u015fiye belli bir s\u00fcre g\u00f6rev verilmi\u015f bir makam olarak alg\u0131lan\u0131yor ve g\u00f6rev s\u00fcresi dolmadan vesayet alt\u0131ndaki bir ba\u015fbakan\u0131n ayk\u0131r\u0131 davran\u0131\u015flar\u0131ndan rahats\u0131z olunuyor ise, o zaman bu \u00e7ok daha farkl\u0131 bir anlam ta\u015f\u0131r. Yani, \u201cBiz sizi \u015fu s\u00fcre i\u00e7erisinde ba\u015fbakan olarak g\u00f6rd\u00fck ama \u015fu yanl\u0131\u015flarla siz bu makam\u0131 ayaklar\u0131n\u0131zla itekliyorsunuz\u201d gibi bir uyar\u0131 yapma hakk\u0131na sahipler mi? Ba\u015fbakan bunu ne bi\u00e7imde i\u00e7ine sindirecektir, \u00f6n\u00fcm\u00fczdeki g\u00fcnlerde bunlar\u0131 g\u00f6rmek laz\u0131m.<\/p>\n<p style=\"text-align: justify;\"><strong>\u015eike yapt\u0131r\u0131mlar\u0131 yeterli mi?\u00a0<\/strong><\/p>\n<p style=\"text-align: justify;\">Bir spor faaliyeti s\u0131ras\u0131nda meydana gelen \u015fiddet olaylar\u0131ndan kul\u00fcp y\u00f6neticilerinin su\u00e7lu tutulmas\u0131n\u0131n getirdi\u011fi rahats\u0131zl\u0131klar var. E\u011fer uygulama i\u00e7inde aksakl\u0131klar kendisini g\u00f6steriyorsa zaman i\u00e7inde spor camias\u0131yla g\u00f6r\u00fc\u015fmeler yap\u0131larak eksiklikler giderilebilir, ihtiya\u00e7 oluyorsa yeni yasa getirilebilir. Bakal\u0131m arkas\u0131ndan ne gelecek? Cumhurba\u015fkan\u0131\u2019n\u0131n Anayasa Mahkemesi\u2019ne gitme veya ba\u015fka t\u00fcrl\u00fc \u015feylerle parti i\u00e7inde kar\u015f\u0131l\u0131kl\u0131 tart\u0131\u015fmalar yaratmak, \u00f6n\u00fcm\u00fczdeki g\u00fcnlerde g\u00f6rmek istedi\u011fimiz konular olacak. Onlar\u0131 g\u00f6rd\u00fckten sonra belki ikinci bir yorum yap\u0131labilir.<\/p>\n<p style=\"text-align: justify;\"><strong>Bilin\u00e7li mi yap\u0131l\u0131yor bu tart\u0131\u015fmalar?\u00a0<\/strong><\/p>\n<p style=\"text-align: justify;\">\u00d6yle g\u00f6z\u00fck\u00fcyor.<\/p>\n<p style=\"text-align: justify;\"><strong>\u2018Rent a car\u2019dan yararlans\u0131nlar\u00a0<\/strong><\/p>\n<p style=\"text-align: justify;\"><strong>Eski otomobillerinizden birini kullan\u0131rken g\u00f6r\u00fcnt\u00fclendiniz. Makam arac\u0131n\u0131z\u0131 niye kullanmad\u0131n\u0131z?\u00a0<\/strong><\/p>\n<p style=\"text-align: justify;\">Bug\u00fcne kadar makam arabas\u0131nda araba kullanma y\u00f6n\u00fcnde bir tercihte bulunmad\u0131m. Ama m\u00fclkiyeti bize ait olan bir arabay\u0131 kullanma hakk\u0131m\u0131z\u0131 yerine getirdik. Onun i\u00e7in bizimkinin haber olma niteli\u011finden uzak olmas\u0131 laz\u0131m. Makam arabalar\u0131n\u0131 \u00f6zellikle kamu g\u00f6revlisi olan bakan, ba\u015fbakan veya cumhurba\u015fkan\u0131n\u0131n k\u0131sa bir alanda da olsa makam \u015fof\u00f6rlerini bir kenara b\u0131rakarak kullanmalar\u0131 haber niteli\u011fi ta\u015f\u0131r. O haberin yan\u0131nda bizimkinin fazla bir \u00f6nemi yoktur. En son Say\u0131n Cumhurba\u015fkan\u0131 makam arabas\u0131n\u0131 kulland\u0131. Bu gelenek rahmetli Turgut \u00d6zal\u2019la girmi\u015ftir. Araba s\u00fcrme ihtiyac\u0131n\u0131z\u0131, zevkini tatmak istiyorsan\u0131z makama gerek yok. Arabas\u0131 varsa onu de\u011ferlendirebilir. O yoksa rent a car y\u00f6ntemini kullanabilir.<\/p>\n<p style=\"text-align: justify;\"><strong>G\u00fcl\u2019\u00fcn g\u00f6rev s\u00fcresi 5+5\u00a0<\/strong><\/p>\n<p style=\"text-align: justify;\">Bize g\u00f6re be\u015f art\u0131 be\u015f. Abdullah G\u00fcl Bey a\u00e7\u0131s\u0131ndan 5+5 y\u00fcr\u00fcrl\u00fc\u011fe girerse \u00f6n\u00fcm\u00fczdeki d\u00f6nem 5 y\u0131l daha talip olma hakk\u0131 yasal olarak var. 7 y\u0131l bu hakk\u0131 G\u00fcl\u2019den al\u0131r. Ozaman yasal olarak se\u00e7ilmesi s\u00f6z konusu de\u011fildir. Onun i\u00e7in uzatmak istenmiyorsa 7\u2019de \u0131srar edilerek iki y\u0131l sabredilebilir. \u00d6te yandan 5+5\u2019le G\u00fcl\u2019\u00fcn bir 5 y\u0131l daha iktidarda kalmas\u0131n\u0131 isteyenler bu form\u00fcl\u00fc destekleyeceklerdir. Ama T\u00fcrkiye\u2019deki yasal istikrar\u0131n korunmas\u0131 a\u00e7\u0131s\u0131ndan 5+5\u2019in uygulanmas\u0131ndan yanay\u0131z.<\/p>\n<p style=\"text-align: justify;\"><strong>Ba\u015fbakan K\u00f6\u015fk\u2019e aday olacak m\u0131?\u00a0<\/strong><\/p>\n<p style=\"text-align: justify;\">Eskiden beri kendine g\u00f6re yapm\u0131\u015f oldu\u011fu siyaset planlamas\u0131nda \u00e7\u0131rakl\u0131k, kalfal\u0131k, ustal\u0131\u011f\u0131 a\u015fama a\u015fama benimseyerek uygulamaya koyan bir ki\u015fi ustal\u0131ktan sonra neyi d\u00fc\u015f\u00fcn\u00fcr sorusunda siyasi emekli olamayaca\u011f\u0131na g\u00f6re cumhurba\u015fkan\u0131 onun h\u00fclyas\u0131d\u0131r diye d\u00fc\u015f\u00fcn\u00fcr\u00fcm. Aday olmak da hakk\u0131d\u0131r. Ama se\u00e7ilir mi se\u00e7ilmez mi ayr\u0131 bir konu. Zannediyorum niyeti var herhalde.<\/p>\n<p style=\"text-align: justify;\"><strong>1 metrelik k\u0131ta sahanl\u0131\u011f\u0131n\u0131 koruyun\u00a0<\/strong><\/p>\n<p style=\"text-align: justify;\">Meclis\u2019teki gerginlik gittik\u00e7e art\u0131yor. Bu t\u00fcr uygulamalar Meclis\u2019i etkin ve verimli \u00e7al\u0131\u015fma ortam\u0131ndan uzakla\u015ft\u0131r\u0131r. Biz MHP olarak arkada\u015flar\u0131m\u0131za ho\u015fg\u00f6r\u00fcl\u00fc, sab\u0131rl\u0131 olmalar\u0131n\u0131 bir metrelik k\u0131ta sahanl\u0131\u011f\u0131n\u0131 da korumalar\u0131n\u0131 istiyoruz.<\/p>\n<p style=\"text-align: justify;\">Hafta sonu Antalya\u2019da MHP\u2019li belediye ba\u015fkanlar\u0131yla bir araya gelen MHP lideri Devlet Bah\u00e7eli, y\u00f6r\u00fck \u00e7ad\u0131r\u0131n\u0131 gezerken&#8230;<\/p>\n<p style=\"text-align: justify;\"><a href=\"http:\/\/haber.gazetevatan.com\/Haber\/417329\/1\/Gundem\" target=\"_blank\">Kaynak : VATAN Gazetesi<\/a><\/p>\n","protected":false},"excerpt":{"rendered":"<p id=\"caption-attachment-44100\" class=\"wp-caption-text\">Deniz G\u00fc\u00e7er<\/p>\n<p style=\"text-align: justify;\">Bah\u00e7eli\u2019den \u00e7arp\u0131c\u0131 yorum: T\u00fcrkiye\u2019nin bu kadar i\u00e7 ve d\u0131\u015f sorunlar\u0131n\u0131n artt\u0131\u011f\u0131 bir d\u00f6nemde, tek ba\u015f\u0131na iktidar olmu\u015f bir partinin kaosa girmesi o partiden ziyade T\u00fcrkiye\u2019ye zarar verir. \u00c7\u00fcnk\u00fc alternatif h\u00fck\u00fcmetler kurulmas\u0131 bu Meclis yap\u0131s\u0131yla m\u00fcmk\u00fcn g\u00f6r\u00fcnm\u00fcyor&#8230;<\/p>\n<p style=\"text-align: justify;\">MHP Genel Ba\u015fkan\u0131 Devlet Bah\u00e7eli, Cumhurba\u015fkan\u0131\u2019n\u0131n veto etti\u011fi ancak Meclis\u2019ten aynen <\/p>\n","protected":false},"author":1,"featured_media":0,"comment_status":"open","ping_status":"open","sticky":false,"template":"","format":"standard","meta":{"footnotes":""},"categories":[16],"tags":[548],"class_list":["post-44099","post","type-post","status-publish","format-standard","hentry","category-kose-yazilari","tag-deniz-gucer","odd"],"_links":{"self":[{"href":"http:\/\/www.korhanyilmaz.com\/index.php?rest_route=\/wp\/v2\/posts\/44099","targetHints":{"allow":["GET"]}}],"collection":[{"href":"http:\/\/www.korhanyilmaz.com\/index.php?rest_route=\/wp\/v2\/posts"}],"about":[{"href":"http:\/\/www.korhanyilmaz.com\/index.php?rest_route=\/wp\/v2\/types\/post"}],"author":[{"embeddable":true,"href":"http:\/\/www.korhanyilmaz.com\/index.php?rest_route=\/wp\/v2\/users\/1"}],"replies":[{"embeddable":true,"href":"http:\/\/www.korhanyilmaz.com\/index.php?rest_route=%2Fwp%2Fv2%2Fcomments&post=44099"}],"version-history":[{"count":0,"href":"http:\/\/www.korhanyilmaz.com\/index.php?rest_route=\/wp\/v2\/posts\/44099\/revisions"}],"wp:attachment":[{"href":"http:\/\/www.korhanyilmaz.com\/index.php?rest_route=%2Fwp%2Fv2%2Fmedia&parent=44099"}],"wp:term":[{"taxonomy":"category","embeddable":true,"href":"http:\/\/www.korhanyilmaz.com\/index.php?rest_route=%2Fwp%2Fv2%2Fcategories&post=44099"},{"taxonomy":"post_tag","embeddable":true,"href":"http:\/\/www.korhanyilmaz.com\/index.php?rest_route=%2Fwp%2Fv2%2Ftags&post=44099"}],"curies":[{"name":"wp","href":"https:\/\/api.w.org\/{rel}","templated":true}]}}