{"id":44091,"date":"2011-12-13T15:45:26","date_gmt":"2011-12-13T13:45:26","guid":{"rendered":"http:\/\/www.korhanyilmaz.com\/?p=44091"},"modified":"2011-12-13T20:31:19","modified_gmt":"2011-12-13T18:31:19","slug":"mitcileri-zaman-asimi-kurtardi","status":"publish","type":"post","link":"http:\/\/www.korhanyilmaz.com\/?p=44091","title":{"rendered":"M\u0130T&#8217;\u00e7ileri zaman a\u015f\u0131m\u0131 kurtard\u0131"},"content":{"rendered":"<p style=\"text-align: center;\"><a href=\"http:\/\/www.korhanyilmaz.com\/wp-content\/uploads\/2011\/12\/8041.jpg\"  class=\"lightview\"><img loading=\"lazy\" decoding=\"async\" class=\"aligncenter  wp-image-44092\" src=\"http:\/\/www.korhanyilmaz.com\/wp-content\/uploads\/2011\/12\/8041.jpg\" alt=\"\" width=\"351\" height=\"189\" \/><\/a><\/p>\n<p style=\"text-align: justify;\">Ankara Cumhuriyet Ba\u015fsavc\u0131l\u0131\u011f\u0131, Agos Gazetesi Genel Yay\u0131n Y\u00f6netmeni Hrant Dink&#8217;in \u00f6ld\u00fcr\u00fclmesine ili\u015fkin M\u0130T g\u00f6revlileri \u00d6zel Y\u0131lmaz ve Handan Sel\u00e7uk i\u00e7in &#8220;zamana\u015f\u0131m\u0131 s\u00fcresinin doldu\u011funu&#8221; belirterek kovu\u015fturmaya gerek olmad\u0131\u011f\u0131na karar verdi.\u00a0<!--more--><\/p>\n<p style=\"text-align: justify;\">Gazeteci Hrant Dink\u2019i 2004 y\u0131l\u0131nda \u0130stanbul Valili\u011fine \u00e7a\u011f\u0131rarak \u2018uyard\u0131\u011f\u0131\u2019 iddia edilen M\u0130T g\u00f6revlileri \u00d6zel Y\u0131lmaz ve Handan Sel\u00e7uk hakk\u0131nda, Dink ailesi avukatlar\u0131n\u0131n ba\u015fvurusu \u00fczerine soru\u015fturma ba\u015flat\u0131lm\u0131\u015ft\u0131. Ankara Cumhuriyet Ba\u015fsavc\u0131l\u0131\u011f\u0131 taraf\u0131ndan yakla\u015f\u0131k 1 y\u0131ld\u0131r y\u00fcr\u00fct\u00fclen soru\u015fturmada Eyl\u00fcl ay\u0131nda \u201ckovu\u015fturmaya yer olmad\u0131\u011f\u0131&#8221; karar\u0131 verildi. Ankara Cumhuriyet Savc\u0131s\u0131 Murat Demir taraf\u0131ndan verilen kararda, \u201c\u015e\u00fcphelilerin Hrant Dink\u2019in de kat\u0131ld\u0131\u011f\u0131 \u0130stanbul Valili\u011fi\u2019nde d\u00f6nemin Vali Yard\u0131mc\u0131s\u0131 Erg\u00fcn G\u00fcng\u00f6r ba\u015fkanl\u0131\u011f\u0131nda yap\u0131lan toplant\u0131ya kat\u0131ld\u0131klar\u0131, bu toplant\u0131da Sabiha G\u00f6k\u00e7en hakk\u0131nda yap\u0131lan haberin konu\u015fuldu\u011fu ve Hant Dink\u2019in elinde bulunan ve Sabiha G\u00f6k\u00e7en ve yak\u0131nlar\u0131na ait oldu\u011fu iddia edilen belge foto\u011fraflar\u0131 Vali Yard\u0131mc\u0131s\u0131 vas\u0131tas\u0131yla ald\u0131klar\u0131 ve M\u0130T M\u00fcste\u015farl\u0131\u011f\u0131\u2019na teslim ettikleri belirlenmi\u015ftir&#8221; denildi.<\/p>\n<p style=\"text-align: justify;\"><strong>\u201cTEDB\u0130R \u0130\u00c7\u0130N HERHANG\u0130 B\u0130R G\u0130R\u0130\u015e\u0130MDE BULUNMADILAR&#8221;\u00a0<\/strong><\/p>\n<p style=\"text-align: justify;\">Savc\u0131l\u0131k karar\u0131nda \u015fu ifadeler yer ald\u0131:<\/p>\n<p style=\"text-align: justify;\">\u201c24 \u015eubat 2004 tarihinde yap\u0131lan toplant\u0131da Hrant Dink\u2019e hitaben \u015f\u00fcpheliler taraf\u0131ndan \u2018Sabiha G\u00f6k\u00e7en ile ilgili haberlerin toplum i\u00e7inde infial uyand\u0131rabilece\u011fi ve duyum ve s\u00f6ylentilere dayanan bu haberleri yay\u0131nlaman\u0131n \u00f6zellikle toplumda bulunan baz\u0131 ki\u015fi ve \u00e7evrelerce \u00e7arp\u0131t\u0131larak kullan\u0131labilece\u011fi hususlar\u0131n\u0131n ifade edildi\u011fi\u2019 tespit edilmi\u015ftir. Bu bilgiler \u0131\u015f\u0131\u011f\u0131nda Hrant Dink\u2019in 2004 y\u0131l\u0131n\u0131n \u015fubat ay\u0131nda yap\u0131lan g\u00f6r\u00fc\u015fmeden sonra baz\u0131 ki\u015filerce hedef al\u0131nd\u0131\u011f\u0131, hayat\u0131n\u0131n tehlike alt\u0131nda oldu\u011fu, ilgililerin bu durumu bildi\u011fi, buna ba\u011fl\u0131 olarak Hrant Dink\u2019i uyard\u0131klar\u0131 ancak bu uyar\u0131y\u0131 \u00fcst makamlara bildirip gerekli tedbirin al\u0131nmas\u0131 i\u00e7in herhangi bir giri\u015fimde bulunmad\u0131klar\u0131 tespit olunmu\u015ftur&#8221;<\/p>\n<p style=\"text-align: justify;\"><strong>\u201cZAMANA\u015eIMI S\u00dcRES\u0130 5 YIL&#8221;\u00a0<\/strong><\/p>\n<p style=\"text-align: justify;\">Kararda &#8220;\u015f\u00fcphelilerin \u00fczerlerine at\u0131l\u0131 su\u00e7un g\u00f6revi ihmal veya g\u00f6revi k\u00f6t\u00fcyle kullanma su\u00e7lar\u0131n\u0131 d\u00fczenleyen maddeleri ihlal eder nitelikte oldu\u011fu ancak 5 y\u0131ll\u0131k zaman a\u015f\u0131m\u0131 s\u00fcresinin doldu\u011fu, \u015f\u00fcphelilere soru\u015fturma izni verilmesini gerektiren eylem olan toplant\u0131n\u0131n 24 \u015eubat 2004 tarihinden itibaren 24 \u015eubat 2009\u2019da doldu\u011fu&#8221; ifade edildi. \u015e\u00fcpheliler hakk\u0131nda soru\u015fturma izninin 21 Ocak 2011 tarihinde verildi\u011fi, izin tarihi itibariyle \u015f\u00fcphelilerin \u00fczerine at\u0131l\u0131 su\u00e7un zamana\u015f\u0131m\u0131na u\u011fram\u0131\u015f oldu\u011fu vurgusu yap\u0131larak \u201cZamana\u015f\u0131m\u0131 nedeniyle \u015f\u00fcpheliler hakk\u0131nda kovu\u015fturmaya yer olmad\u0131\u011f\u0131na&#8221; karar verildi.<\/p>\n<p style=\"text-align: justify;\"><strong>AVUKATLARDAN KARARA \u0130T\u0130RAZ\u00a0<\/strong><\/p>\n<p style=\"text-align: justify;\">Karar\u0131 alan avukatlar, Sincan A\u011f\u0131r Ceza Mahkemesi\u2019ne itiraz etti. Ba\u015fsavc\u0131l\u0131\u011f\u0131n kovu\u015fturmaya yer olmad\u0131\u011f\u0131na dair karar\u0131n\u0131n bozulmas\u0131n\u0131 talep eden Dink Ailesi\u2019nin avukatlar\u0131 dilek\u00e7ede, kanunlara g\u00f6re s\u00f6z konusu ki\u015filerin Hrant Dink cinayetini engellemek, koruyucu ve \u00f6nleyici tedbirler almakla y\u00fck\u00fcml\u00fc olduklar\u0131n\u0131 belirtti. Dilek\u00e7ede, Y\u0131lmaz ve Sel\u00e7uk\u2019un, bu y\u00fck\u00fcml\u00fcl\u00fcklerini yerine getirmedikleri i\u00e7in TCK&#8217;n\u0131n 83. maddesine g\u00f6re Hrant Dink cinayetinden sorumlu olduklar\u0131 kaydedildi. Su\u00e7 tarihinin Hrant Dink\u2019in \u00f6ld\u00fcr\u00fcld\u00fc\u011f\u00fc 19 Ocak 2007 olarak kabul edilmesi gerekti\u011finin belirtildi\u011fi dilek\u00e7ede \u015fu ifadelere yer verildi:<\/p>\n<p style=\"text-align: justify;\">\u201c\u015e\u00fcphelilerin eylemleri a\u00e7\u0131kt\u0131r. Yasadan kaynaklanan g\u00f6revlerini yerine getirerek \u00f6nlem alm\u0131\u015f olsalard\u0131 Hrant Dink\u2019in \u00f6ld\u00fcr\u00fclmesine engel olacaklard\u0131. Olmad\u0131lar. O halde eylemleri ihmal yoluyla insan \u00f6ld\u00fcrmedir. Kasten insan \u00f6ld\u00fcrme eylemini ihmali davran\u0131\u015fla i\u015flemi\u015flerdir. Bu su\u00e7tan yarg\u0131lanmalar\u0131 gerekir. Kovu\u015fturmaya yer olmad\u0131\u011f\u0131 karar\u0131 verilerek bu yarg\u0131laman\u0131n \u00f6n\u00fcn\u00fcn kesilmesi hukuki de\u011fildir.&#8221;<\/p>\n<p style=\"text-align: justify;\"><a href=\"http:\/\/haber.gazetevatan.com\/mitcileri-zaman-asimi-kurtardi\/417455\/1\/Gundem\" target=\"_blank\">Kaynak : VATAN Gazetesi<\/a><\/p>\n","protected":false},"excerpt":{"rendered":"<p style=\"text-align: center;\">\n<p style=\"text-align: justify;\">Ankara Cumhuriyet Ba\u015fsavc\u0131l\u0131\u011f\u0131, Agos Gazetesi Genel Yay\u0131n Y\u00f6netmeni Hrant Dink&#8217;in \u00f6ld\u00fcr\u00fclmesine ili\u015fkin M\u0130T g\u00f6revlileri \u00d6zel Y\u0131lmaz ve Handan Sel\u00e7uk i\u00e7in &#8220;zamana\u015f\u0131m\u0131 s\u00fcresinin doldu\u011funu&#8221; belirterek kovu\u015fturmaya gerek olmad\u0131\u011f\u0131na karar verdi. <\/p>\n","protected":false},"author":1,"featured_media":0,"comment_status":"open","ping_status":"open","sticky":false,"template":"","format":"standard","meta":{"footnotes":""},"categories":[105],"tags":[],"class_list":["post-44091","post","type-post","status-publish","format-standard","hentry","category-gundem","odd"],"_links":{"self":[{"href":"http:\/\/www.korhanyilmaz.com\/index.php?rest_route=\/wp\/v2\/posts\/44091","targetHints":{"allow":["GET"]}}],"collection":[{"href":"http:\/\/www.korhanyilmaz.com\/index.php?rest_route=\/wp\/v2\/posts"}],"about":[{"href":"http:\/\/www.korhanyilmaz.com\/index.php?rest_route=\/wp\/v2\/types\/post"}],"author":[{"embeddable":true,"href":"http:\/\/www.korhanyilmaz.com\/index.php?rest_route=\/wp\/v2\/users\/1"}],"replies":[{"embeddable":true,"href":"http:\/\/www.korhanyilmaz.com\/index.php?rest_route=%2Fwp%2Fv2%2Fcomments&post=44091"}],"version-history":[{"count":0,"href":"http:\/\/www.korhanyilmaz.com\/index.php?rest_route=\/wp\/v2\/posts\/44091\/revisions"}],"wp:attachment":[{"href":"http:\/\/www.korhanyilmaz.com\/index.php?rest_route=%2Fwp%2Fv2%2Fmedia&parent=44091"}],"wp:term":[{"taxonomy":"category","embeddable":true,"href":"http:\/\/www.korhanyilmaz.com\/index.php?rest_route=%2Fwp%2Fv2%2Fcategories&post=44091"},{"taxonomy":"post_tag","embeddable":true,"href":"http:\/\/www.korhanyilmaz.com\/index.php?rest_route=%2Fwp%2Fv2%2Ftags&post=44091"}],"curies":[{"name":"wp","href":"https:\/\/api.w.org\/{rel}","templated":true}]}}