{"id":44087,"date":"2011-12-13T18:15:35","date_gmt":"2011-12-13T16:15:35","guid":{"rendered":"http:\/\/www.korhanyilmaz.com\/?p=44087"},"modified":"2011-12-13T19:17:06","modified_gmt":"2011-12-13T17:17:06","slug":"karakoldaki-dayakta-yeni-skandal","status":"publish","type":"post","link":"http:\/\/www.korhanyilmaz.com\/?p=44087","title":{"rendered":"Karakoldaki dayakta yeni skandal"},"content":{"rendered":"<p style=\"text-align: justify;\"><a href=\"http:\/\/www.korhanyilmaz.com\/wp-content\/uploads\/2011\/12\/8040.jpg\"  class=\"lightview\"><img loading=\"lazy\" decoding=\"async\" class=\"aligncenter size-full wp-image-44088\" title=\"\" src=\"http:\/\/www.korhanyilmaz.com\/wp-content\/uploads\/2011\/12\/8040.jpg\" alt=\"\" width=\"300\" height=\"225\" \/><\/a><\/p>\n<p style=\"text-align: justify;\">\u0130zmir&#8217;deki Karaba\u011flar Karakolu&#8217;nda polisler taraf\u0131ndan d\u00f6v\u00fclmesiyle ilgili g\u00f6r\u00fcnt\u00fcler b\u00fcy\u00fck yank\u0131 uyand\u0131ran Fevziye Cengiz, a\u00e7\u0131\u011fa al\u0131nan polis memurlar\u0131yla ilgili y\u00fcr\u00fct\u00fclen idari soru\u015fturma kapsam\u0131nda \u0130zmir Emniyet M\u00fcd\u00fcrl\u00fc\u011f\u00fc&#8217;ne giderek ifade verdi.\u00a0<!--more--><\/p>\n<p style=\"text-align: justify;\">Ge\u00e7en Temmuz ay\u0131nda e\u015fiyle gitti\u011fi Karaba\u011flar \u0130l\u00e7esi&#8217;ndeki m\u00fczikholde g\u00f6zalt\u0131na al\u0131nan, g\u00f6t\u00fcr\u00fcld\u00fc\u011f\u00fc karakolda polis memurlar\u0131ndan yedi\u011fi dayak g\u00f6r\u00fcnt\u00fcleri ortaya \u00e7\u0131kan Fevziye Cengiz, e\u015fi Murat Cengiz ile birlikte, \u00f6\u011fle saatlerinde, Konak&#8217;taki Emniyet M\u00fcd\u00fcrl\u00fc\u011f\u00fc binas\u0131na gitti.<\/p>\n<p style=\"text-align: justify;\">Avukat\u0131yla birlikte Hukuk \u015eube M\u00fcd\u00fcrl\u00fc\u011f\u00fc&#8217;ne giren Fevziye Cengiz&#8217;in, a\u00e7\u0131\u011fa al\u0131nan polis memurlar\u0131yla ilgili y\u00fcr\u00fct\u00fclen idari soru\u015fturma kapsam\u0131nda ifadesine ba\u015fvuruldu.<\/p>\n<p style=\"text-align: justify;\">H\u0131zl\u0131 ad\u0131mlarla emniyete giden Fevziye Cengiz&#8217;in sa\u00e7lar\u0131n\u0131 da boyatt\u0131\u011f\u0131 dikkati \u00e7ekti.<\/p>\n<p style=\"text-align: justify;\">Soru\u015fturman\u0131n detaylar\u0131 da ortaya \u00e7\u0131kmaya devam ederken, polis memurlar\u0131n\u0131n yarg\u0131lanaca\u011f\u0131 17&#8217;inci Sulh Ceza Mahkemesi&#8217;ndeki davayla ilgili, Cumhuriyet Savc\u0131s\u0131 taraf\u0131ndan atanan bilirki\u015filerin de yanl\u0131 rapor tutarak soru\u015fturmay\u0131 etkiledi\u011fi ileri s\u00fcr\u00fcld\u00fc.<\/p>\n<p style=\"text-align: justify;\">Bilirki\u015fi olarak atanan polis memurlar\u0131 M.D., M.K. ve \u00dc.D.&#8217;nin, kamera g\u00f6r\u00fcnt\u00fclerinin sadece baz\u0131 yerlerinden foto\u011fraflar alarak, soru\u015fturma evrak\u0131na yorumlar\u0131n\u0131 ekleyip Cumhuriyet Savc\u0131s\u0131&#8217;na teslim etti\u011fi dile getirildi.<\/p>\n<p style=\"text-align: justify;\">Soru\u015fturma evrak\u0131ndaki bilirki\u015fi raporlar\u0131nda, polisin kad\u0131n\u0131 d\u00f6vmesinden \u00e7ok, kad\u0131n\u0131n g\u00f6sterdi\u011fi mukavemet yorumlar\u0131n\u0131n yer ald\u0131\u011f\u0131 ortaya \u00e7\u0131kt\u0131.<\/p>\n<p style=\"text-align: justify;\">Fevziye Cengiz&#8217;in avukatlar\u0131n\u0131n da, soru\u015fturmay\u0131 yanl\u0131\u015f y\u00f6nlendirdikleri gerek\u00e7isiyle bilirki\u015filer hakk\u0131nda da dava a\u00e7mak i\u00e7in haz\u0131rl\u0131k yapt\u0131\u011f\u0131 kaydedildi.<\/p>\n<p style=\"text-align: justify;\"><strong>Delil foto\u011fraflar dosyada\u00a0<\/strong><\/p>\n<p style=\"text-align: justify;\">Fevziye Cengiz&#8217;in olaydan sonra kendi cep telefonundan \u00e7ekti\u011fi, y\u00fcz\u00fcndeki izleri g\u00f6steren foto\u011fraflar da dava dosyalar\u0131nda delil olarak yer ald\u0131.<\/p>\n<p style=\"text-align: justify;\">Foto\u011fraflarda, adli t\u0131p uzman\u0131n\u0131n, basit ekimoz dedi\u011finin aksine Cengiz&#8217;in sa\u011f yana\u011f\u0131ndaki derin izler dikkat \u00e7ekti.<\/p>\n<p style=\"text-align: justify;\"><strong>Raporu haz\u0131rlayan doktora tepki\u00a0<\/strong><\/p>\n<p style=\"text-align: justify;\">Raporu veren Dr. A.T. ile ilgili konu\u015fan \u0130zmir Tabip Odas\u0131 Y\u00f6netim Kurulu Ba\u015fkan\u0131 Erdener \u00d6zer ise, olay\u0131n mutlaka ara\u015ft\u0131r\u0131lmas\u0131 ve incelenmesi gerekti\u011fini belirterek konuyla ilgili toplant\u0131 yapacaklar\u0131n\u0131, ortada doktor taraf\u0131ndan i\u015flenmi\u015f su\u00e7 s\u00f6z konusuysa disiplin y\u00f6netmeli\u011fi gere\u011fince i\u015flem yap\u0131laca\u011f\u0131n\u0131 belirtti.<\/p>\n<p style=\"text-align: justify;\">\u00d6zer, &#8220;T\u00fcrk Tabipler Birli\u011fi&#8217;nin Disiplin Y\u00f6netmeli\u011fi \u00e7er\u00e7evesinde gerekeni yapaca\u011f\u0131z. Ama bu sadece inceleme a\u015famas\u0131nda. Sonu\u00e7la ilgili geli\u015fmeleri \u00f6n\u00fcm\u00fczdeki d\u00f6nemde kamuoyuyla payla\u015faca\u011f\u0131z&#8221; diye konu\u015ftu.<\/p>\n<p style=\"text-align: justify;\">G\u00f6r\u00fcnt\u00fcleri izledi\u011fini ve buna &#8216;darp edilmemi\u015ftir&#8217; raporu vermenin m\u00fcmk\u00fcn olmad\u0131\u011f\u0131n\u0131 savunan \u00d6zer, &#8220;Biz hekimimizin nas\u0131l bir rapor verdi\u011fini bilmiyoruz. Bu konuda yorum yapamay\u0131z ama tabii ki g\u00f6r\u00fcnt\u00fclerden darp edilmemi\u015f ki\u015fi izlenimi al\u0131nm\u0131yor. O nedenle ben mesleki etik de\u011ferlere ba\u011fl\u0131 olarak raporunu verdi\u011fi inanc\u0131nday\u0131m. Soru\u015fturman\u0131n sonucunu payla\u015faca\u011f\u0131z&#8221; dedi.<\/p>\n<p style=\"text-align: justify;\">&#8216;Darp raporu&#8217; verilmemesinin ortaya \u00e7\u0131kmas\u0131n\u0131n ard\u0131ndan polislerin doktorlar \u00fczerinde bask\u0131s\u0131n\u0131n olup olmad\u0131\u011f\u0131 y\u00f6n\u00fcndeki soruya da yan\u0131t veren \u00d6zer, \u015f\u00f6yle konutu: &#8220;Bizim bu konuyla ilgili, bu durumda bir hastaya nas\u0131l yakla\u015f\u0131lmas\u0131 gerekti\u011fi a\u015fikar. Kan\u0131ta dayal\u0131 t\u0131p verileri i\u00e7inde bunu yap\u0131yoruz. Bunun bir protokol\u00fc vard\u0131r ve bunu uyguluyoruz. E\u011fer bir hekim Hipokrat yemini ettiyse bu protokole uymak zorundad\u0131r. Olay\u0131 tam bilmiyorum. Polis bask\u0131s\u0131yla olup olmad\u0131\u011f\u0131 konusunda bir \u015fey s\u00f6ylemem do\u011fru de\u011fil. Ama bir hekimin her t\u00fcrl\u00fc bask\u0131ya kar\u015f\u0131 boyun e\u011fmeden yapmas\u0131 gereken hizmeti ve de\u011ferlendirmeyi yapmak zorundad\u0131r. Yeminimizin gere\u011fidir. Etik a\u00e7\u0131dan da bu b\u00f6yledir.&#8221;<\/p>\n<p style=\"text-align: justify;\"><strong>Soru \u00f6nergesi\u00a0<\/strong><\/p>\n<p style=\"text-align: justify;\">Olayla ilgili CHP Zonguldak Milletvekili Ali \u0130hsan K\u00f6kt\u00fcrk ise, Adalet Bakan\u0131 Sadullah Ergin ve \u0130\u00e7i\u015fleri Bakan\u0131 \u0130dris Naim \u015eahin taraf\u0131ndan cevaplanmas\u0131 istemiyle TBMM&#8217;ye bir soru \u00f6nergesi verdi. Olay\u0131n, T\u00fcrkiye&#8217;de sistem sorunu oldu\u011funu dile getiren K\u00f6kt\u00fcrk, tutanaklar\u0131n \u00e7arp\u0131t\u0131lmas\u0131n\u0131n, emniyetin hangi noktaya geldi\u011finin bir g\u00f6stergesi mi oldu\u011funu, savc\u0131lar ve hekimlerle ilgili geni\u015f kapsaml\u0131 bir soru\u015fturma yap\u0131l\u0131p yap\u0131lmayaca\u011f\u0131n\u0131 sordu.<\/p>\n<p style=\"text-align: justify;\"><a href=\"http:\/\/www.cnnturk.com\/2011\/guncel\/12\/13\/karakoldaki.dayakta.yeni.skandal\/640394.0\/index.html\" target=\"_blank\">Kaynak : CNN T\u00dcRK<\/a><\/p>\n","protected":false},"excerpt":{"rendered":"<p style=\"text-align: justify;\">\n<p style=\"text-align: justify;\">\u0130zmir&#8217;deki Karaba\u011flar Karakolu&#8217;nda polisler taraf\u0131ndan d\u00f6v\u00fclmesiyle ilgili g\u00f6r\u00fcnt\u00fcler b\u00fcy\u00fck yank\u0131 uyand\u0131ran Fevziye Cengiz, a\u00e7\u0131\u011fa al\u0131nan polis memurlar\u0131yla ilgili y\u00fcr\u00fct\u00fclen idari soru\u015fturma kapsam\u0131nda \u0130zmir Emniyet M\u00fcd\u00fcrl\u00fc\u011f\u00fc&#8217;ne giderek ifade verdi. <\/p>\n","protected":false},"author":1,"featured_media":0,"comment_status":"open","ping_status":"open","sticky":false,"template":"","format":"standard","meta":{"footnotes":""},"categories":[105],"tags":[],"class_list":["post-44087","post","type-post","status-publish","format-standard","hentry","category-gundem","odd"],"_links":{"self":[{"href":"http:\/\/www.korhanyilmaz.com\/index.php?rest_route=\/wp\/v2\/posts\/44087","targetHints":{"allow":["GET"]}}],"collection":[{"href":"http:\/\/www.korhanyilmaz.com\/index.php?rest_route=\/wp\/v2\/posts"}],"about":[{"href":"http:\/\/www.korhanyilmaz.com\/index.php?rest_route=\/wp\/v2\/types\/post"}],"author":[{"embeddable":true,"href":"http:\/\/www.korhanyilmaz.com\/index.php?rest_route=\/wp\/v2\/users\/1"}],"replies":[{"embeddable":true,"href":"http:\/\/www.korhanyilmaz.com\/index.php?rest_route=%2Fwp%2Fv2%2Fcomments&post=44087"}],"version-history":[{"count":0,"href":"http:\/\/www.korhanyilmaz.com\/index.php?rest_route=\/wp\/v2\/posts\/44087\/revisions"}],"wp:attachment":[{"href":"http:\/\/www.korhanyilmaz.com\/index.php?rest_route=%2Fwp%2Fv2%2Fmedia&parent=44087"}],"wp:term":[{"taxonomy":"category","embeddable":true,"href":"http:\/\/www.korhanyilmaz.com\/index.php?rest_route=%2Fwp%2Fv2%2Fcategories&post=44087"},{"taxonomy":"post_tag","embeddable":true,"href":"http:\/\/www.korhanyilmaz.com\/index.php?rest_route=%2Fwp%2Fv2%2Ftags&post=44087"}],"curies":[{"name":"wp","href":"https:\/\/api.w.org\/{rel}","templated":true}]}}