{"id":44083,"date":"2011-12-13T16:41:40","date_gmt":"2011-12-13T14:41:40","guid":{"rendered":"http:\/\/www.korhanyilmaz.com\/?p=44083"},"modified":"2011-12-13T19:08:01","modified_gmt":"2011-12-13T17:08:01","slug":"isikara-egedeki-sessizlik-hayra-alamet-degil","status":"publish","type":"post","link":"http:\/\/www.korhanyilmaz.com\/?p=44083","title":{"rendered":"I\u015f\u0131kara: Ege&#8217;deki sessizlik hayra alamet de\u011fil"},"content":{"rendered":"<p style=\"text-align: center;\"><a href=\"http:\/\/www.korhanyilmaz.com\/wp-content\/uploads\/2011\/12\/8039.jpg\"  class=\"lightview\"><img loading=\"lazy\" decoding=\"async\" class=\"aligncenter  wp-image-44084\" src=\"http:\/\/www.korhanyilmaz.com\/wp-content\/uploads\/2011\/12\/8039.jpg\" alt=\"\" width=\"380\" height=\"218\" \/><\/a><\/p>\n<p style=\"text-align: justify;\">Prof. Dr. Ahmet Mete I\u015f\u0131kara, Ege B\u00f6lgesi&#8217;nde 1 Kas\u0131m 1992&#8217;deki 6 b\u00fcy\u00fckl\u00fc\u011f\u00fcndeki \u0130zmir depreminden sonra bir sessizlik ya\u015fand\u0131\u011f\u0131n\u0131 belirterek, &#8220;Bu sessizlik hayra alamet de\u011fil. Bunu g\u00f6z ard\u0131 etmeyelim ve bir an \u00f6nce depreme haz\u0131rl\u0131kl\u0131 olal\u0131m&#8221; dedi.<!--more--><\/p>\n<p style=\"text-align: justify;\">MAN\u0130SA &#8211; Prof. Dr. Ahmet Mete I\u015f\u0131kara,ilk\u00f6\u011fretim \u00f6\u011frencilerine y\u00f6nelik deprem e\u011fitiminin ard\u0131ndan, gazetecilerin deprem ile ilgili sorular\u0131n\u0131 yan\u0131tlad\u0131. &#8220;Ege&#8217;de b\u00fcy\u00fck bir deprem olabilir mi?&#8221; sorusuna Prof. Dr. I\u015f\u0131kara,&#8221;Her an haz\u0131r olun&#8221; yan\u0131t\u0131n\u0131 verdi.<\/p>\n<p style=\"text-align: justify;\">Ege B\u00f6lgesi&#8217;nde en b\u00fcy\u00fck depremin Kas\u0131m 1992 tarihinde \u0130zmir&#8217;de meydana geldi\u011fini hat\u0131rlatan Prof. Dr. Ahmet Mete I\u015f\u0131kara, \u015funlar\u0131 s\u00f6yledi:<\/p>\n<p style=\"text-align: justify;\">&#8220;O tarihten sonra Ege B\u00f6lgesi&#8217;nde 6 \u015fiddetinden b\u00fcy\u00fck deprem ya\u015fanmad\u0131. Bu sessizlik hayra alamet de\u011fildir. Ba\u015fta \u0130zmir olmak \u00fczere b\u00f6lgede 6&#8217;y\u0131 ge\u00e7en deprem olmad\u0131. Bunu g\u00f6z ard\u0131 etmememiz laz\u0131m. \u0130zmir ve civar\u0131n\u0131 depreme haz\u0131rlamam\u0131z laz\u0131m.&#8221;<\/p>\n<p style=\"text-align: justify;\">\u0130zmir&#8217;in T\u00fcrkiye&#8217;de deprem master plan\u0131n\u0131 yapan ilk \u015fehir olma \u00f6zelli\u011finin oldu\u011funu kaydeden Prof. Dr. I\u015f\u0131kara, &#8220;Daha sonra \u0130stanbul yapt\u0131. Art\u0131k b\u00fct\u00fcn \u015fehirlerin deprem master plan\u0131 olmak zorunda&#8221; dedi.<\/p>\n<p style=\"text-align: justify;\"><strong>&#8216;SAKARYA&#8217;DA YAPILANLAR \u00c7OK \u00d6NEML\u0130&#8217;<\/strong><\/p>\n<p style=\"text-align: justify;\">Ba\u015fkan Recep Tayyip Erdo\u011fan&#8217;\u0131n Sakarya ve b\u00f6lgesinde orta ve a\u011f\u0131r hasarl\u0131 evlere y\u00f6nelik ald\u0131\u011f\u0131 y\u0131k\u0131m karar\u0131n\u0131n do\u011fru oldu\u011funu belirten Prof. Dr. I\u015f\u0131kara, &#8220;Ba\u015fbakan\u0131m\u0131z\u0131 kutluyorum. Sakarya&#8217;da yap\u0131lanlar \u00e7ok \u00f6nemliydi. Orta hasarl\u0131 evler olarak bilinen evlerin tamam\u0131 a\u011f\u0131r hasarl\u0131yd\u0131. Mal sahipleri, bilirki\u015fi marifetiyle a\u011f\u0131r hasarl\u0131 evleri orta hasarl\u0131ya \u00e7evirdi. O zaman deprem yap\u0131 \u015fartnamesine g\u00f6re bu evlerin y\u0131k\u0131l\u0131r. Buna alet olanlara yaz\u0131klar olsun. Mal sahipleri bu evleri makyajlad\u0131 ve evleri gen\u00e7lere verdi. Sakarya \u00dcniversitesi&#8217;nde okuyan \u00e7ocuklar\u0131m\u0131z\u0131 tabuta koydular. Dolay\u0131s\u0131yla, bu son Ba\u015fbakan\u0131m\u0131z\u0131n a\u00e7\u0131klamas\u0131ndan sonra orta hasarl\u0131 olarak bilinen evler y\u0131k\u0131l\u0131yor. Ben oradaki insanlara \u00fcz\u00fcl\u00fcyorum. Ancak canlar\u0131n\u0131n korundu\u011funu unutmas\u0131nlar&#8221; diye konu\u015ftu.<\/p>\n<p style=\"text-align: justify;\"><strong>M\u00dcTEAHH\u0130TLER\u0130 UYARDI<\/strong><\/p>\n<p style=\"text-align: justify;\">T\u00fcrkiye&#8217;de in\u015faat yapan m\u00fcteahhitleri depreme dayan\u0131kl\u0131 evler yapmalar\u0131 konusunda uyaran Prof. Dr. I\u015f\u0131kara, &#8220;1999 depreminden sonra T\u00fcrkiye&#8217;de yeni bir kentle\u015fme oldu. \u0130zmir&#8217;de de oldu, \u0130stanbul&#8217;da da oldu. Sabah ak\u015fam ilanlar verildi. 1999 depremini takip eden g\u00fcnlerde zemin et\u00fcd\u00fc yap\u0131lm\u0131\u015f, depreme uygun olarak tasarlanm\u0131\u015f binalar i\u00e7in m\u00fcteahhitler ilanlar verdi. Ancak bir s\u00fcre sonra bu ilanlar tarih oldu. Vatanda\u015f art\u0131k bilin\u00e7li say\u0131l\u0131r. Art\u0131k sadece ba\u015f\u0131n\u0131 sokaca\u011f\u0131 bir ev de\u011fil, g\u00fcvenli yap\u0131lar ar\u0131yor. Bence t\u00fcm apartmanlara deprem yap\u0131 \u015fartnamesine g\u00f6re yap\u0131ld\u0131\u011f\u0131n\u0131 g\u00f6steren yaz\u0131lar yaz\u0131ls\u0131n&#8221; dedi.<\/p>\n<p style=\"text-align: justify;\"><a href=\"http:\/\/www.ntvmsnbc.com\/id\/25305659\" target=\"_blank\">Kaynak : NTVMSNBC<\/a><\/p>\n","protected":false},"excerpt":{"rendered":"<p style=\"text-align: center;\">\n<p style=\"text-align: justify;\">Prof. Dr. Ahmet Mete I\u015f\u0131kara, Ege B\u00f6lgesi&#8217;nde 1 Kas\u0131m 1992&#8217;deki 6 b\u00fcy\u00fckl\u00fc\u011f\u00fcndeki \u0130zmir depreminden sonra bir sessizlik ya\u015fand\u0131\u011f\u0131n\u0131 belirterek, &#8220;Bu sessizlik hayra alamet de\u011fil. Bunu g\u00f6z ard\u0131 etmeyelim ve bir an \u00f6nce depreme haz\u0131rl\u0131kl\u0131 olal\u0131m&#8221; dedi.<\/p>\n","protected":false},"author":1,"featured_media":0,"comment_status":"open","ping_status":"open","sticky":false,"template":"","format":"standard","meta":{"footnotes":""},"categories":[105],"tags":[],"class_list":["post-44083","post","type-post","status-publish","format-standard","hentry","category-gundem","odd"],"_links":{"self":[{"href":"http:\/\/www.korhanyilmaz.com\/index.php?rest_route=\/wp\/v2\/posts\/44083","targetHints":{"allow":["GET"]}}],"collection":[{"href":"http:\/\/www.korhanyilmaz.com\/index.php?rest_route=\/wp\/v2\/posts"}],"about":[{"href":"http:\/\/www.korhanyilmaz.com\/index.php?rest_route=\/wp\/v2\/types\/post"}],"author":[{"embeddable":true,"href":"http:\/\/www.korhanyilmaz.com\/index.php?rest_route=\/wp\/v2\/users\/1"}],"replies":[{"embeddable":true,"href":"http:\/\/www.korhanyilmaz.com\/index.php?rest_route=%2Fwp%2Fv2%2Fcomments&post=44083"}],"version-history":[{"count":0,"href":"http:\/\/www.korhanyilmaz.com\/index.php?rest_route=\/wp\/v2\/posts\/44083\/revisions"}],"wp:attachment":[{"href":"http:\/\/www.korhanyilmaz.com\/index.php?rest_route=%2Fwp%2Fv2%2Fmedia&parent=44083"}],"wp:term":[{"taxonomy":"category","embeddable":true,"href":"http:\/\/www.korhanyilmaz.com\/index.php?rest_route=%2Fwp%2Fv2%2Fcategories&post=44083"},{"taxonomy":"post_tag","embeddable":true,"href":"http:\/\/www.korhanyilmaz.com\/index.php?rest_route=%2Fwp%2Fv2%2Ftags&post=44083"}],"curies":[{"name":"wp","href":"https:\/\/api.w.org\/{rel}","templated":true}]}}