{"id":44080,"date":"2011-12-13T13:14:42","date_gmt":"2011-12-13T11:14:42","guid":{"rendered":"http:\/\/www.korhanyilmaz.com\/?p=44080"},"modified":"2011-12-13T19:04:47","modified_gmt":"2011-12-13T17:04:47","slug":"teroristler-parlamentoya-girebilir","status":"publish","type":"post","link":"http:\/\/www.korhanyilmaz.com\/?p=44080","title":{"rendered":"\u2018Ter\u00f6ristler parlamentoya girebilir\u2019"},"content":{"rendered":"<p style=\"text-align: center;\"><a href=\"http:\/\/www.korhanyilmaz.com\/wp-content\/uploads\/2011\/12\/8038.jpg\"  class=\"lightview\"><img loading=\"lazy\" decoding=\"async\" class=\"aligncenter  wp-image-44081\" src=\"http:\/\/www.korhanyilmaz.com\/wp-content\/uploads\/2011\/12\/8038.jpg\" alt=\"\" width=\"384\" height=\"221\" \/><\/a><\/p>\n<p style=\"text-align: justify;\">Ba\u015fbakan Yard\u0131mc\u0131s\u0131 Bekir Bozda\u011f &#8216;Milletvekili se\u00e7ilen ki\u015fi tutuksuz yarg\u0131lans\u0131n derseniz, mahk\u00fbmiyeti olmayan ter\u00f6ristler bile parlamentoya girebilir&#8217; dedi.<\/p>\n<p style=\"text-align: justify;\">ANKARA &#8211; NTV yay\u0131n\u0131na kat\u0131lan Ba\u015fbakan Yard\u0131mc\u0131s\u0131 Bekir Bozda\u011f, NTV Ankara Temsilcisi Nilg\u00fcn Balka\u00e7\u2019\u0131n \u2018molla imam\u2019 tart\u0131\u015fmas\u0131, uzun tutukluluk s\u00fcreleri, vekile tutuksuz yarg\u0131lama ve AK Parti&#8217;deki \u015fike tart\u0131\u015fmas\u0131yla ilgili sorular\u0131n\u0131 yan\u0131tlad\u0131.\u00a0<!--more--><\/p>\n<p style=\"text-align: justify;\">Bozda\u011f\u2019\u0131n a\u00e7\u0131klamalar\u0131ndan dikkat \u00e7eken b\u00f6l\u00fcmler \u015f\u00f6yle:<\/p>\n<p style=\"text-align: justify;\"><strong>\u2018MOLLA \u0130MAM\u2019 TARTI\u015eMASI<\/strong><\/p>\n<p style=\"text-align: justify;\">-Bu ki\u015filerin dini bilgisi s\u0131nava tabi tutulacak. Ayr\u0131ca e\u011fer devlet memuru niteli\u011fi ta\u015f\u0131m\u0131yorlarsa kadroya al\u0131nmayacaklar. Bu genel bir d\u00fczenlemedir. Sadece bir b\u00f6lge i\u00e7in de\u011fil T\u00fcrkiye&#8217;nin her yeri i\u00e7indir.<\/p>\n<p style=\"text-align: justify;\">-Ge\u00e7mi\u015ften beri bu t\u00fcr d\u00fczenlemeler yap\u0131lm\u0131\u015ft\u0131r. \u0130lk defa uygulanm\u0131yor. Azami kadro 1000 ki\u015fidir. Mollalar\u0131n Diyanet&#8217;e gelmesi diye bir \u015fey s\u00f6z konusu de\u011fildir.<\/p>\n<p style=\"text-align: justify;\">-Kimsenin kayg\u0131 duymas\u0131na gerek yok. Kimseyi asimile etmek gibi bir d\u00fc\u015f\u00fcncemiz yok.<\/p>\n<p style=\"text-align: justify;\">-PKK\u2019yla m\u00fccadele i\u00e7in d\u00fc\u015f\u00fcn\u00fclm\u00fc\u015f, planlanm\u0131\u015f bir proje de\u011fil. \u0130yi dini e\u011fitim alm\u0131\u015f birikimli insanlar, s\u0131navda ba\u015far\u0131l\u0131 olursa Diyanet \u015femsiyesi alt\u0131nda hizmet etme f\u0131rsat\u0131 bulacak.<\/p>\n<p style=\"text-align: justify;\"><strong>UZUN TUTUKLULUK S\u00dcRELER\u0130<\/strong><\/p>\n<p style=\"text-align: justify;\">-CMK\u2019daki son d\u00fczenlemeyle tutukluluk s\u00fcrelerine bir s\u0131n\u0131rlama getirildi. Daha \u00f6nce b\u00f6yle bir s\u0131n\u0131rlama yoktu.<\/p>\n<p style=\"text-align: justify;\">-Uzun tutukluluk s\u00fcresi kanundan ziyade yarg\u0131lama s\u00fcrelerinin uzamas\u0131ndan kaynaklan\u0131yor.<\/p>\n<p style=\"text-align: justify;\">-S\u00fcreyi daha da a\u015fa\u011f\u0131 \u00e7ekti\u011fimizde kamuoyunda rahats\u0131zl\u0131k yaratabilecek tahliyeler de s\u00f6z konusu olacakt\u0131r.<\/p>\n<p style=\"text-align: justify;\"><strong>VEK\u0130LE TUTUKSUZ YARGILAMA<\/strong><\/p>\n<p style=\"text-align: justify;\">-CHP\u2019li s\u00f6zc\u00fcler Ergenekon san\u0131klar\u0131ndan sadece \u00fc\u00e7\u00fcn\u00fc konu\u015fuyor. Sadece Mustafa Balbay, Mehmet Haberal ve Tuncay \u00d6zkan m\u0131 yarg\u0131lan\u0131yor? Onlarca insan var.<\/p>\n<p style=\"text-align: justify;\">-Milletvekili se\u00e7ilen ki\u015fi tutuksuz yarg\u0131lans\u0131n derseniz, mahk\u00fbmiyeti olmayan ter\u00f6ristler bile parlamentoya girebilir.<\/p>\n<p style=\"text-align: justify;\"><strong>AK PART\u0130\u2019DE \u2018\u015e\u0130KE \u00c7ATLA\u011eI\u2019 TARTI\u015eMASI<\/strong><\/p>\n<p style=\"text-align: justify;\">-Bu su\u00e7a verilen cezan\u0131n orant\u0131s\u0131z oldu\u011fu konusunda bir ittifak var. \u00d6yleyse bu cezan\u0131n de\u011fi\u015ftirilmesi laz\u0131m.<\/p>\n<p style=\"text-align: justify;\">-AK Parti \u00fczerinde m\u00fchendislik yapmak isteyenler ba\u015far\u0131l\u0131 olamad\u0131, olamayacak.<\/p>\n<p style=\"text-align: justify;\">-Cumhurba\u015fkan\u0131\u2019n\u0131n ve Meclis\u2019in, anayasan\u0131n onlara verdi\u011fi yetkileri kullanmas\u0131 bir ihtilaf ya\u015fand\u0131\u011f\u0131 anlam\u0131na gelmez.<\/p>\n<p style=\"text-align: justify;\">-AK Parti ile ilgili &#8216;Ke\u015fke b\u00f6yle bir ayr\u0131l\u0131\u011fa d\u00fc\u015fseler&#8217; diye arzu eden bir az\u0131nl\u0131k var.<\/p>\n<p style=\"text-align: justify;\"><strong>G\u00dcL\u2019\u00dcN G\u00d6REV S\u00dcRES\u0130<\/strong><\/p>\n<p style=\"text-align: justify;\">-Benim \u015fahsi g\u00f6r\u00fc\u015f\u00fcm, Cumhurba\u015fkan\u0131m\u0131z\u0131n g\u00f6rev s\u00fcresinin 7 y\u0131l oldu\u011fu y\u00f6n\u00fcnde.<\/p>\n<p style=\"text-align: justify;\"><a href=\"http:\/\/www.ntvmsnbc.com\/\" target=\"_blank\">Kaynak : NTVMSNBC<\/a><\/p>\n","protected":false},"excerpt":{"rendered":"<p style=\"text-align: center;\">\n<p style=\"text-align: justify;\">Ba\u015fbakan Yard\u0131mc\u0131s\u0131 Bekir Bozda\u011f &#8216;Milletvekili se\u00e7ilen ki\u015fi tutuksuz yarg\u0131lans\u0131n derseniz, mahk\u00fbmiyeti olmayan ter\u00f6ristler bile parlamentoya girebilir&#8217; dedi.<\/p>\n<p style=\"text-align: justify;\">ANKARA &#8211; NTV yay\u0131n\u0131na kat\u0131lan Ba\u015fbakan Yard\u0131mc\u0131s\u0131 Bekir Bozda\u011f, NTV Ankara Temsilcisi Nilg\u00fcn Balka\u00e7\u2019\u0131n \u2018molla imam\u2019 tart\u0131\u015fmas\u0131, uzun tutukluluk s\u00fcreleri, vekile tutuksuz yarg\u0131lama ve AK Parti&#8217;deki \u015fike tart\u0131\u015fmas\u0131yla ilgili sorular\u0131n\u0131 yan\u0131tlad\u0131. <\/p>\n","protected":false},"author":1,"featured_media":0,"comment_status":"open","ping_status":"open","sticky":false,"template":"","format":"standard","meta":{"footnotes":""},"categories":[105],"tags":[],"class_list":["post-44080","post","type-post","status-publish","format-standard","hentry","category-gundem","odd"],"_links":{"self":[{"href":"http:\/\/www.korhanyilmaz.com\/index.php?rest_route=\/wp\/v2\/posts\/44080","targetHints":{"allow":["GET"]}}],"collection":[{"href":"http:\/\/www.korhanyilmaz.com\/index.php?rest_route=\/wp\/v2\/posts"}],"about":[{"href":"http:\/\/www.korhanyilmaz.com\/index.php?rest_route=\/wp\/v2\/types\/post"}],"author":[{"embeddable":true,"href":"http:\/\/www.korhanyilmaz.com\/index.php?rest_route=\/wp\/v2\/users\/1"}],"replies":[{"embeddable":true,"href":"http:\/\/www.korhanyilmaz.com\/index.php?rest_route=%2Fwp%2Fv2%2Fcomments&post=44080"}],"version-history":[{"count":0,"href":"http:\/\/www.korhanyilmaz.com\/index.php?rest_route=\/wp\/v2\/posts\/44080\/revisions"}],"wp:attachment":[{"href":"http:\/\/www.korhanyilmaz.com\/index.php?rest_route=%2Fwp%2Fv2%2Fmedia&parent=44080"}],"wp:term":[{"taxonomy":"category","embeddable":true,"href":"http:\/\/www.korhanyilmaz.com\/index.php?rest_route=%2Fwp%2Fv2%2Fcategories&post=44080"},{"taxonomy":"post_tag","embeddable":true,"href":"http:\/\/www.korhanyilmaz.com\/index.php?rest_route=%2Fwp%2Fv2%2Ftags&post=44080"}],"curies":[{"name":"wp","href":"https:\/\/api.w.org\/{rel}","templated":true}]}}