{"id":44076,"date":"2011-12-13T17:38:57","date_gmt":"2011-12-13T15:38:57","guid":{"rendered":"http:\/\/www.korhanyilmaz.com\/?p=44076"},"modified":"2011-12-13T18:53:36","modified_gmt":"2011-12-13T16:53:36","slug":"son-bakistaki-o-gozler","status":"publish","type":"post","link":"http:\/\/www.korhanyilmaz.com\/?p=44076","title":{"rendered":"Son bak\u0131\u015ftaki o g\u00f6zler&#8230;"},"content":{"rendered":"<p style=\"text-align: center;\"><a href=\"http:\/\/www.korhanyilmaz.com\/wp-content\/uploads\/2011\/12\/8037.jpg\"  class=\"lightview\"><img loading=\"lazy\" decoding=\"async\" class=\"aligncenter  wp-image-44077\" src=\"http:\/\/www.korhanyilmaz.com\/wp-content\/uploads\/2011\/12\/8037.jpg\" alt=\"\" width=\"307\" height=\"236\" \/><\/a><\/p>\n<p style=\"text-align: justify;\">Erdal Eren&#8217;in 17 ya\u015f\u0131nda idam edili\u015finin ard\u0131ndan 31 y\u0131l ge\u00e7ti. Son bak\u0131\u015ftaki o g\u00f6zler hala haf\u0131zalarda&#8230;<\/p>\n<p style=\"text-align: justify;\">Tarih 30 Ocak 1980&#8230;<\/p>\n<p style=\"text-align: justify;\">Sa\u011f sol \u00e7at\u0131\u015fmas\u0131n\u0131n doru\u011fa \u00e7\u0131kt\u0131\u011f\u0131, s\u0131k\u0131y\u00f6netim g\u00fcnleri&#8230; Yurtsever Devrimci Gen\u00e7lik Derne\u011fi \u00fcyesi ODT\u00dc \u00f6\u011frencisi Sinan Suner, MHP&#8217;li Bakan Cengiz G\u00f6k\u00e7ek&#8217;in korumas\u0131 taraf\u0131ndan \u00f6ld\u00fcr\u00fcld\u00fc.<!--more--><\/p>\n<p style=\"text-align: justify;\">Olaydan 2 g\u00fcn sonra bir protesto g\u00f6sterisi yap\u0131ld\u0131. G\u00f6steri, eylemcilerle asker aras\u0131nda \u00e7at\u0131\u015fmaya d\u00f6n\u00fc\u015ft\u00fc. Er Zekeriya \u00d6nge \u00e7at\u0131\u015fmada hayat\u0131n\u0131 kaybetti.<\/p>\n<p style=\"text-align: justify;\">G\u00f6zalt\u0131na al\u0131nan 24 ki\u015fi aras\u0131nda Erdal Eren de vard\u0131. Bundan sonra tarihin belki de en h\u0131zl\u0131 yarg\u0131lama s\u00fcreci ya\u015fand\u0131. Hen\u00fcz 17 ya\u015f\u0131ndaki Erdal Eren, Er Zekeriya \u00d6nge&#8217;yi \u00f6ld\u00fcrd\u00fc\u011f\u00fc iddias\u0131yla 19 Mart 1980&#8217;de idama mahkum edildi. Ve 13 Aral\u0131k&#8217;ta Ankara Merkez Cezaevi&#8217;nde dara\u011fac\u0131na g\u00f6nderildi.<\/p>\n<p style=\"text-align: justify;\">Erdal Eren T\u00fcrkiye\u2019nin yak\u0131n tarihinin en keskin d\u00f6nemecinin simgelerinden biri oldu.12 Eyl\u00fcl referandumu \u00f6ncesi Ba\u015fbakan Erdo\u011fan&#8217;\u0131n grup konu\u015fmas\u0131nda g\u00f6zya\u015flar\u0131yla and\u0131\u011f\u0131 gen\u00e7lerden biri oldu.<\/p>\n<p style=\"text-align: justify;\">Eren, idam edilmeden 16 saat \u00f6nce ziyarete gelen gazeteci Sava\u015f Ay ve Emin \u00c7\u00f6la\u015fan&#8217;a, avukat\u0131yla g\u00f6r\u00fc\u015ft\u00fcr\u00fclmedi\u011fini, ya\u015f\u0131n\u0131n 18&#8217;den k\u00fc\u00e7\u00fck oldu\u011funu tespit edecek olan kemik testi yap\u0131lmas\u0131 talebinin kabul edilmedi\u011fini s\u00f6yl\u00fcyordu. Bu g\u00f6r\u00fc\u015fmeden \u00e7\u0131kan Sava\u015f Ay, Erdal Eren\u2019in y\u00fcz\u00fcndeki bak\u0131\u015f\u0131 Sezen Aksu\u2019ya anlatm\u0131\u015ft\u0131. Sezen Aksu\u2019nun &#8220;Son bak\u0131\u015ftaki o g\u00f6zler&#8221; \u015fark\u0131s\u0131 17 ya\u015f\u0131ndaki o \u00e7ocu\u011fa yaz\u0131lm\u0131\u015ft\u0131.<\/p>\n<p style=\"text-align: justify;\">Eren&#8217;in idam karar\u0131n\u0131 iki kez bozan Yarg\u0131tay 3. Dairesi \u00fcyesi emekli hakim Albay Ahmet Turan, idamdan 28 y\u0131l sonra suskunlu\u011funu bozdu.<\/p>\n<p style=\"text-align: justify;\">Erdal Eren&#8217;in idama nas\u0131l g\u00f6nderildi\u011fini \u015f\u00f6yle anlat\u0131yordu:<\/p>\n<p style=\"text-align: justify;\">&#8220;Eren&#8217;in er Zekeriya \u00d6nge&#8217;yi kasten \u00f6ld\u00fcrd\u00fc\u011f\u00fcne dair vicdani kanaatim yoktu. Eren \u00f6nden ate\u015f etmi\u015f, asker s\u0131rt\u0131ndan vurulmu\u015ftu. Kur\u015funun da o tabancadan \u00e7\u0131kt\u0131\u011f\u0131na dair kan\u0131t yoktu.&#8221;<\/p>\n<p style=\"text-align: justify;\">Kan\u0131t yoktu ama karar verilmi\u015fti. Erdal Eren&#8217;in 17 ya\u015f\u0131nda idam edili\u015finin \u00fczerinden 31 y\u0131l ge\u00e7ti&#8230;<\/p>\n<p style=\"text-align: justify;\">O son bak\u0131\u015f hala haf\u0131zalarda.<\/p>\n<p style=\"text-align: justify;\"><a href=\"http:\/\/www.cnnturk.com\/2011\/guncel\/12\/13\/son.bakistaki.o.gozler\/640336.0\/index.html\" target=\"_blank\">Kaynak : CNN T\u00dcRK<\/a><\/p>\n","protected":false},"excerpt":{"rendered":"<p style=\"text-align: center;\">\n<p style=\"text-align: justify;\">Erdal Eren&#8217;in 17 ya\u015f\u0131nda idam edili\u015finin ard\u0131ndan 31 y\u0131l ge\u00e7ti. Son bak\u0131\u015ftaki o g\u00f6zler hala haf\u0131zalarda&#8230;<\/p>\n<p style=\"text-align: justify;\">Tarih 30 Ocak 1980&#8230;<\/p>\n<p style=\"text-align: justify;\">Sa\u011f sol \u00e7at\u0131\u015fmas\u0131n\u0131n doru\u011fa \u00e7\u0131kt\u0131\u011f\u0131, s\u0131k\u0131y\u00f6netim g\u00fcnleri&#8230; Yurtsever Devrimci Gen\u00e7lik Derne\u011fi \u00fcyesi ODT\u00dc \u00f6\u011frencisi Sinan Suner, MHP&#8217;li Bakan Cengiz G\u00f6k\u00e7ek&#8217;in korumas\u0131 taraf\u0131ndan \u00f6ld\u00fcr\u00fcld\u00fc.<\/p>\n","protected":false},"author":1,"featured_media":0,"comment_status":"open","ping_status":"open","sticky":false,"template":"","format":"standard","meta":{"footnotes":""},"categories":[105],"tags":[547],"class_list":["post-44076","post","type-post","status-publish","format-standard","hentry","category-gundem","tag-erdal-eren","odd"],"_links":{"self":[{"href":"http:\/\/www.korhanyilmaz.com\/index.php?rest_route=\/wp\/v2\/posts\/44076","targetHints":{"allow":["GET"]}}],"collection":[{"href":"http:\/\/www.korhanyilmaz.com\/index.php?rest_route=\/wp\/v2\/posts"}],"about":[{"href":"http:\/\/www.korhanyilmaz.com\/index.php?rest_route=\/wp\/v2\/types\/post"}],"author":[{"embeddable":true,"href":"http:\/\/www.korhanyilmaz.com\/index.php?rest_route=\/wp\/v2\/users\/1"}],"replies":[{"embeddable":true,"href":"http:\/\/www.korhanyilmaz.com\/index.php?rest_route=%2Fwp%2Fv2%2Fcomments&post=44076"}],"version-history":[{"count":0,"href":"http:\/\/www.korhanyilmaz.com\/index.php?rest_route=\/wp\/v2\/posts\/44076\/revisions"}],"wp:attachment":[{"href":"http:\/\/www.korhanyilmaz.com\/index.php?rest_route=%2Fwp%2Fv2%2Fmedia&parent=44076"}],"wp:term":[{"taxonomy":"category","embeddable":true,"href":"http:\/\/www.korhanyilmaz.com\/index.php?rest_route=%2Fwp%2Fv2%2Fcategories&post=44076"},{"taxonomy":"post_tag","embeddable":true,"href":"http:\/\/www.korhanyilmaz.com\/index.php?rest_route=%2Fwp%2Fv2%2Ftags&post=44076"}],"curies":[{"name":"wp","href":"https:\/\/api.w.org\/{rel}","templated":true}]}}