{"id":44065,"date":"2011-12-13T08:01:45","date_gmt":"2011-12-13T06:01:45","guid":{"rendered":"http:\/\/www.korhanyilmaz.com\/?p=44065"},"modified":"2011-12-13T17:41:04","modified_gmt":"2011-12-13T15:41:04","slug":"utanmam-yoktur-benim","status":"publish","type":"post","link":"http:\/\/www.korhanyilmaz.com\/?p=44065","title":{"rendered":"Utanmam yoktur benim"},"content":{"rendered":"<div id=\"attachment_38633\" style=\"width: 105px\" class=\"wp-caption alignright\"><img loading=\"lazy\" decoding=\"async\" aria-describedby=\"caption-attachment-38633\" class=\" wp-image-38633 \" title=\"Ahmet Hakan - H\u00fcrriyet Gazetesi\" src=\"http:\/\/www.korhanyilmaz.com\/wp-content\/uploads\/2011\/08\/131b1.jpg\" alt=\"\" width=\"95\" height=\"95\" \/><p id=\"caption-attachment-38633\" class=\"wp-caption-text\">Ahmet Hakan<\/p><\/div>\n<p style=\"text-align: justify;\">\u201cC\u00fcppeli Ahmet\u201d, kendisine ait internet sitesinde bir bildiri yay\u0131nlam\u0131\u015f.<\/p>\n<p style=\"text-align: justify;\">Bildiride bana soruyor:<\/p>\n<p style=\"text-align: justify;\">\u201cSenin hi\u00e7 utanman yok mu Ahmet Hakan?\u201d<\/p>\n<p style=\"text-align: justify;\">Hemen s\u00f6yleyeyim:<\/p>\n<p style=\"text-align: justify;\">Yok.<\/p>\n<p style=\"text-align: justify;\">Hem de hi\u00e7 yok.<\/p>\n<p style=\"text-align: justify;\">&#8211; Hi\u00e7 utanmam ben&#8230; \u201cBizim hoca yapm\u0131\u015f bir \u015feyler, kapatal\u0131m, \u00f6rtelim, kimseler duymas\u0131n\u201d demek yerine, hi\u00e7 utanmadan yazar\u0131m \u201cbizim\u201d hocan\u0131n yap\u0131p ettiklerini&#8230;<!--more--><\/p>\n<p style=\"text-align: justify;\">&#8211; Hi\u00e7 utanmam ben&#8230; G\u00fcna\u015f\u0131r\u0131 \u201cbunlar ehlis\u00fcnnet de\u011fil, bunlar sap\u0131k\u201d diyerek tertemiz insanlara iftiralar atan bir \u201cvaiz\u201d, Fas\u2019tan getirdi\u011fi kad\u0131nlarla k\u0131sa s\u00fcreli dini nik\u00e2hlarla ili\u015fki kuruyorsa, hi\u00e7 utanmadan yazar\u0131m bunu.<\/p>\n<p style=\"text-align: justify;\">&#8211; Hi\u00e7 utanmam ben&#8230; Koca bir \u0130ran halk\u0131na mezhepleri nedeniyle \u201ck\u00e2fir\u201d diyen bir Hoca\u2019n\u0131n Karag\u00fcmr\u00fck \u00c7etesi\u2019yle i\u015f tuttu\u011funa dair bilgiler ortal\u0131\u011fa d\u00f6k\u00fcld\u00fc\u011f\u00fcnde hi\u00e7 utanmam \u201cne i\u015f?\u201d diye sorar\u0131m.<\/p>\n<p style=\"text-align: justify;\">&#8211; Hi\u00e7 utanmam ben&#8230; Deniz Baykal\u2019\u0131n kasedini nas\u0131l dilime dolad\u0131ysam hi\u00e7 utanmam C\u00fcppeli\u2019nin kasedini de dilime dolar\u0131m.<\/p>\n<p style=\"text-align: justify;\">&#8211; Hi\u00e7 utanmam ben&#8230; Oturup da \u201cC\u00fcppeli\u2019ye kim operasyon yapt\u0131\u201d diye d\u00fc\u015f\u00fcnmek yerine, hi\u00e7 utanmam, \u201cC\u00fcppeli bu operasyona hedef olacak malzemeleri neden verdi?\u201d diye sorar\u0131m.<\/p>\n<p style=\"text-align: justify;\">&#8211; Hi\u00e7 utanmam ben&#8230; Bir iddiam yoktur. G\u00fcnahlar\u0131yla ya\u015fayan bir insan\u0131m&#8230; Ama \u201cbizde g\u00fcnah olmaz\u201d diyen \u201ciddial\u0131\u201d bir adam hakk\u0131nda kuvvetli su\u00e7 \u015f\u00fcphesi do\u011fdu\u011funda, hi\u00e7 utanmam, akl\u0131ma tak\u0131lan sorular\u0131 sorar\u0131m&#8230;<\/p>\n<p style=\"text-align: justify;\"><span style=\"color: #993300; font-size: small;\"><strong>Zinde \u015eamil\u00a0<\/strong><\/span><\/p>\n<p style=\"text-align: justify;\">\u015eAM\u0130L Tayyar Taraf gazetesine konu\u015fmu\u015f.<\/p>\n<p style=\"text-align: justify;\">\u015e\u00f6yle \u015feyler demi\u015f:<\/p>\n<p style=\"text-align: justify;\">\u201c\u015eike Yasas\u0131\u2019n\u0131n arkas\u0131nda Ergenekon var \/ Milletvekilleri bask\u0131 alt\u0131na al\u0131nd\u0131 \/ \u015eike operasyonu kesintiye u\u011frayacak \/ Aziz Y\u0131ld\u0131r\u0131m Ergenekon\u2019un futbol aya\u011f\u0131d\u0131r \/ Aziz Y\u0131ld\u0131r\u0131m\u2019\u0131n bast\u0131rmas\u0131yla yasa ge\u00e7ti \/ Lobi yap\u0131ld\u0131, \u00e7ete kazand\u0131\u201d.<\/p>\n<p style=\"text-align: justify;\">* * *<\/p>\n<p style=\"text-align: justify;\">\u00c7eteler kazan\u0131yor, Ergenekon gol at\u0131yor, lobiler cirit at\u0131yor, kirlilik al\u0131p ba\u015f\u0131n\u0131 gidiyor, mafya bayram ediyor&#8230;<\/p>\n<p style=\"text-align: justify;\">Ama ne Ba\u015fbakan Erdo\u011fan fark\u0131nda bunun, ne de Meclis fark\u0131nda&#8230;<\/p>\n<p style=\"text-align: justify;\">Bir tek \u015eamil fark\u0131nda&#8230;<\/p>\n<p style=\"text-align: justify;\">Partisi uyuyor, lideri uyuyor, grubu uyuyor, Meclis uyuyor&#8230;<\/p>\n<p style=\"text-align: justify;\">Bir tek \u015eamil teyakkuzda&#8230;<\/p>\n<p style=\"text-align: justify;\">Eskiden \u201czinde kuvvetler\u201d vard\u0131, \u015fimdi ise \u201czinde \u015eamil\u201d var.<\/p>\n<p style=\"text-align: justify;\">Kim hafiften uyu\u015fukluk g\u00f6sterirse bizim \u201cErgenekon-metre \u015eamil\u201d, derhal piyasaya \u00e7\u0131karak \u201cErgenekoncular sevinecek\u201d diye ortal\u0131\u011f\u0131 velveleye veriyor.<\/p>\n<p style=\"text-align: justify;\">* * *<\/p>\n<p style=\"text-align: justify;\">Size bir \u015fey s\u00f6yleyeyim mi?<\/p>\n<p style=\"text-align: justify;\">\u015eu \u201cErgenekon\u201d i\u015fi bir bi\u00e7imde nihayete ererse&#8230;<\/p>\n<p style=\"text-align: justify;\">Buna en \u00e7ok \u00fcz\u00fclecek ki\u015fi \u015eamil olacak&#8230;<\/p>\n<p style=\"text-align: justify;\"><span style=\"color: #993300; font-size: small;\"><strong>Pop\u00fclerli\u011fini yitiren iki temenni c\u00fcmlesi\u00a0<\/strong><\/span><\/p>\n<p style=\"text-align: justify;\">&#8211; Analar a\u011flamas\u0131n: Zaten epey zamand\u0131r kimse y\u00fcz vermiyordu bu temenniye&#8230; Ama en son Hopa Davas\u0131\u2019nda alt\u0131 ay tutuklu kalan gen\u00e7lerin \u201cbir daha olmas\u0131n b\u00f6yle \u015feyler, ba\u015fbakanlar a\u011flamas\u0131n\u201d demeleriyle art\u0131k kesin olarak eski \u015f\u00f6hretini kaybetmi\u015ftir.<\/p>\n<p style=\"text-align: justify;\">&#8211; Tutukluluk cezaya d\u00f6n\u00fc\u015fmesin: \u015eu ana kadar belki bin kez i\u015fitmi\u015fizdir bu c\u00fcmleyi&#8230; Cumhurba\u015fkan\u0131\u2019ndan Ba\u015fbakan\u2019a, Adalet Bakan\u0131\u2019ndan anl\u0131 \u015fanl\u0131 hukuk\u00e7ulara, HSYK Ba\u015fkan\u0131\u2019ndan baro ba\u015fkanlar\u0131na&#8230; Herkes s\u00f6yledi bu c\u00fcmleyi&#8230; Fakat yaprak bile k\u0131m\u0131ldamad\u0131. Ve olan bu c\u00fcmleye oldu. Art\u0131k kimse bu c\u00fcmleyi telaffuz dahi etmek istemiyor.<\/p>\n<p style=\"text-align: justify;\"><span style=\"color: #993300;\"><strong><span style=\"font-size: small;\">\u015eu iki prensipte anla\u015fal\u0131m\u00a0<\/span><\/strong><\/span><\/p>\n<p style=\"text-align: justify;\">BEN \u201cCemaat ile AK Parti aras\u0131nda derin g\u00f6r\u00fc\u015f ayr\u0131l\u0131\u011f\u0131, kavga, m\u00fccadele falan yok. Olmaz da&#8230; \u00c7\u00fcnk\u00fc \u015fu anda ittifak yapm\u0131\u015f olman\u0131n sa\u011flad\u0131\u011f\u0131 muhte\u015fem bir ziyafetteler. Sofradaki k\u00fc\u00e7\u00fck \u00e7eki\u015fmelere bak\u0131p da b\u00fcy\u00fck laflar etmeyin\u201d dedi\u011fim anda&#8230;<\/p>\n<p style=\"text-align: justify;\">Benim kar\u015f\u0131ma \u201cama bak, Zaman gazetesinde bir yazar Ba\u015fbakan Erdo\u011fan\u2019\u0131n aleyhinde neler yazm\u0131\u015f\u201d diye gelmeyin.<\/p>\n<p style=\"text-align: justify;\">Neden mi?<\/p>\n<p style=\"text-align: justify;\">\u015eu iki nedenden dolay\u0131:<\/p>\n<p style=\"text-align: justify;\">B\u0130R: Zaman gazetesinde yazan hi\u00e7bir yazar\u0131n, buna H\u00fcseyin G\u00fclerce de dahil, cemaat ad\u0131na konu\u015fma ve yazma yetkisi yok.<\/p>\n<p style=\"text-align: justify;\">\u0130K\u0130: Olsa bile o yaz\u0131lar son tahlilde sofradaki k\u00fc\u00e7\u00fck \u00e7eki\u015fmeler ba\u011flam\u0131nda m\u00fctalaa edilmeli.<\/p>\n<p style=\"text-align: justify;\"><span style=\"color: #993300;\"><strong><span style=\"font-size: small;\">Hasip Kaplan\u2019\u0131n akla getirdikleri\u00a0<\/span><\/strong><\/span><\/p>\n<p style=\"text-align: justify;\">&#8211; Meclis meydan muharebelerinin yal\u0131nk\u0131l\u0131\u00e7 sava\u015f\u00e7\u0131s\u0131n\u0131&#8230;<\/p>\n<p style=\"text-align: justify;\">&#8211; Samimi, garezsiz, hesaps\u0131z bir \u00f6fke patlamas\u0131n\u0131&#8230;<\/p>\n<p style=\"text-align: justify;\">&#8211; Caner\u2019i&#8230; (Hani televizyon ekran\u0131nda dilini \u00e7ok tuhaf bi\u00e7imde di\u015flerinin aras\u0131na s\u0131k\u0131\u015ft\u0131r\u0131p barda\u011f\u0131 k\u0131ran arkada\u015f var ya&#8230; \u0130\u015fte onu).<\/p>\n<p style=\"text-align: justify;\">&#8211; \u201cY\u0131kt\u0131n perdeyi eyledin viran \/ Varay\u0131m sahibine haber vereyim heman\u201d beytini&#8230;<\/p>\n<p style=\"text-align: justify;\"><span style=\"font-size: small; color: #993300;\"><strong>Keanu Reeves\u2019e \u00f6zenen sanat\u00e7\u0131lara tavsiyeler\u00a0<\/strong><\/span><\/p>\n<p style=\"text-align: justify;\">BEN de izledim internette dola\u015fan o g\u00f6r\u00fcnt\u00fcleri&#8230;<\/p>\n<p style=\"text-align: justify;\">Koskoca Hollywood star\u0131 Keanu Reeves metroya binmi\u015f.<\/p>\n<p style=\"text-align: justify;\">\u00dcstelik bir kad\u0131na da yer vermi\u015f.<\/p>\n<p style=\"text-align: justify;\">Hem m\u00fctevaz\u0131, hem centilmen yani&#8230;<\/p>\n<p style=\"text-align: justify;\">* * *<\/p>\n<p style=\"text-align: justify;\">Peki neden bizim sanat\u00e7\u0131lar\u0131m\u0131z da onun gibi olmas\u0131nlar?<\/p>\n<p style=\"text-align: justify;\">Neden o arka camlar\u0131 karart\u0131lm\u0131\u015f m\u00fcteahhit minib\u00fcslerini, o alengirli-janjanl\u0131 otomobillerini, o devasa ciplerini bir tarafa b\u0131rakarak halk\u0131n aras\u0131na kar\u0131\u015fmazlar?<\/p>\n<p style=\"text-align: justify;\">E\u011fer \u201cama bizim metromuz \u00e7ok k\u0131sa\u201d deniyorsa&#8230;<\/p>\n<p style=\"text-align: justify;\">\u0130\u015fte onlara de\u011fi\u015fik lokal se\u00e7enekler&#8230;<\/p>\n<p style=\"text-align: justify;\">\u201cHem m\u00fctevaz\u0131, hem centilmen\u201d unvan\u0131n\u0131 elde etmek i\u00e7in ka\u00e7\u0131r\u0131lmayacak atraksiyon \u00f6rnekleri:<\/p>\n<p style=\"text-align: justify;\">* * *<\/p>\n<p style=\"text-align: justify;\">&#8211; Te\u015fvikiye Meydan\u0131\u2019ndaki Taksim dolmu\u015fu kuyru\u011funun tam ortas\u0131nda yer almak.<\/p>\n<p style=\"text-align: justify;\">&#8211; Metroyla Kanyon\u2019a gitmek&#8230;<\/p>\n<p style=\"text-align: justify;\">&#8211; Taksim-Bak\u0131rk\u00f6y sar\u0131 dolmu\u015flar\u0131nda tam \u015fof\u00f6r\u00fcn arkas\u0131na oturup \u201c\u015funu uzat\u0131r m\u0131s\u0131n\u0131z?\u201d taleplerine kar\u015f\u0131l\u0131k vermek.<\/p>\n<p style=\"text-align: justify;\">&#8211; Fazla kalabal\u0131k olmad\u0131\u011f\u0131 bir s\u0131rada k\u00fc\u00e7\u00fck Metrob\u00fcs seferine kat\u0131lmak&#8230;<\/p>\n<p style=\"text-align: justify;\">&#8211; Kabata\u015f-\u00dcsk\u00fcdar vapurunda yer tutmak&#8230;<\/p>\n<p style=\"text-align: justify;\">&#8211; T\u00fcnel\u2019de turistik olmayan bir duru\u015fla seyahat&#8230;<\/p>\n<p style=\"text-align: justify;\"><span style=\"font-size: small; color: #993300;\"><strong>Basit\u00e7e soruyorum\u00a0<\/strong><\/span><\/p>\n<p style=\"text-align: justify;\">\u015e\u0130KE Yasas\u0131 de\u011fi\u015fmeseydi&#8230;<\/p>\n<p style=\"text-align: justify;\">Aziz Y\u0131ld\u0131r\u0131m 136 y\u0131lla yarg\u0131lanacakt\u0131.<\/p>\n<p style=\"text-align: justify;\">De\u011fi\u015fti.<\/p>\n<p style=\"text-align: justify;\">Aziz Y\u0131ld\u0131r\u0131m 9 y\u0131lla yarg\u0131lanacak.<\/p>\n<p style=\"text-align: justify;\">* * *<\/p>\n<p style=\"text-align: justify;\">\u201cAziz Y\u0131ld\u0131r\u0131m\u2019\u0131 kurtar\u0131yorlar\u201d ya da \u201c\u015fike yapmak yeniden me\u015fru hale geliyor\u201d diye ortal\u0131\u011f\u0131 inletenlere soruyorum:<\/p>\n<p style=\"text-align: justify;\">Ne istiyorsunuz? 136 y\u0131l m\u0131?<\/p>\n<p style=\"text-align: justify;\">Ya da \u015f\u00f6yle soray\u0131m:<\/p>\n<p style=\"text-align: justify;\">9 y\u0131l yetmiyor mu?<\/p>\n<p style=\"text-align: justify;\">Ya da \u015f\u00f6yle diyeyim:<\/p>\n<p style=\"text-align: justify;\">Siz ya say\u0131 saymay\u0131 bilmiyorsunuz ya da hi\u00e7 dayak yememi\u015fsiniz.<\/p>\n<p style=\"text-align: justify;\"><a href=\"http:\/\/www.hurriyet.com.tr\/yazarlar\/19450581.asp\" target=\"_blank\">Kaynak : H\u00fcrriyet.com.tr<\/a><\/p>\n","protected":false},"excerpt":{"rendered":"<p id=\"caption-attachment-38633\" class=\"wp-caption-text\">Ahmet Hakan<\/p>\n<p style=\"text-align: justify;\">\u201cC\u00fcppeli Ahmet\u201d, kendisine ait internet sitesinde bir bildiri yay\u0131nlam\u0131\u015f.<\/p>\n<p style=\"text-align: justify;\">Bildiride bana soruyor:<\/p>\n<p style=\"text-align: justify;\">\u201cSenin hi\u00e7 utanman yok mu Ahmet Hakan?\u201d<\/p>\n<p style=\"text-align: justify;\">Hemen s\u00f6yleyeyim:<\/p>\n<p style=\"text-align: justify;\">Yok.<\/p>\n<p style=\"text-align: justify;\">Hem de hi\u00e7 yok.<\/p>\n<p style=\"text-align: justify;\">&#8211; Hi\u00e7 utanmam ben&#8230; \u201cBizim hoca yapm\u0131\u015f bir \u015feyler, kapatal\u0131m, \u00f6rtelim, <\/p>\n","protected":false},"author":1,"featured_media":0,"comment_status":"open","ping_status":"open","sticky":false,"template":"","format":"standard","meta":{"footnotes":""},"categories":[16],"tags":[31],"class_list":["post-44065","post","type-post","status-publish","format-standard","hentry","category-kose-yazilari","tag-ahmet-hakan","odd"],"_links":{"self":[{"href":"http:\/\/www.korhanyilmaz.com\/index.php?rest_route=\/wp\/v2\/posts\/44065","targetHints":{"allow":["GET"]}}],"collection":[{"href":"http:\/\/www.korhanyilmaz.com\/index.php?rest_route=\/wp\/v2\/posts"}],"about":[{"href":"http:\/\/www.korhanyilmaz.com\/index.php?rest_route=\/wp\/v2\/types\/post"}],"author":[{"embeddable":true,"href":"http:\/\/www.korhanyilmaz.com\/index.php?rest_route=\/wp\/v2\/users\/1"}],"replies":[{"embeddable":true,"href":"http:\/\/www.korhanyilmaz.com\/index.php?rest_route=%2Fwp%2Fv2%2Fcomments&post=44065"}],"version-history":[{"count":0,"href":"http:\/\/www.korhanyilmaz.com\/index.php?rest_route=\/wp\/v2\/posts\/44065\/revisions"}],"wp:attachment":[{"href":"http:\/\/www.korhanyilmaz.com\/index.php?rest_route=%2Fwp%2Fv2%2Fmedia&parent=44065"}],"wp:term":[{"taxonomy":"category","embeddable":true,"href":"http:\/\/www.korhanyilmaz.com\/index.php?rest_route=%2Fwp%2Fv2%2Fcategories&post=44065"},{"taxonomy":"post_tag","embeddable":true,"href":"http:\/\/www.korhanyilmaz.com\/index.php?rest_route=%2Fwp%2Fv2%2Ftags&post=44065"}],"curies":[{"name":"wp","href":"https:\/\/api.w.org\/{rel}","templated":true}]}}