{"id":44046,"date":"2011-12-13T15:01:31","date_gmt":"2011-12-13T13:01:31","guid":{"rendered":"http:\/\/www.korhanyilmaz.com\/?p=44046"},"modified":"2011-12-13T15:19:36","modified_gmt":"2011-12-13T13:19:36","slug":"demirtas-akpliler-neden-dosyada-yok","status":"publish","type":"post","link":"http:\/\/www.korhanyilmaz.com\/?p=44046","title":{"rendered":"Demirta\u015f: AKP&#8217;liler neden dosyada yok?"},"content":{"rendered":"<p style=\"text-align: center;\"><a href=\"http:\/\/www.korhanyilmaz.com\/wp-content\/uploads\/2011\/12\/8034.jpg\"  class=\"lightview\"><img loading=\"lazy\" decoding=\"async\" class=\"aligncenter  wp-image-44047\" src=\"http:\/\/www.korhanyilmaz.com\/wp-content\/uploads\/2011\/12\/8034.jpg\" alt=\"\" width=\"276\" height=\"207\" \/><\/a><\/p>\n<p style=\"text-align: justify;\">D\u00fcn Diyarbak\u0131r&#8217;da g\u00f6r\u00fclen KCK duru\u015fmas\u0131n\u0131 izleyen BDP Genel Ba\u015fkan\u0131 Selahattin Demirta\u015f, iddianamede ge\u00e7en konu\u015fmalar\u0131n &#8216;se\u00e7mece&#8217; oldu\u011funu, &#8220;yarg\u0131lanan ki\u015filerle g\u00f6r\u00fc\u015fen, ricac\u0131 olan&#8221; AKP yetkililerinden hi\u00e7 birinin ad\u0131n\u0131n dosyada olmad\u0131\u011f\u0131n\u0131, dinleme kay\u0131tlar\u0131n\u0131n b\u00fcy\u00fck b\u00f6l\u00fcm\u00fcn\u00fcn K\u00fcrt\u00e7e oldu\u011funu ve bunlar\u0131n yanl\u0131\u015f terc\u00fcme edildi\u011fini s\u00f6yledi.\u00a0<!--more--><\/p>\n<p style=\"text-align: justify;\">\u0130stanbul- Diyarbak\u0131r&#8217;da g\u00f6r\u00fclen KCK\/TM ana davas\u0131yla ilgili d\u00fc\u015f\u00fcncelerini sosyal payla\u015f\u0131m sitesi Twitter\u2019den payla\u015fan BDP Genel Ba\u015fkan\u0131 Selahattin Demirta\u015f, KCK iddianamesinin hukuk rezaleti oldu\u011funu ve savc\u0131lar\u0131n \u00f6n\u00fcne konulan dinleme kay\u0131tlar\u0131n\u0131n se\u00e7mece oldu\u011funu s\u00f6yledi.<\/p>\n<p style=\"text-align: justify;\">Demirta\u015f, dinlemeye tak\u0131lan konu\u015fmalar\u0131n \u00f6nemli b\u00f6l\u00fcm\u00fcn\u00fcn K\u00fcrt\u00e7e oldu\u011funu, bunlar\u0131n K\u00fcrt\u00e7e bilen polisler taraf\u0131ndan T\u00fcrk\u00e7e \u00e7evirisinin yap\u0131l\u0131p dosyaya konuldu\u011funu belirtti.<\/p>\n<p style=\"text-align: justify;\">Demirta\u015f, \u00e7evirilerin \u00e7o\u011funun yanl\u0131\u015f ve se\u00e7mece oldu\u011funu ileri s\u00fcrerken, &#8220;E\u011fer \u00f6yle olmasayd\u0131 baz\u0131 KCK san\u0131klar\u0131n\u0131n Bakan, Vali, Ba\u015fsavc\u0131 ve AKP vekilleri ile yapt\u0131klar\u0131 g\u00f6r\u00fc\u015fmelerin kay\u0131tlar\u0131 da dosyada olmal\u0131yd\u0131. \u00c7\u00fcnk\u00fc, o g\u00f6r\u00fc\u015fmelerde de iddianamedekine benzer \u015feyler konu\u015fulmu\u015ftur&#8221; dedi. Demirta\u015f, \u015funlar\u0131 yazd\u0131.<\/p>\n<p style=\"text-align: justify;\">&#8220;Devlet ve AKP yetkililerinden hi\u00e7 birinin ad\u0131 dosyada yoktur, ilgin\u00e7tir ve hukuk rezaletidir. AKP\u2019nin \u00e7ok \u00f6nemli isimleri bug\u00fcn yarg\u0131lanan ki\u015filerle \u00e7ok \u00f6nemli konular\u0131 g\u00f6r\u00fc\u015fm\u00fc\u015f ve ricac\u0131 olmu\u015flard\u0131r, dosyada neden bunlar yok? Dinleme kay\u0131tlar\u0131n\u0131n tamam\u0131 dosyada olmad\u0131\u011f\u0131 ve \u00e7eviriler de yetersiz oldu\u011fu i\u00e7in iddianame BDP kar\u015f\u0131t\u0131 siyasi bir ka\u011f\u0131t par\u00e7as\u0131 olmu\u015f. KCK davas\u0131n\u0131n umut verici tek y\u00f6n\u00fc, yarg\u0131lananlar son derece gururlu, yarg\u0131layanlar utanga\u00e7 bir tav\u0131rla duruyorlar duru\u015fma salonunda.&#8221;<\/p>\n<p style=\"text-align: justify;\"><a href=\"http:\/\/www.cumhuriyet.com.tr\/?hn=300098\" target=\"_blank\">Kaynak : Cumhuriyet Haber Portal\u0131<\/a><\/p>\n","protected":false},"excerpt":{"rendered":"<p style=\"text-align: center;\">\n<p style=\"text-align: justify;\">D\u00fcn Diyarbak\u0131r&#8217;da g\u00f6r\u00fclen KCK duru\u015fmas\u0131n\u0131 izleyen BDP Genel Ba\u015fkan\u0131 Selahattin Demirta\u015f, iddianamede ge\u00e7en konu\u015fmalar\u0131n &#8216;se\u00e7mece&#8217; oldu\u011funu, &#8220;yarg\u0131lanan ki\u015filerle g\u00f6r\u00fc\u015fen, ricac\u0131 olan&#8221; AKP yetkililerinden hi\u00e7 birinin ad\u0131n\u0131n dosyada olmad\u0131\u011f\u0131n\u0131, dinleme kay\u0131tlar\u0131n\u0131n b\u00fcy\u00fck b\u00f6l\u00fcm\u00fcn\u00fcn K\u00fcrt\u00e7e oldu\u011funu ve bunlar\u0131n yanl\u0131\u015f terc\u00fcme edildi\u011fini s\u00f6yledi. <\/p>\n","protected":false},"author":1,"featured_media":0,"comment_status":"open","ping_status":"open","sticky":false,"template":"","format":"standard","meta":{"footnotes":""},"categories":[105],"tags":[],"class_list":["post-44046","post","type-post","status-publish","format-standard","hentry","category-gundem","odd"],"_links":{"self":[{"href":"http:\/\/www.korhanyilmaz.com\/index.php?rest_route=\/wp\/v2\/posts\/44046","targetHints":{"allow":["GET"]}}],"collection":[{"href":"http:\/\/www.korhanyilmaz.com\/index.php?rest_route=\/wp\/v2\/posts"}],"about":[{"href":"http:\/\/www.korhanyilmaz.com\/index.php?rest_route=\/wp\/v2\/types\/post"}],"author":[{"embeddable":true,"href":"http:\/\/www.korhanyilmaz.com\/index.php?rest_route=\/wp\/v2\/users\/1"}],"replies":[{"embeddable":true,"href":"http:\/\/www.korhanyilmaz.com\/index.php?rest_route=%2Fwp%2Fv2%2Fcomments&post=44046"}],"version-history":[{"count":0,"href":"http:\/\/www.korhanyilmaz.com\/index.php?rest_route=\/wp\/v2\/posts\/44046\/revisions"}],"wp:attachment":[{"href":"http:\/\/www.korhanyilmaz.com\/index.php?rest_route=%2Fwp%2Fv2%2Fmedia&parent=44046"}],"wp:term":[{"taxonomy":"category","embeddable":true,"href":"http:\/\/www.korhanyilmaz.com\/index.php?rest_route=%2Fwp%2Fv2%2Fcategories&post=44046"},{"taxonomy":"post_tag","embeddable":true,"href":"http:\/\/www.korhanyilmaz.com\/index.php?rest_route=%2Fwp%2Fv2%2Ftags&post=44046"}],"curies":[{"name":"wp","href":"https:\/\/api.w.org\/{rel}","templated":true}]}}