{"id":4404,"date":"2009-03-02T10:19:47","date_gmt":"2009-03-02T08:19:47","guid":{"rendered":"http:\/\/www.korhanyilmaz.com\/?p=4404"},"modified":"2009-03-02T10:19:47","modified_gmt":"2009-03-02T08:19:47","slug":"secilirsem-silahlar-susar-baris-gelir","status":"publish","type":"post","link":"http:\/\/www.korhanyilmaz.com\/?p=4404","title":{"rendered":"Se\u00e7ilirsem silahlar susar, bar\u0131\u015f gelir"},"content":{"rendered":"<p style=\"text-align: justify;\"><img loading=\"lazy\" decoding=\"async\" class=\"aligncenter size-full wp-image-4405\" title=\"Diyarbak\u0131r milletvekili Kutbettin Arzu\" src=\"http:\/\/www.korhanyilmaz.com\/wp-content\/uploads\/2009\/03\/3409a1f1eda5f343a2b0eb94x.jpg\" alt=\"Diyarbak\u0131r milletvekili Kutbettin Arzu\" width=\"380\" height=\"200\" \/><\/p>\n<p style=\"text-align: justify;\">\n<p style=\"text-align: justify;\">Ba\u015fbakan&#8217;\u0131n &#8216;Atom Kar\u0131nca&#8217; diye tan\u0131mlad\u0131\u011f\u0131 Kutbettin Arzu: DTP&#8217;liler ortam\u0131 geriyor. Se\u00e7ilmem silahlar\u0131n b\u0131rak\u0131ld\u0131\u011f\u0131 d\u00f6neme h\u0131zl\u0131 ge\u00e7ilmesine ve bar\u0131\u015f\u0131n olu\u015fmas\u0131na b\u00fcy\u00fck bir katk\u0131 sa\u011flar.. 29 Mart yerel se\u00e7imlerine 1 aydan daha az bir s\u00fcre kal\u0131rken; \u00f6zellikle 4 b\u00fcy\u00fck kentte b\u00fcy\u00fck heyecan ve yar\u0131\u015f var: \u0130stanbul, Ankara, \u0130zmir ve Diyarbak\u0131r. \u0130lk \u00fc\u00e7 b\u00fcy\u00fck kentteki yar\u0131\u015f AKP ile CHP aras\u0131nda. \u0130stanbul&#8217;da favori AKP, \u0130zmir&#8217;de ise CHP. Anketler de onu g\u00f6steriyor. Ama Diyarbak\u0131r&#8217;daki yar\u0131\u015f AKP ile DTP aras\u0131nda. Galiba en b\u00fcy\u00fck heyecan da bu kentte ya\u015fanacak. DTP&#8217;nin aday\u0131 mevcut belediye ba\u015fkan\u0131 Osman Baydemir. AKP&#8217;nin aday\u0131 ise ayn\u0131 partinin Diyarbak\u0131r milletvekili Kutbettin Arzu. \u0130\u015fte bu haftaki r\u00f6portaj konu\u011fum Kutbettin Arzu. Ba\u015fbakan Erdo\u011fan&#8217;\u0131n Diyarbak\u0131r gezisi s\u0131ras\u0131nda k\u00fcrs\u00fcde &#8220;Boyuna bakmay\u0131n atom kar\u0131ncad\u0131r&#8221; demesi \u00fczerine herkes Arzu&#8217;yu merak etmeye ba\u015flad\u0131. <!--more-->DTP&#8217;nin kalesi olarak g\u00f6r\u00fclen Diyarbak\u0131r&#8217;da se\u00e7ilme \u015fans\u0131 var m\u0131? PKK&#8217;dan tehdit ald\u0131\u011f\u0131 do\u011fru mu? Ahmet T\u00fcrk&#8217;\u00fcn K\u00fcrt\u00e7e \u00e7\u0131k\u0131\u015f\u0131na ne diyor? Diyarbak\u0131r se\u00e7imlerinin ayr\u0131 bir \u00f6zelli\u011fi daha var. Se\u00e7imde birbirine rakip olan Baydemir ile Arzu, yak\u0131n arkada\u015flar. Y\u00fcksek mimar olan Arzu, Diyarbak\u0131r Sanayi Odas\u0131 Ba\u015fkanl\u0131\u011f\u0131 yaparken, Baydemir \u0130nsan Haklar\u0131 Derne\u011fi Ba\u015fkan\u0131&#8217;yd\u0131. Baydemir, belediye ba\u015fkan\u0131, Arzu ise milletvekili se\u00e7ildi. Ama Arzu, &#8220;Bu se\u00e7im AK Parti ile DTP&#8217;nin yerel y\u00f6neticilik anlay\u0131\u015f\u0131 aras\u0131ndaki bir m\u00fccadele&#8221; diyor.<\/p>\n<p style=\"text-align: justify;\">* <strong><em>DTP&#8217;nin en g\u00fc\u00e7l\u00fc oldu\u011fu kentte adays\u0131n\u0131z. Kazanma \u015fans\u0131n\u0131z var m\u0131?<br \/>\n<\/em><\/strong>\u015eans\u0131m\u0131z \u00e7ok y\u00fcksek. Demokratikle\u015fmeyle ilgili at\u0131lan ad\u0131mlar, K\u00fcrt meselesinin \u00e7\u00f6z\u00fcm\u00fc i\u00e7in yap\u0131lanlar ve b\u00f6lgeleraras\u0131 geli\u015fmi\u015flik fark\u0131n\u0131 ortadan kald\u0131rmaya y\u00f6nelik \u00e7al\u0131\u015fmalar nedeniyle, Diyarbak\u0131r&#8217;da AK Parti&#8217;ye ciddi bir tevecc\u00fch var. \u00d6zellikle Ba\u015fbakan&#8217;a b\u00fcy\u00fck bir g\u00fcven s\u00f6z konusu. Biz de halkla i\u00e7 i\u00e7eyiz, yak\u0131ndan tan\u0131yorlar. Bir de DTP&#8217;li yerel y\u00f6netimler, halk\u0131n hayat\u0131n\u0131 de\u011fi\u015ftirecek en ufak bir belediyecilik yapmad\u0131. Sadece siyaset yapt\u0131lar. Ama y\u00fcr\u00fctt\u00fckleri siyaset art\u0131k toplum taraf\u0131ndan benimsenmiyor.<\/p>\n<p style=\"text-align: justify;\">* <strong><em>Toplum ne istiyor?<br \/>\n<\/em><\/strong>Art\u0131k K\u00fcrt meselesinin bar\u0131\u015f i\u00e7inde \u00e7\u00f6z\u00fclmesini. O nedenle AK Parti&#8217;nin \u015fans\u0131 y\u00fcksek. DTP&#8217;lilerin halka s\u00f6yledi\u011fi tek \u015fey &#8220;Oyunu kendine ver.&#8221; Kimlik siyaseti yap\u0131yorlar. Ama halk, kimlik siyasetinin de art\u0131k bu arkada\u015flar taraf\u0131ndan \u00e7\u00f6z\u00fclemeyece\u011fini g\u00f6rd\u00fc.<\/p>\n<p style=\"text-align: justify;\">* <strong><em>Neden onlar \u00e7\u00f6zemez? Kim \u00e7\u00f6zer?<br \/>\n<\/em><\/strong>\u015eimdi s\u00f6ylem olarak demokratik cumhuriyeti savunuyorlar. Demokratik cumhuriyet de silahl\u0131 m\u00fccadeleyle olmaz. Dolay\u0131s\u0131yla bu arkada\u015flar\u0131m\u0131z\u0131n kulland\u0131klar\u0131 y\u00f6ntemlerle s\u00f6ylemleri aras\u0131ndaki \u00e7eli\u015fkiyi art\u0131k vatanda\u015f kendi ya\u015fant\u0131s\u0131nda da g\u00f6r\u00fcyor. Kimlik siyaseti yap\u0131lacaksa parlamentoda DTP var zaten. Yerel y\u00f6netimlerin esas yapmas\u0131 gereken halka hizmettir. Halk, AK Parti&#8217;nin bu sorunun \u00e7\u00f6z\u00fcm\u00fcnde yapt\u0131klar\u0131n\u0131 g\u00f6r\u00fcyor.<\/p>\n<p style=\"text-align: justify;\">* <strong><em>Neler yap\u0131ld\u0131?<br \/>\n<\/em><\/strong>80 y\u0131ll\u0131k Cumhuriyet tarihinde ilk defa bir Ba\u015fbakan, &#8220;K\u00fcrt vard\u0131r. K\u00fcrt karde\u015flerimin baz\u0131 haklar\u0131 vard\u0131r. Ge\u00e7mi\u015fte bunlara kar\u015f\u0131 baz\u0131 yanl\u0131\u015fl\u0131klar yap\u0131lm\u0131\u015f, b\u00fcy\u00fck devlet olman\u0131n gere\u011fi bu yanl\u0131\u015fl\u0131klar\u0131 kabul etmek ve bu yanl\u0131\u015fl\u0131klardan vazge\u00e7ip bu yanl\u0131\u015fl\u0131klar s\u00fcrecinde olu\u015fmu\u015f olan yaralar\u0131 sarmakt\u0131r&#8221; dedi. Ba\u015fbakan&#8217;\u0131n s\u00f6ylediklerinin pratikte yans\u0131mas\u0131 var; K\u00fcrt\u00e7e yay\u0131n yapan televizyon, K\u00fcrt Dili ve Edebiyat\u0131 b\u00f6l\u00fcmlerinin a\u00e7\u0131lmas\u0131 \u00e7al\u0131\u015fmalar\u0131, Irak&#8217;taki K\u00fcrtlerle iyi ili\u015fkiler. \u015eu anda DTP&#8217;nin \u00f6n\u00fcndeyiz. Onlar\u0131n yapm\u0131\u015f oldu\u011fu sadece kamuoyunu tedirgin etmek ve manip\u00fclasyon yapmak.<\/p>\n<p style=\"text-align: justify;\">* <strong><em>Diyarbak\u0131r i\u00e7in DTP&#8217;nin kalesi deyimi var..<\/em>.<br \/>\n<\/strong>Diyarbak\u0131r kimsenin kalesi de\u011fil. Birilerinin &#8220;Buras\u0131 benim kalemdir&#8221; demesi yanl\u0131\u015f. Kale stat\u00fckoyu, muhafazak\u00e2rl\u0131\u011f\u0131, savunmay\u0131 belirler. Bana g\u00f6re bir kap\u0131d\u0131r. O kap\u0131 bar\u0131\u015f\u0131, diyalogu, ileti\u015fimi belirliyor.<\/p>\n<p style=\"text-align: justify;\">* <strong><em>Bar\u0131\u015f s\u00f6zc\u00fc\u011f\u00fcne vurgu yap\u0131yorsunuz. Sizin Diyarbak\u0131r Belediye Ba\u015fkan\u0131 se\u00e7ilmeniz buna nas\u0131l bir katk\u0131 sa\u011flar?<br \/>\n<\/em><\/strong>Bunu h\u0131zland\u0131r\u0131r. Yarataca\u011f\u0131 pozitif enerjiyle \u00e7at\u0131\u015fmas\u0131zl\u0131k, silahlar\u0131n b\u0131rak\u0131ld\u0131\u011f\u0131 d\u00f6neme h\u0131zl\u0131 ge\u00e7ilmesine b\u00fcy\u00fck katk\u0131 sa\u011flar. Kal\u0131c\u0131 bir bar\u0131\u015f\u0131n olu\u015fmas\u0131nda \u00f6nemli olur. \u00c7\u00fcnk\u00fc \u00e7at\u0131\u015fmal\u0131 ortamda sorunlar\u0131 \u00e7\u00f6zmek zordur.\n<\/p>\n<p style=\"text-align: justify;\"><span style=\"color: #888888;\">Kaynak : Sabah Gazetesi<\/span><\/p>\n","protected":false},"excerpt":{"rendered":"<p style=\"text-align: justify;\">\n<p style=\"text-align: justify;\">\n<p style=\"text-align: justify;\">Ba\u015fbakan&#8217;\u0131n &#8216;Atom Kar\u0131nca&#8217; diye tan\u0131mlad\u0131\u011f\u0131 Kutbettin Arzu: DTP&#8217;liler ortam\u0131 geriyor. Se\u00e7ilmem silahlar\u0131n b\u0131rak\u0131ld\u0131\u011f\u0131 d\u00f6neme h\u0131zl\u0131 ge\u00e7ilmesine ve bar\u0131\u015f\u0131n olu\u015fmas\u0131na b\u00fcy\u00fck bir katk\u0131 sa\u011flar.. 29 Mart yerel se\u00e7imlerine 1 aydan daha az bir s\u00fcre kal\u0131rken; \u00f6zellikle 4 b\u00fcy\u00fck kentte b\u00fcy\u00fck heyecan ve yar\u0131\u015f var: \u0130stanbul, Ankara, \u0130zmir ve <\/p>\n","protected":false},"author":1,"featured_media":0,"comment_status":"open","ping_status":"closed","sticky":false,"template":"","format":"standard","meta":{"footnotes":""},"categories":[105],"tags":[],"class_list":["post-4404","post","type-post","status-publish","format-standard","hentry","category-gundem","odd"],"_links":{"self":[{"href":"http:\/\/www.korhanyilmaz.com\/index.php?rest_route=\/wp\/v2\/posts\/4404","targetHints":{"allow":["GET"]}}],"collection":[{"href":"http:\/\/www.korhanyilmaz.com\/index.php?rest_route=\/wp\/v2\/posts"}],"about":[{"href":"http:\/\/www.korhanyilmaz.com\/index.php?rest_route=\/wp\/v2\/types\/post"}],"author":[{"embeddable":true,"href":"http:\/\/www.korhanyilmaz.com\/index.php?rest_route=\/wp\/v2\/users\/1"}],"replies":[{"embeddable":true,"href":"http:\/\/www.korhanyilmaz.com\/index.php?rest_route=%2Fwp%2Fv2%2Fcomments&post=4404"}],"version-history":[{"count":0,"href":"http:\/\/www.korhanyilmaz.com\/index.php?rest_route=\/wp\/v2\/posts\/4404\/revisions"}],"wp:attachment":[{"href":"http:\/\/www.korhanyilmaz.com\/index.php?rest_route=%2Fwp%2Fv2%2Fmedia&parent=4404"}],"wp:term":[{"taxonomy":"category","embeddable":true,"href":"http:\/\/www.korhanyilmaz.com\/index.php?rest_route=%2Fwp%2Fv2%2Fcategories&post=4404"},{"taxonomy":"post_tag","embeddable":true,"href":"http:\/\/www.korhanyilmaz.com\/index.php?rest_route=%2Fwp%2Fv2%2Ftags&post=4404"}],"curies":[{"name":"wp","href":"https:\/\/api.w.org\/{rel}","templated":true}]}}