{"id":44037,"date":"2011-12-13T15:10:03","date_gmt":"2011-12-13T13:10:03","guid":{"rendered":"http:\/\/www.korhanyilmaz.com\/?p=44037"},"modified":"2011-12-13T15:14:24","modified_gmt":"2011-12-13T13:14:24","slug":"cemaat-savaslari-basladi","status":"publish","type":"post","link":"http:\/\/www.korhanyilmaz.com\/?p=44037","title":{"rendered":"Cemaat sava\u015flar\u0131 ba\u015flad\u0131"},"content":{"rendered":"<p style=\"text-align: center;\"><a href=\"http:\/\/www.korhanyilmaz.com\/wp-content\/uploads\/2011\/12\/8033.jpg\"  class=\"lightview\"><img loading=\"lazy\" decoding=\"async\" class=\"aligncenter  wp-image-44038\" src=\"http:\/\/www.korhanyilmaz.com\/wp-content\/uploads\/2011\/12\/8033.jpg\" alt=\"\" width=\"276\" height=\"207\" \/><\/a><\/p>\n<p style=\"text-align: justify;\">C\u00fcbbeli Ahmet&#8217;in tutuklanmas\u0131, \u0130smaila\u011fa cemaatiyle G\u00fclen cemaatinin aras\u0131nda kavgan\u0131n fitilini ate\u015fledi.<\/p>\n<p style=\"text-align: justify;\">Cumhuriyet\/Ankara B\u00fcro- \u0130smaila\u011fa cemaatinin \u00f6nde gelen isimlerinden C\u00fcbbeli Ahmet\u2019in tutuklanmas\u0131 cemaat kavgas\u0131n\u0131n da fitilini ate\u015fledi. Zaman gazetesini sert dille ele\u015ftiren, cemaat kanal\u0131 STV\u2019deki dizileri izleyenleri \u201cg\u00e2vur olursunuz\u201d diye uyaran C\u00fcbbeli\u2019nin tutuklanmas\u0131ndan G\u00fclen cemaatini sorumlu tutan \u0130smaila\u011fa cemaati \u00fcyeleri, operasyonu \u201cokyanus \u00f6tesi\u201d diye niteledi. \u0130smaila\u011fa\u2019n\u0131n internet sitesinde G\u00fclen cemaaatine sert ele\u015ftiriler y\u00f6neltildi.\u00a0<!--more--><\/p>\n<p style=\"text-align: justify;\">Kamuoyunda \u201cC\u00fcbbeli Ahmet Hoca\u201d olarak tan\u0131nan Ahmet Mahmut \u00dcnl\u00fc\u2019n\u00fcn \u00e7ete operasyonu kapsam\u0131nda tutuklanmas\u0131, cemaat kavgalar\u0131n\u0131 da beraberinde getirdi. \u0130smaila\u011fa cemaatinin \u201cwww.ismailaga.info\u201d adresli internet sitesinde yay\u0131mlanan \u201cC\u00fcbbeli Hoca\u2019ya Y\u0131ld\u0131rma Operasyonu\u201d ba\u015fl\u0131kl\u0131 yaz\u0131da, ba\u015f\u0131ndan itibaren sosyal payla\u015f\u0131m sitelerinde yap\u0131lan yorumlardan olay\u0131n \u201cBu bir karalama ve sindirme operasyonudur, h\u00fck\u00fcmeti ele ge\u00e7iren diyalogcular\u0131n son hamlesidir\u201d kanaatinin olu\u015ftu\u011fu savunuldu. Yaz\u0131da, \u201cK\u00fc\u00e7\u00fck bir bo\u015flukta h\u00fck\u00fcmeti ele ge\u00e7irenler bak\u0131n nas\u0131l da i\u015flere kalk\u0131\u015f\u0131yor. H\u00fck\u00fcmeti elinde bulunduran as\u0131l g\u00fc\u00e7ler nas\u0131l da kar\u015f\u0131s\u0131ndaki engelleri tahrip ediyor. Okyanus dalgalar\u0131 bak\u0131n nas\u0131l T\u00fcrkiye\u2019ye vuruyor\u201d ifadesiyle isim verilmeden Fethullah G\u00fclen ve cemaati ele\u015ftirildi.<\/p>\n<p style=\"text-align: justify;\">Sitede yay\u0131mlanan \u201c\u0130smaila\u011fa Cemaati ve C\u00fcbbeli Hoca\u201d ba\u015fl\u0131kl\u0131 bir di\u011fer yaz\u0131da ise geli\u015fmelerin bir \u201ckomplo \u00fcr\u00fcn\u00fc\u201d oldu\u011fu savunulurak, \u201cEhli S\u00fcnnete Sahip \u00c7\u0131k M\u00fcsl\u00fcman\u201d ba\u015fl\u0131kl\u0131 bir \u015fiire yer verildi. \u015eiirin \u201cDiyalogcu, \u015fia, vehhabi \/ Sap\u0131k prof, bid\u2019at ehli \/ Tahrif etmeden dinini \/ Ehli s\u00fcnnete sahip \u00e7\u0131k M\u00fcsl\u00fcman!\u201d dizelerine yer verilmesi dikkat \u00e7ekti.<\/p>\n<p style=\"text-align: justify;\"><strong>\u2018STV izlerseniz g\u00e2vur olursunuz\u2019<\/strong><\/p>\n<p style=\"text-align: justify;\">C\u00fcbbeli Ahmet, zaman zaman G\u00fclen cemaatine y\u00f6nelik \u00e7\u0131k\u0131\u015flar\u0131yla g\u00fcndeme gelmi\u015fti. Cemaatiyle yapt\u0131\u011f\u0131 bir konu\u015fmada STV kanal\u0131na y\u00f6nelik ele\u015ftirilerde bulunan C\u00fcbbeli Ahmet, \u201cBunlar\u0131n \u0130slami kanallar\u0131nda fayda yok arkada\u015flar, \u0130slami gibi ge\u00e7inirler ama arkadan zehir zemberek\u201d demi\u015fti. C\u00fcbbeli Ahmet bir ba\u015fka konu\u015fmas\u0131nda isim vermeden ele\u015ftirilerini s\u00fcrd\u00fcrm\u00fc\u015f ve \u201c\u0130slami ge\u00e7indikleri halde bunlardan \u015fik\u00e2yet\u00e7iyiz. Adam buna para veriyor, evine \u00e7oluk \u00e7ocu\u011funa al\u0131yor, orada yaz\u0131yor \u0130slam\u0131n h\u00fck\u00fcmlerinin hepsi tatbik edilmesi gerekli de\u011fildir. Hangi gazete, onu da sen anla, herkesin evine giren gazete, bedava da\u011f\u0131t\u0131lanlardan, herkesi abone ediyorlar, herkese g\u00f6nderiyorlar\u201d diye konu\u015fmu\u015ftu.<\/p>\n<p style=\"text-align: justify;\"><span style=\"text-decoration: underline;\">Cemaat \u00fcyelerinin sitede yapt\u0131klar\u0131 yorumlar da G\u00fclen-\u0130smaila\u011fa kavgas\u0131n\u0131n boyutlar\u0131n\u0131 daha net g\u00f6zler \u00f6n\u00fcne seriyor. \u0130\u015fte o yorumlardan baz\u0131lar\u0131<\/span>:<\/p>\n<p style=\"text-align: justify;\">\u2022 Kim okyanus \u00f6tesine ili\u015fiyorsa ona hemen iftiralar ili\u015ftiriyorlar.<\/p>\n<p style=\"text-align: justify;\">\u2022 Her \u015fey okyanus \u00f6telerinden gelen haberlerle ba\u015flad\u0131 ve onun d\u00f6nek evlad\u0131 ta\u2026p her \u015feye eyvallah dedi. Evet AKP\u2019ye oy verdim \u0130slam i\u00e7in ama Allah \u015fahittir hakk\u0131m\u0131 helal etmiyorum.<\/p>\n<p style=\"text-align: justify;\">\u2022 \u015eunu \u00e7ok iyi biliyorum ki, bunca inananlar\u0131n ahlar\u0131 alt\u0131nda kalacak h\u00fck\u00fcmet ve \u0130srail i\u015fbirlik\u00e7ileri, okyanus \u00f6tesindeki \u015fantaj\u00e7\u0131 \u015fahsiyetler inananlar\u0131n ah\u0131 alt\u0131nda kalacak Allah\u2019\u0131n izniyle.<\/p>\n<p style=\"text-align: justify;\">\u2022 Mutlu musun AKP, mutlu musun Fethullah G\u00fclenciler, mutlu musun yanda\u015f medya, bundan sonra AKP bizlerden oyu r\u00fcyas\u0131nda bile alamaz. Tayyip\u2019ten de nefret ediyoruz art\u0131k.<\/p>\n<p style=\"text-align: justify;\">\u2022 H\u00fck\u00fcmet art\u0131k okyanus \u00f6tesinden y\u00f6nlendiriliyor herhalde. Adamlara bravo sonunda devleti ele ge\u00e7irdiler.<\/p>\n<p style=\"text-align: justify;\"><a href=\"http:\/\/www.cumhuriyet.com.tr\/?hn=300006&amp;kw=Cemaat+sava%FElar%FD+ba%FElad%FD\" target=\"_blank\">Kaynak : F\u0131rat Kozok &#8211; Cumhuriyet Haber Portal\u0131<\/a><\/p>\n","protected":false},"excerpt":{"rendered":"<p style=\"text-align: center;\">\n<p style=\"text-align: justify;\">C\u00fcbbeli Ahmet&#8217;in tutuklanmas\u0131, \u0130smaila\u011fa cemaatiyle G\u00fclen cemaatinin aras\u0131nda kavgan\u0131n fitilini ate\u015fledi.<\/p>\n<p style=\"text-align: justify;\">Cumhuriyet\/Ankara B\u00fcro- \u0130smaila\u011fa cemaatinin \u00f6nde gelen isimlerinden C\u00fcbbeli Ahmet\u2019in tutuklanmas\u0131 cemaat kavgas\u0131n\u0131n da fitilini ate\u015fledi. Zaman gazetesini sert dille ele\u015ftiren, cemaat kanal\u0131 STV\u2019deki dizileri izleyenleri \u201cg\u00e2vur olursunuz\u201d diye uyaran C\u00fcbbeli\u2019nin tutuklanmas\u0131ndan G\u00fclen cemaatini sorumlu tutan \u0130smaila\u011fa cemaati <\/p>\n","protected":false},"author":1,"featured_media":0,"comment_status":"open","ping_status":"open","sticky":false,"template":"","format":"standard","meta":{"footnotes":""},"categories":[105],"tags":[],"class_list":["post-44037","post","type-post","status-publish","format-standard","hentry","category-gundem","odd"],"_links":{"self":[{"href":"http:\/\/www.korhanyilmaz.com\/index.php?rest_route=\/wp\/v2\/posts\/44037","targetHints":{"allow":["GET"]}}],"collection":[{"href":"http:\/\/www.korhanyilmaz.com\/index.php?rest_route=\/wp\/v2\/posts"}],"about":[{"href":"http:\/\/www.korhanyilmaz.com\/index.php?rest_route=\/wp\/v2\/types\/post"}],"author":[{"embeddable":true,"href":"http:\/\/www.korhanyilmaz.com\/index.php?rest_route=\/wp\/v2\/users\/1"}],"replies":[{"embeddable":true,"href":"http:\/\/www.korhanyilmaz.com\/index.php?rest_route=%2Fwp%2Fv2%2Fcomments&post=44037"}],"version-history":[{"count":0,"href":"http:\/\/www.korhanyilmaz.com\/index.php?rest_route=\/wp\/v2\/posts\/44037\/revisions"}],"wp:attachment":[{"href":"http:\/\/www.korhanyilmaz.com\/index.php?rest_route=%2Fwp%2Fv2%2Fmedia&parent=44037"}],"wp:term":[{"taxonomy":"category","embeddable":true,"href":"http:\/\/www.korhanyilmaz.com\/index.php?rest_route=%2Fwp%2Fv2%2Fcategories&post=44037"},{"taxonomy":"post_tag","embeddable":true,"href":"http:\/\/www.korhanyilmaz.com\/index.php?rest_route=%2Fwp%2Fv2%2Ftags&post=44037"}],"curies":[{"name":"wp","href":"https:\/\/api.w.org\/{rel}","templated":true}]}}