{"id":44013,"date":"2011-12-12T15:42:03","date_gmt":"2011-12-12T13:42:03","guid":{"rendered":"http:\/\/www.korhanyilmaz.com\/?p=44013"},"modified":"2011-12-13T05:28:52","modified_gmt":"2011-12-13T03:28:52","slug":"moral-ziyaretinde-morali-bozuldu","status":"publish","type":"post","link":"http:\/\/www.korhanyilmaz.com\/?p=44013","title":{"rendered":"Moral ziyaretinde morali bozuldu"},"content":{"rendered":"<p style=\"text-align: center;\"><a href=\"http:\/\/www.korhanyilmaz.com\/wp-content\/uploads\/2011\/12\/8031.jpg\"  class=\"lightview\"><img loading=\"lazy\" decoding=\"async\" class=\"aligncenter  wp-image-44014\" src=\"http:\/\/www.korhanyilmaz.com\/wp-content\/uploads\/2011\/12\/8031.jpg\" alt=\"\" width=\"396\" height=\"180\" \/><\/a><\/p>\n<p style=\"text-align: justify;\">CHP eski Genel Ba\u015fkan\u0131, Antalya Milletvekili Deniz Baykal, operasyonlar\u0131n ard\u0131ndan \u0130zmir\u2019de CHP\u2019li belediyeleri ziyaret etti. Baykal&#8217;\u0131n \u0130zmir ziyareti s\u0131ras\u0131nda Antalya Belediyesi&#8217;ne yolsuzluk operasyonu d\u00fczenlendi.<\/p>\n<p style=\"text-align: justify;\">\u0130ZM\u0130R -CHP eski Genel Ba\u015fkan\u0131, Antalya Milletvekili Deniz Baykal, \u0130zmir\u2019de CHP\u2019li belediyeleri ziyaret etti. Her gitti\u011fi yerde partililerin genel ba\u015fkan gibi kar\u015f\u0131lad\u0131\u011f\u0131 Baykal, bas\u0131n mensuplar\u0131n\u0131n \u201cAday m\u0131s\u0131n\u0131z\u201d y\u00f6n\u00fcndeki sorusuna \u201cBenim aray\u0131\u015f i\u00e7ine girmem s\u00f6zkonusu olamaz. B\u00f6yle bir talebim yok. Benim tek iste\u011fim CHP\u2019nin iyi, g\u00fc\u00e7l\u00fc ba\u015far\u0131l\u0131 ve etkili olmas\u0131d\u0131r\u201d kar\u015f\u0131l\u0131\u011f\u0131n\u0131 verdi.\u00a0<!--more--><\/p>\n<p style=\"text-align: justify;\">Baykal, operasyonlar nedeniyle zor g\u00fcnler ge\u00e7iren \u0130zmir B\u00fcy\u00fck\u015fehir Belediye Ba\u015fkan\u0131 Aziz Kocao\u011flu\u2019nu makam\u0131nda ziyaret edip, \u201cYaln\u0131z de\u011filsin. Bu sizin de\u011fil \u0130zmir\u2019in kaderidir\u201d dedi.<\/p>\n<p style=\"text-align: justify;\">\u0130zmir\u2019e cuma ak\u015fam\u0131 gelerek partililerle g\u00f6r\u00fc\u015fen CHP eski Genel Ba\u015fkan\u0131 Deniz Baykal, metropol s\u0131n\u0131rlar\u0131ndaki CHP\u2019li belediyeleri ziyaret etmeden \u00f6nce g\u00fcne Buca G\u00f6let\u2019te kahvalt\u0131 ile ba\u015flad\u0131. Kahvalt\u0131ya Mehmet Sevigen, Buca, Kar\u015f\u0131yaka, Konak belediye ba\u015fkanlar\u0131, \u0130zmir eski milletvekilleri Ahmet Ersin, T\u00fcrkan Mi\u00e7oo\u011fullar\u0131\u2019n\u0131n yan\u0131s\u0131ra Buca, Kar\u015f\u0131yaka ve Konak belediyelerinin baz\u0131 meclis \u00fcyeleri kat\u0131ld\u0131. Baykal daha sonra ev sahibi Buca Belediye Ba\u015fkan\u0131 Ercan Tat\u0131\u2019y\u0131 makam\u0131nda ziyaret etti.<\/p>\n<p style=\"text-align: justify;\">\u0130zmir \u0130l Genel Meclisi Ba\u015fkan\u0131 Serdar De\u011firmenci\u2019yi makam\u0131nda ziyaret eden Baykal, 30 il\u00e7e 597 k\u00f6y\u00fc olan \u0130zmir \u0130l \u00d6zel \u0130daresi\u2019nin 160 milyon liral\u0131k b\u00fct\u00e7enin yetersizli\u011fine dikkat \u00e7ekti. Burada bas\u0131n mensuplar\u0131n\u0131n \u201cAday m\u0131s\u0131n\u0131z\u201d sorusunu y\u00f6neltti\u011fi Baykal, \u015f\u00f6yle konu\u015ftu:<\/p>\n<p style=\"text-align: justify;\"><strong>CHP DAHA \u0130Y\u0130 OLSUN \u0130ST\u0130YORUZ<\/strong><\/p>\n<p style=\"text-align: justify;\">\u201cBenim CHP\u2019de genel ba\u015fkan adayl\u0131\u011f\u0131 talep etmem genel ba\u015fkanl\u0131\u011f\u0131 \u015fahsen arzu ederek harekete ge\u00e7mem gibi bir durum \u00e7ok gerilerde kalm\u0131\u015ft\u0131r. CHP\u2019nin kapat\u0131lmas\u0131ndan sonra yeniden a\u00e7\u0131lmas\u0131 d\u00f6neminde tarihi bir sorumluluk \u00fcstlendik. CHP\u2019nin kurulmas\u0131n\u0131 ger\u00e7ekle\u015ftirdik. 18 y\u0131l genel ba\u015fkanl\u0131k yapt\u0131m. Bir siyaset\u00e7inin insan olarak ya\u015fayabilece\u011fi en b\u00fcy\u00fck mutlulu\u011fu ya\u015fad\u0131k. Partim beni en y\u00fcksek \u00f6l\u00e7\u00fcde onurland\u0131rd\u0131 \u015fereflendirdi. Bu konuda hi\u00e7bir eksi\u011fim, takvim ihtiyac\u0131m, aray\u0131\u015f\u0131m s\u00f6zkonusu de\u011fil.<\/p>\n<p style=\"text-align: justify;\">Benim aray\u0131\u015f i\u00e7ine girmem s\u00f6zkonusu olamaz. B\u00f6yle bir talebim yok. Benim tek iste\u011fim CHP\u2019nin iyi, g\u00fc\u00e7l\u00fc, ba\u015far\u0131l\u0131 ve etkili olmas\u0131d\u0131r. Bunu isterim. Ben g\u00f6revdeyken bunu ger\u00e7ekle\u015ftirdim. Tablo ortadad\u0131r. Bizim durumumuz AKP\u2019nin durumu ve konjenkt\u00fcr ortadad\u0131r. Oradan daha ileriye g\u00f6t\u00fcrmek hepimiz g\u00f6revi. CHP daha iyi olsun istiyoruz. CHP\u2019nin kar\u015f\u0131la\u015ft\u0131\u011f\u0131 sorunlar kar\u015f\u0131s\u0131nda bazen uyar\u0131 bazen ele\u015ftiri yapar\u0131z, bazen destek veririz. \u015eu anda da o \u00e7er\u00e7evede bir g\u00f6rev yap\u0131yorum. \u0130zmir CHP ve T\u00fcrkiye i\u00e7in \u00e7ok \u00f6nemli bir yer.<\/p>\n<p style=\"text-align: justify;\">CHP\u2019ye y\u00f6nelik haks\u0131z bask\u0131lar\u0131 etkisiz k\u0131lmaya \u00e7al\u0131\u015f\u0131yoruz. CHP olarak bir dayan\u0131\u015fmaya ihtiya\u00e7 var. O nedenle ben \u0130zmir\u2019e yapt\u0131\u011f\u0131m bu ziyarette CHP\u2019lilerin kayna\u015fmas\u0131n\u0131 istedim. Ona y\u00f6nelik bir \u00e7al\u0131\u015fma yapabilirsek \u0130zmir\u2019e geleyim dedim. Bana b\u00f6yle bir olay\u0131n rahatl\u0131kla ger\u00e7ekle\u015ftirilebilece\u011fi s\u00f6ylendi. T\u00fcm bu duygular\u0131 kavrayarak CHP\u2019nin \u0130zmir b\u00fct\u00fcnle\u015fmesine destek i\u00e7in geldim. Ayr\u0131\u015fma gayreti s\u00f6zkonusu de\u011fil. Bunu anlamas\u0131 gereken herkes do\u011fru bir \u015fekilde anlam\u0131\u015ft\u0131r. \u015eahsi bir aray\u0131\u015f\u0131m s\u00f6zkonusu de\u011fil. Ben partim iyi olsun isterim.\u201d<\/p>\n<p style=\"text-align: justify;\"><strong>BEL\u0130RLENEN PROGRAMA UYUYORUZ<\/strong><\/p>\n<p style=\"text-align: justify;\">Baykal, bug\u00fcn saat 10.30\u2019da CHP \u0130zmir \u0130l Ba\u015fkanl\u0131\u011f\u0131\u2019na yapaca\u011f\u0131 ziyaretin programdan \u00e7\u0131kar\u0131lmas\u0131n\u0131 ve \u0130l Ba\u015fkan\u0131 Tacettin Bay\u0131r\u2019\u0131n \u201cBurada g\u00f6rmek isterdik\u201d y\u00f6n\u00fcndeki s\u00f6zlerine \u015f\u00f6yle yan\u0131t verdi:<\/p>\n<p style=\"text-align: justify;\">\u201cBu konular\u0131 zaman\u0131nda program haz\u0131rlan\u0131rken gereken iyi niyetli i\u015fbirli\u011fini sergileyerek \u00e7\u00f6zmek gerekirdi. Ben buraya gelmeden \u00f6nce gerek Y\u0131lmaz Ate\u015f Ankara\u2019da, gerek Kemal Karata\u015f burada bu program\u0131 olu\u015fturmak i\u00e7in yetkililerle geni\u015f temaslar yapt\u0131. Biz her yeri ziyaret etmek istedik. Herkesle kucakla\u015fma ve dayan\u0131\u015fma \u015fans\u0131n\u0131 kullanmak istedik. Ortaya \u00e7\u0131kan sorunlar hakk\u0131nda size bilgi verilir. Yap\u0131lan program\u0131 biz aynen uyguluyoruz. Program de\u011fi\u015ftirildi diye bir \u015fey yok. Program bizim g\u00f6nl\u00fcm\u00fczce belki yap\u0131lmam\u0131\u015f olabilir.\u201d<\/p>\n<p style=\"text-align: justify;\"><strong>BASIN TOPLANTISININ SAAT\u0130N\u0130 DE\u011e\u0130\u015eT\u0130RMED\u0130LER<\/strong><\/p>\n<p style=\"text-align: justify;\">Baykal\u2019\u0131n \u0130zmir program\u0131n\u0131 haz\u0131rlayan CHP eski \u0130zmir \u0130l Ba\u015fkan\u0131 Kemal Karata\u015f ise CHP \u0130zmir \u0130l Ba\u015fkanl\u0131\u011f\u0131\u2019n\u0131 s\u00f6zl\u00fc ve yaz\u0131l\u0131 olarak bilgilendirerek randevu talep etti\u011fini, ancak bas\u0131n toplant\u0131s\u0131 nedeniyle ziyaret saatinin de\u011fi\u015ftirilmesinin istendi\u011fini, bu m\u00fcmk\u00fcn olmad\u0131\u011f\u0131 i\u00e7in de ziyaretin ger\u00e7ekle\u015fmedi\u011fini \u015fu s\u00f6zlerle anlatt\u0131:<\/p>\n<p style=\"text-align: justify;\">\u201cBaykal\u2019\u0131n \u0130zmir ziyareti kesinle\u015ftikten sonra program haz\u0131rlarken \u0130l Ba\u015fkanl\u0131\u011f\u0131\u2019na da yaz\u0131l\u0131 olarak bildirdim. Havaliman\u0131na kar\u015f\u0131lamaya belediye ba\u015fkanlar\u0131n\u0131n gelece\u011fini kendisinin gelip gelmeyece\u011fini sordum. Bana, \u201cbeni herkes ar\u0131yor. Gelirsek g\u00f6r\u00fcrs\u00fcn\u00fcz gelmezsek gelmemi\u015fsizdir\u2019 dedi. Buna ra\u011fmen yaz\u0131l\u0131 olarak programa devam ettim. Bir g\u00fcn kala beni partide g\u00f6revli memur sekreter arayarak \u0130l Ba\u015fkan\u0131\u2019n\u0131n bir bas\u0131n toplant\u0131s\u0131 oldu\u011funu onlara bildirdi\u011fimiz saatin de\u011fi\u015ftirilmesi talebini iletti. Program yo\u011fun oldu\u011fundan bunu de\u011fi\u015ftirmenin m\u00fcmk\u00fcn olmad\u0131\u011f\u0131n\u0131, kendilerinin bas\u0131n toplant\u0131s\u0131 saatini de\u011fi\u015ftirmelerinin daha do\u011fru oldu\u011funu d\u00fc\u015f\u00fcncemi aktarmama ra\u011fmen bize geri d\u00f6n\u00fc\u015f olmad\u0131.\u201d<\/p>\n<p style=\"text-align: justify;\"><strong>YALNIZ DE\u011e\u0130LS\u0130N<\/strong><\/p>\n<p style=\"text-align: justify;\">Baykal, operasyonlar nedeniyle zor g\u00fcnler ge\u00e7iren \u0130zmir B\u00fcy\u00fck\u015fehir Belediye Ba\u015fkan\u0131 Aziz Kocao\u011flu\u2019nu makam\u0131nda ziyaret etti. Kocao\u011flu, \u201cSizi \u0130zmir\u2019de g\u00f6rmekten a\u011f\u0131rlamaktan son derece mutluyuz. \u0130zmir ziyaretiniz i\u00e7inde bizim bu sorunlu g\u00fcn\u00fcm\u00fczde bize destek vermeniz bizi \u00e7ok mutlu etti. Sonsuz te\u015fekk\u00fcr ediyorum. Sayg\u0131lar sunuyorum\u201d dedi. CHP eski Genel Ba\u015fkan\u0131 Baykal, \u201cYaln\u0131z de\u011filsin\u201d dedi\u011fi Kocao\u011flu\u2019na \u015fu s\u00f6zlerle moral verdi:<\/p>\n<p style=\"text-align: justify;\">\u201cBa\u015fkan g\u00fcler y\u00fczle beni kar\u015f\u0131l\u0131yor. Bu tebess\u00fcm sana yak\u0131\u015f\u0131yor. Y\u00fcz\u00fcndeki bu tebess\u00fcm\u00fc sak\u0131n ha kald\u0131rma. Ya\u015famakta oldu\u011fumuz ac\u0131 olaylar \u00fcz\u00fcnt\u00fc vericidir. Vakur ve a\u011f\u0131rba\u015fl\u0131 tav\u0131r tak\u0131nma ihtiyac\u0131 hissedebilirsin ama biz seni g\u00fcler y\u00fczl\u00fc g\u00f6rmek istiyoruz. B\u00fct\u00fcn bu olaylara ra\u011fmen bu olaylar\u0131n \u00fcst\u00fcnde bunlara tepeden bakabilen bunlardan etkilenmemi\u015f umudunu koruyan ve \u0130zmir halk\u0131na o g\u00fcveni telkin eden bir tatl\u0131 tebess\u00fcm i\u00e7inde seni g\u00f6rmek istiyoruz. Elbette bundan dolay\u0131 b\u00fcy\u00fck \u00fcz\u00fcnt\u00fcler ya\u015fan\u0131yor ve hepimize d\u00fc\u015fen g\u00f6rev umudunu g\u00fcvenini inanc\u0131n\u0131 iyimserli\u011fini kaybetmemek y\u00fcz\u00fcndeki tebess\u00fcm\u00fc soldurmamakt\u0131r. Buna herkesin ihtiyac\u0131 var. Pek \u00e7ok insan b\u00fcy\u00fck ac\u0131lar ya\u015f\u0131yor.<\/p>\n<p style=\"text-align: justify;\">Mustafa Balbay bin g\u00fcn\u00fcn\u00fc tamamlad\u0131. Beraatla sonu\u00e7lanacak bir yarg\u0131 s\u00fcreci ortada. Ciddi bir delil yok su\u00e7 yok ama bin g\u00fcnd\u00fcr i\u00e7erde. Pek \u00e7ok insan aylarca y\u0131llarca g\u00f6zalt\u0131na kal\u0131yor, tutuklu kal\u0131yor, bu ac\u0131lar ya\u015fan\u0131yor. Bazen o ki\u015fi bazen bu ki\u015fi ac\u0131 ya\u015f\u0131yor ama bunlar gelece\u011fe umutla bakmam\u0131za engel olmamal\u0131. B\u00f6yle d\u00f6nemler ya\u015fand\u0131. Ba\u015fkan&#8217;a en k\u0131sa d\u00f6nemde bunlar\u0131 a\u015farak hat etti\u011fi ruh ferahl\u0131\u011f\u0131na kavu\u015faca\u011f\u0131na inan\u0131yorum. Yaln\u0131z de\u011filsiniz Say\u0131n Ba\u015fkan. T\u00fcrkiye\u2019nin her yerinde milyonlarca insan burada ya\u015fananlar\u0131n neden ya\u015fand\u0131\u011f\u0131n\u0131 biliyor. Bu sizin de\u011fil \u0130zmir\u2019in kaderidir. Ankara\u2019daki siyasi m\u00fccadelenin verilemeyen cevaplar\u0131n\u0131n \u0130zmir \u00fczerinden verilme s\u00fcreci bu. Bunlar\u0131n fark\u0131nday\u0131z. \u0130n\u015fallah bug\u00fcnleri a\u015far\u0131z.\u201d<\/p>\n<p style=\"text-align: justify;\"><strong>DEMOKRAS\u0130 VE NEZAKET DERS\u0130 M\u0130 VEREL\u0130M<\/strong><\/p>\n<p style=\"text-align: justify;\">CHP eski Genel Ba\u015fkan\u0131 Deniz Baykal, Ula\u015ft\u0131rma Bakan\u0131 Binali Y\u0131ld\u0131r\u0131m\u2019\u0131n CHP\u2019li belediyeleri kastederek, \u201c\u0130zmir\u2019in yakas\u0131ndan d\u00fc\u015f\u00fcn art\u0131k\u201d s\u00f6zlerini de \u015f\u00f6yle yan\u0131t verdi:<\/p>\n<p style=\"text-align: justify;\">\u201cSay\u0131n Ba\u015fkan \u0130zmir halk\u0131n\u0131n g\u00f6revlendirdi\u011fi bir insan. Onu oraya onun bunun keyfi, takdiri, k\u0131zg\u0131nl\u0131\u011f\u0131, tepkisi getirmedi. \u0130zmir halk\u0131n\u0131n bilin\u00e7li, defalarca ortaya \u00e7\u0131km\u0131\u015f olan iradesi onu buraya getirdi. Herkes \u00f6nce buna sayg\u0131 g\u00f6stermeyi \u00f6\u011frenecektir. \u00d6nce bu iradeye \u0130zmir\u2019i bu anlay\u0131\u015fa ta\u015f\u0131yan iradeye sayg\u0131 g\u00f6stermeyi \u00f6\u011frenecektir. Ben tekrar ifade ediyorum Say\u0131n bakana yak\u0131\u015ft\u0131ramad\u0131m bu \u00fcslubu. AKP yetkililerinden \u0130zmir\u2019e kar\u015f\u0131 \u00f6zensiz, sald\u0131rgan, a\u011f\u0131r, su\u00e7lay\u0131c\u0131, yak\u0131\u015f\u0131ks\u0131z ifadeler duymaya al\u0131\u015ft\u0131k.<\/p>\n<p style=\"text-align: justify;\">Ama say\u0131n bakan\u0131n bu konuda daha bir \u00f6zenli, daha bir dikkatli olmas\u0131 gerekirdi. Kendisine o yak\u0131\u015f\u0131rd\u0131, onu beklerdim. Ger\u00e7ekten hi\u00e7 uygun de\u011fil. \u0130zmir\u2019i bir yerden d\u00fc\u015f\u00fcrmeye kimsenin g\u00fcc\u00fc yetmez, kimsenin haddi de\u011fildir. \u0130zmir oldu\u011fu yere nas\u0131l gelmi\u015f bunu hepimiz \u00e7ok iyi biliyoruz. Herkes buna sayg\u0131 g\u00f6sterecek. \u0130zmir\u2019in \u00f6zg\u00fcr siyasi iradesini, siyasi tercihin sayg\u0131 g\u00f6stermesini \u00f6\u011frenecek. Demokrasi dersi mi verelim? Nezaket dersi mi verelim.\u201d<\/p>\n<p style=\"text-align: justify;\"><a href=\"http:\/\/www.gazeteport.com.tr\/haber\/67873\/baykaldan_izmire_moral_ziyareti\" target=\"_blank\">Kaynak : GAZETEPORT<\/a><\/p>\n","protected":false},"excerpt":{"rendered":"<p style=\"text-align: center;\">\n<p style=\"text-align: justify;\">CHP eski Genel Ba\u015fkan\u0131, Antalya Milletvekili Deniz Baykal, operasyonlar\u0131n ard\u0131ndan \u0130zmir\u2019de CHP\u2019li belediyeleri ziyaret etti. Baykal&#8217;\u0131n \u0130zmir ziyareti s\u0131ras\u0131nda Antalya Belediyesi&#8217;ne yolsuzluk operasyonu d\u00fczenlendi.<\/p>\n<p style=\"text-align: justify;\">\u0130ZM\u0130R -CHP eski Genel Ba\u015fkan\u0131, Antalya Milletvekili Deniz Baykal, \u0130zmir\u2019de CHP\u2019li belediyeleri ziyaret etti. Her gitti\u011fi yerde partililerin genel ba\u015fkan gibi kar\u015f\u0131lad\u0131\u011f\u0131 Baykal, bas\u0131n <\/p>\n","protected":false},"author":1,"featured_media":0,"comment_status":"open","ping_status":"open","sticky":false,"template":"","format":"standard","meta":{"footnotes":""},"categories":[105],"tags":[],"class_list":["post-44013","post","type-post","status-publish","format-standard","hentry","category-gundem","odd"],"_links":{"self":[{"href":"http:\/\/www.korhanyilmaz.com\/index.php?rest_route=\/wp\/v2\/posts\/44013","targetHints":{"allow":["GET"]}}],"collection":[{"href":"http:\/\/www.korhanyilmaz.com\/index.php?rest_route=\/wp\/v2\/posts"}],"about":[{"href":"http:\/\/www.korhanyilmaz.com\/index.php?rest_route=\/wp\/v2\/types\/post"}],"author":[{"embeddable":true,"href":"http:\/\/www.korhanyilmaz.com\/index.php?rest_route=\/wp\/v2\/users\/1"}],"replies":[{"embeddable":true,"href":"http:\/\/www.korhanyilmaz.com\/index.php?rest_route=%2Fwp%2Fv2%2Fcomments&post=44013"}],"version-history":[{"count":0,"href":"http:\/\/www.korhanyilmaz.com\/index.php?rest_route=\/wp\/v2\/posts\/44013\/revisions"}],"wp:attachment":[{"href":"http:\/\/www.korhanyilmaz.com\/index.php?rest_route=%2Fwp%2Fv2%2Fmedia&parent=44013"}],"wp:term":[{"taxonomy":"category","embeddable":true,"href":"http:\/\/www.korhanyilmaz.com\/index.php?rest_route=%2Fwp%2Fv2%2Fcategories&post=44013"},{"taxonomy":"post_tag","embeddable":true,"href":"http:\/\/www.korhanyilmaz.com\/index.php?rest_route=%2Fwp%2Fv2%2Ftags&post=44013"}],"curies":[{"name":"wp","href":"https:\/\/api.w.org\/{rel}","templated":true}]}}